{"id":2065,"date":"2017-08-21T09:16:34","date_gmt":"2017-08-21T07:16:34","guid":{"rendered":"http:\/\/reiseblock.ch\/?p=2065"},"modified":"2017-09-11T10:08:45","modified_gmt":"2017-09-11T08:08:45","slug":"seleger-moor-dreijahreszeiten-park","status":"publish","type":"post","link":"https:\/\/reiseblock.ch\/wordpress\/seleger-moor-dreijahreszeiten-park\/","title":{"rendered":"Seleger Moor: Dreijahreszeiten-Park in Rifferswil"},"content":{"rendered":"<div id=\"attachment_2069\" style=\"width: 810px\" class=\"wp-caption alignleft\"><img loading=\"lazy\" decoding=\"async\" aria-describedby=\"caption-attachment-2069\" class=\"size-full wp-image-2069\" src=\"http:\/\/reiseblock.ch\/wordpress\/wp-content\/uploads\/2017\/08\/Seleger_Moor_1.jpg\" alt=\"Unterwegs im Seleger Moor\" width=\"800\" height=\"533\" srcset=\"https:\/\/reiseblock.ch\/wordpress\/wp-content\/uploads\/2017\/08\/Seleger_Moor_1.jpg 800w, https:\/\/reiseblock.ch\/wordpress\/wp-content\/uploads\/2017\/08\/Seleger_Moor_1-300x200.jpg 300w, https:\/\/reiseblock.ch\/wordpress\/wp-content\/uploads\/2017\/08\/Seleger_Moor_1-768x512.jpg 768w\" sizes=\"auto, (max-width: 800px) 100vw, 800px\" \/><p id=\"caption-attachment-2069\" class=\"wp-caption-text\">Unterwegs im Seleger Moor<\/p><\/div>\n<p><span style=\"font-family: Book Antiqua,Palatino; font-size: 12pt;\">Lange hat es gedauert, bis ich das Seleger Moor mal in natura besucht habe. Oft schon vorbeigefahren, oft schon davon geh\u00f6rt \u2013 an einem sonnigen Fr\u00fchlingstag war es soweit. <\/span><\/p>\n<p><!--more--><\/p>\n<p><span style=\"font-family: Book Antiqua,Palatino; font-size: 12pt;\">Die Anfahrt mit dem Postauto ist einfach, der Bus h\u00e4lt gleich beim Naturpark. Ich habe die Variante zu Fuss gew\u00e4hlt, f\u00fchrt der Wanderweg zwischen Hausen a.A. und Rifferswil doch direkt hier vorbei. In der Umgebung gibt es zahlreiche Wandervarianten, die man mit einem Besuch des Ortes verbinden kann.<\/span><\/p>\n<p><span style=\"font-family: Book Antiqua,Palatino; font-size: 12pt;\">Der Eintritt ist kostenpflichtig. Im Park selbst findet man verschiedene Bereiche: Teiche, G\u00e4rten, Entdeckerwege, ein Beizli, Grillstelle usw. \u2013 nicht zu vergessen die verschiedenen Pflanzen, die je nach Saison bl\u00fchen. Auch Nicht-Pflanzenkennerinnen finden hier garantiert die eine oder andere besonders sch\u00f6ne Ecke zum Verweilen.<\/span><\/p>\n<div id=\"attachment_2072\" style=\"width: 810px\" class=\"wp-caption alignleft\"><img loading=\"lazy\" decoding=\"async\" aria-describedby=\"caption-attachment-2072\" class=\"size-full wp-image-2072\" src=\"http:\/\/reiseblock.ch\/wordpress\/wp-content\/uploads\/2017\/08\/Seleger_Moor_4.jpg\" alt=\"Weisse Rhododendron\" width=\"800\" height=\"533\" srcset=\"https:\/\/reiseblock.ch\/wordpress\/wp-content\/uploads\/2017\/08\/Seleger_Moor_4.jpg 800w, https:\/\/reiseblock.ch\/wordpress\/wp-content\/uploads\/2017\/08\/Seleger_Moor_4-300x200.jpg 300w, https:\/\/reiseblock.ch\/wordpress\/wp-content\/uploads\/2017\/08\/Seleger_Moor_4-768x512.jpg 768w\" sizes=\"auto, (max-width: 800px) 100vw, 800px\" \/><p id=\"caption-attachment-2072\" class=\"wp-caption-text\">Weisse Rhododendron<\/p><\/div>\n<p><span style=\"font-size: 12pt; font-family: Book Antiqua,Palatino;\">Gegr\u00fcndet wurde das Seleger Moor von Robert Seleger. Er entdeckte hier in den 50er-Jahren einen idealen Boden f\u00fcr verschiedene Pflanzen und liess eine traumhafte Landschaft entstehen, die er in einem weiteren Schritt der \u00d6ffentlichkeit zug\u00e4nglich machte. Der Naturpark wurde in eine Stiftung \u00fcberf\u00fchrt und heute durch ein Patronat der Migros-Genossenschaft erg\u00e4nzt. Der Gr\u00fcnder starb im Jahr 2000.<\/span><\/p>\n<div id=\"attachment_2070\" style=\"width: 810px\" class=\"wp-caption alignleft\"><img loading=\"lazy\" decoding=\"async\" aria-describedby=\"caption-attachment-2070\" class=\"size-full wp-image-2070\" src=\"http:\/\/reiseblock.ch\/wordpress\/wp-content\/uploads\/2017\/08\/Seleger_Moor_2.jpg\" alt=\"Teiche im Seleger Moor in Rifferswil\" width=\"800\" height=\"533\" srcset=\"https:\/\/reiseblock.ch\/wordpress\/wp-content\/uploads\/2017\/08\/Seleger_Moor_2.jpg 800w, https:\/\/reiseblock.ch\/wordpress\/wp-content\/uploads\/2017\/08\/Seleger_Moor_2-300x200.jpg 300w, https:\/\/reiseblock.ch\/wordpress\/wp-content\/uploads\/2017\/08\/Seleger_Moor_2-768x512.jpg 768w\" sizes=\"auto, (max-width: 800px) 100vw, 800px\" \/><p id=\"caption-attachment-2070\" class=\"wp-caption-text\">Teiche im Seleger Moor in Rifferswil<\/p><\/div>\n<p><span style=\"font-family: Book Antiqua,Palatino;\"><span style=\"font-size: 12pt;\">Wer das Seleger Moor, ge\u00f6ffnet von Fr\u00fchling bis Herbst, besuchen m\u00f6chte, dem sei vorerst ein Besuch auf der informativen <a href=\"http:\/\/www.selegermoor.ch\" target=\"_blank\" rel=\"noopener\">Website<\/a> empfohlen. Hier findet man auch den aktuellen Bl\u00fctenstand. Ein einzelner Besuch gen\u00fcgt nicht, der Herbst wird genauso einladend sein wie der Fr\u00fchling.<\/span> <\/span><\/p>\n<p>&nbsp;<\/p>\n","protected":false},"excerpt":{"rendered":"<p>Lange hat es gedauert, bis ich das Seleger Moor mal in natura besucht habe. Oft schon vorbeigefahren, oft schon davon geh\u00f6rt \u2013 an einem sonnigen [&#8230;]<\/p>\n","protected":false},"author":1,"featured_media":2069,"comment_status":"open","ping_status":"open","sticky":false,"template":"","format":"standard","meta":{"footnotes":""},"categories":[8],"tags":[46,62,253,254,252,251],"class_list":["post-2065","post","type-post","status-publish","format-standard","has-post-thumbnail","hentry","category-tipp","tag-albis","tag-blumen","tag-naturlandschaft","tag-park","tag-rifferswil","tag-seleger-moor"],"yoast_head":"<!-- This site is optimized with the Yoast SEO plugin v27.8 - https:\/\/yoast.com\/product\/yoast-seo-wordpress\/ -->\n<title>Seleger Moor: Dreijahreszeiten-Park in Rifferswil &#8211; Reiseblock<\/title>\n<meta name=\"description\" content=\"Das Seleger Moor in Rifferswil im Kanton Z\u00fcrich bietet von Fr\u00fchling bis Herbst eine Blumenpracht in einer speziellen Naturlandschaft.\" \/>\n<meta name=\"robots\" content=\"index, follow, max-snippet:-1, max-image-preview:large, max-video-preview:-1\" \/>\n<link rel=\"canonical\" href=\"https:\/\/reiseblock.ch\/wordpress\/seleger-moor-dreijahreszeiten-park\/\" \/>\n<meta property=\"og:locale\" content=\"de_DE\" \/>\n<meta property=\"og:type\" content=\"article\" \/>\n<meta property=\"og:title\" content=\"Seleger Moor: Dreijahreszeiten-Park in Rifferswil &#8211; Reiseblock\" \/>\n<meta property=\"og:description\" content=\"Das Seleger Moor in Rifferswil im Kanton Z\u00fcrich bietet von Fr\u00fchling bis Herbst eine Blumenpracht in einer speziellen Naturlandschaft.\" \/>\n<meta property=\"og:url\" content=\"https:\/\/reiseblock.ch\/wordpress\/seleger-moor-dreijahreszeiten-park\/\" \/>\n<meta property=\"og:site_name\" content=\"Reiseblock\" \/>\n<meta property=\"article:published_time\" content=\"2017-08-21T07:16:34+00:00\" \/>\n<meta property=\"article:modified_time\" content=\"2017-09-11T08:08:45+00:00\" \/>\n<meta property=\"og:image\" content=\"https:\/\/reiseblock.ch\/wordpress\/wp-content\/uploads\/2017\/08\/Seleger_Moor_1.jpg\" \/>\n\t<meta property=\"og:image:width\" content=\"800\" \/>\n\t<meta property=\"og:image:height\" content=\"533\" \/>\n\t<meta property=\"og:image:type\" content=\"image\/jpeg\" \/>\n<meta name=\"author\" content=\"admin\" \/>\n<meta name=\"twitter:label1\" content=\"Verfasst von\" \/>\n\t<meta name=\"twitter:data1\" content=\"admin\" \/>\n\t<meta name=\"twitter:label2\" content=\"Gesch\u00e4tzte Lesezeit\" \/>\n\t<meta name=\"twitter:data2\" content=\"1\u00a0Minute\" \/>\n<script type=\"application\/ld+json\" class=\"yoast-schema-graph\">{\"@context\":\"https:\\\/\\\/schema.org\",\"@graph\":[{\"@type\":\"Article\",\"@id\":\"https:\\\/\\\/reiseblock.ch\\\/wordpress\\\/seleger-moor-dreijahreszeiten-park\\\/#article\",\"isPartOf\":{\"@id\":\"https:\\\/\\\/reiseblock.ch\\\/wordpress\\\/seleger-moor-dreijahreszeiten-park\\\/\"},\"author\":{\"name\":\"admin\",\"@id\":\"https:\\\/\\\/reiseblock.ch\\\/wordpress\\\/#\\\/schema\\\/person\\\/739b103f8e7941f579794d17e2187721\"},\"headline\":\"Seleger Moor: Dreijahreszeiten-Park in Rifferswil\",\"datePublished\":\"2017-08-21T07:16:34+00:00\",\"dateModified\":\"2017-09-11T08:08:45+00:00\",\"mainEntityOfPage\":{\"@id\":\"https:\\\/\\\/reiseblock.ch\\\/wordpress\\\/seleger-moor-dreijahreszeiten-park\\\/\"},\"wordCount\":277,\"commentCount\":0,\"publisher\":{\"@id\":\"https:\\\/\\\/reiseblock.ch\\\/wordpress\\\/#\\\/schema\\\/person\\\/eafba14374f16d5fa4f73efd49243014\"},\"image\":{\"@id\":\"https:\\\/\\\/reiseblock.ch\\\/wordpress\\\/seleger-moor-dreijahreszeiten-park\\\/#primaryimage\"},\"thumbnailUrl\":\"https:\\\/\\\/reiseblock.ch\\\/wordpress\\\/wp-content\\\/uploads\\\/2017\\\/08\\\/Seleger_Moor_1.jpg\",\"keywords\":[\"Albis\",\"Blumen\",\"Naturlandschaft\",\"Park\",\"Rifferswil\",\"Seleger Moor\"],\"articleSection\":[\"Tipp\"],\"inLanguage\":\"de\",\"potentialAction\":[{\"@type\":\"CommentAction\",\"name\":\"Comment\",\"target\":[\"https:\\\/\\\/reiseblock.ch\\\/wordpress\\\/seleger-moor-dreijahreszeiten-park\\\/#respond\"]}]},{\"@type\":\"WebPage\",\"@id\":\"https:\\\/\\\/reiseblock.ch\\\/wordpress\\\/seleger-moor-dreijahreszeiten-park\\\/\",\"url\":\"https:\\\/\\\/reiseblock.ch\\\/wordpress\\\/seleger-moor-dreijahreszeiten-park\\\/\",\"name\":\"Seleger Moor: Dreijahreszeiten-Park in Rifferswil &#8211; Reiseblock\",\"isPartOf\":{\"@id\":\"https:\\\/\\\/reiseblock.ch\\\/wordpress\\\/#website\"},\"primaryImageOfPage\":{\"@id\":\"https:\\\/\\\/reiseblock.ch\\\/wordpress\\\/seleger-moor-dreijahreszeiten-park\\\/#primaryimage\"},\"image\":{\"@id\":\"https:\\\/\\\/reiseblock.ch\\\/wordpress\\\/seleger-moor-dreijahreszeiten-park\\\/#primaryimage\"},\"thumbnailUrl\":\"https:\\\/\\\/reiseblock.ch\\\/wordpress\\\/wp-content\\\/uploads\\\/2017\\\/08\\\/Seleger_Moor_1.jpg\",\"datePublished\":\"2017-08-21T07:16:34+00:00\",\"dateModified\":\"2017-09-11T08:08:45+00:00\",\"description\":\"Das Seleger Moor in Rifferswil im Kanton Z\u00fcrich bietet von Fr\u00fchling bis Herbst eine Blumenpracht in einer speziellen Naturlandschaft.\",\"breadcrumb\":{\"@id\":\"https:\\\/\\\/reiseblock.ch\\\/wordpress\\\/seleger-moor-dreijahreszeiten-park\\\/#breadcrumb\"},\"inLanguage\":\"de\",\"potentialAction\":[{\"@type\":\"ReadAction\",\"target\":[\"https:\\\/\\\/reiseblock.ch\\\/wordpress\\\/seleger-moor-dreijahreszeiten-park\\\/\"]}]},{\"@type\":\"ImageObject\",\"inLanguage\":\"de\",\"@id\":\"https:\\\/\\\/reiseblock.ch\\\/wordpress\\\/seleger-moor-dreijahreszeiten-park\\\/#primaryimage\",\"url\":\"https:\\\/\\\/reiseblock.ch\\\/wordpress\\\/wp-content\\\/uploads\\\/2017\\\/08\\\/Seleger_Moor_1.jpg\",\"contentUrl\":\"https:\\\/\\\/reiseblock.ch\\\/wordpress\\\/wp-content\\\/uploads\\\/2017\\\/08\\\/Seleger_Moor_1.jpg\",\"width\":800,\"height\":533,\"caption\":\"Unterwegs im Seleger Moor\"},{\"@type\":\"BreadcrumbList\",\"@id\":\"https:\\\/\\\/reiseblock.ch\\\/wordpress\\\/seleger-moor-dreijahreszeiten-park\\\/#breadcrumb\",\"itemListElement\":[{\"@type\":\"ListItem\",\"position\":1,\"name\":\"Home\",\"item\":\"https:\\\/\\\/reiseblock.ch\\\/wordpress\\\/\"},{\"@type\":\"ListItem\",\"position\":2,\"name\":\"Seleger Moor: Dreijahreszeiten-Park in Rifferswil\"}]},{\"@type\":\"WebSite\",\"@id\":\"https:\\\/\\\/reiseblock.ch\\\/wordpress\\\/#website\",\"url\":\"https:\\\/\\\/reiseblock.ch\\\/wordpress\\\/\",\"name\":\"Reiseblock\",\"description\":\"Ursula Kohlers ReiseWeise\",\"publisher\":{\"@id\":\"https:\\\/\\\/reiseblock.ch\\\/wordpress\\\/#\\\/schema\\\/person\\\/eafba14374f16d5fa4f73efd49243014\"},\"potentialAction\":[{\"@type\":\"SearchAction\",\"target\":{\"@type\":\"EntryPoint\",\"urlTemplate\":\"https:\\\/\\\/reiseblock.ch\\\/wordpress\\\/?s={search_term_string}\"},\"query-input\":{\"@type\":\"PropertyValueSpecification\",\"valueRequired\":true,\"valueName\":\"search_term_string\"}}],\"inLanguage\":\"de\"},{\"@type\":[\"Person\",\"Organization\"],\"@id\":\"https:\\\/\\\/reiseblock.ch\\\/wordpress\\\/#\\\/schema\\\/person\\\/eafba14374f16d5fa4f73efd49243014\",\"name\":\"Ursula Kohler\",\"image\":{\"@type\":\"ImageObject\",\"inLanguage\":\"de\",\"@id\":\"https:\\\/\\\/secure.gravatar.com\\\/avatar\\\/014d9b9a971f617638f4298cbb55f92d20b3bf0d1c9cc32f65333b2769bcf867?s=96&d=blank&r=g\",\"url\":\"https:\\\/\\\/secure.gravatar.com\\\/avatar\\\/014d9b9a971f617638f4298cbb55f92d20b3bf0d1c9cc32f65333b2769bcf867?s=96&d=blank&r=g\",\"contentUrl\":\"https:\\\/\\\/secure.gravatar.com\\\/avatar\\\/014d9b9a971f617638f4298cbb55f92d20b3bf0d1c9cc32f65333b2769bcf867?s=96&d=blank&r=g\",\"caption\":\"Ursula Kohler\"},\"logo\":{\"@id\":\"https:\\\/\\\/secure.gravatar.com\\\/avatar\\\/014d9b9a971f617638f4298cbb55f92d20b3bf0d1c9cc32f65333b2769bcf867?s=96&d=blank&r=g\"}},{\"@type\":\"Person\",\"@id\":\"https:\\\/\\\/reiseblock.ch\\\/wordpress\\\/#\\\/schema\\\/person\\\/739b103f8e7941f579794d17e2187721\",\"name\":\"admin\",\"image\":{\"@type\":\"ImageObject\",\"inLanguage\":\"de\",\"@id\":\"https:\\\/\\\/secure.gravatar.com\\\/avatar\\\/a0f702f22ecd58ce02800a54cb2055cabe1fa8d7cf75ab377ce2f2b8503f188c?s=96&d=blank&r=g\",\"url\":\"https:\\\/\\\/secure.gravatar.com\\\/avatar\\\/a0f702f22ecd58ce02800a54cb2055cabe1fa8d7cf75ab377ce2f2b8503f188c?s=96&d=blank&r=g\",\"contentUrl\":\"https:\\\/\\\/secure.gravatar.com\\\/avatar\\\/a0f702f22ecd58ce02800a54cb2055cabe1fa8d7cf75ab377ce2f2b8503f188c?s=96&d=blank&r=g\",\"caption\":\"admin\"},\"url\":\"https:\\\/\\\/reiseblock.ch\\\/wordpress\\\/author\\\/admin\\\/\"}]}<\/script>\n<!-- \/ Yoast SEO plugin. -->","yoast_head_json":{"title":"Seleger Moor: Dreijahreszeiten-Park in Rifferswil &#8211; Reiseblock","description":"Das Seleger Moor in Rifferswil im Kanton Z\u00fcrich bietet von Fr\u00fchling bis Herbst eine Blumenpracht in einer speziellen Naturlandschaft.","robots":{"index":"index","follow":"follow","max-snippet":"max-snippet:-1","max-image-preview":"max-image-preview:large","max-video-preview":"max-video-preview:-1"},"canonical":"https:\/\/reiseblock.ch\/wordpress\/seleger-moor-dreijahreszeiten-park\/","og_locale":"de_DE","og_type":"article","og_title":"Seleger Moor: Dreijahreszeiten-Park in Rifferswil &#8211; Reiseblock","og_description":"Das Seleger Moor in Rifferswil im Kanton Z\u00fcrich bietet von Fr\u00fchling bis Herbst eine Blumenpracht in einer speziellen Naturlandschaft.","og_url":"https:\/\/reiseblock.ch\/wordpress\/seleger-moor-dreijahreszeiten-park\/","og_site_name":"Reiseblock","article_published_time":"2017-08-21T07:16:34+00:00","article_modified_time":"2017-09-11T08:08:45+00:00","og_image":[{"width":800,"height":533,"url":"https:\/\/reiseblock.ch\/wordpress\/wp-content\/uploads\/2017\/08\/Seleger_Moor_1.jpg","type":"image\/jpeg"}],"author":"admin","twitter_misc":{"Verfasst von":"admin","Gesch\u00e4tzte Lesezeit":"1\u00a0Minute"},"schema":{"@context":"https:\/\/schema.org","@graph":[{"@type":"Article","@id":"https:\/\/reiseblock.ch\/wordpress\/seleger-moor-dreijahreszeiten-park\/#article","isPartOf":{"@id":"https:\/\/reiseblock.ch\/wordpress\/seleger-moor-dreijahreszeiten-park\/"},"author":{"name":"admin","@id":"https:\/\/reiseblock.ch\/wordpress\/#\/schema\/person\/739b103f8e7941f579794d17e2187721"},"headline":"Seleger Moor: Dreijahreszeiten-Park in Rifferswil","datePublished":"2017-08-21T07:16:34+00:00","dateModified":"2017-09-11T08:08:45+00:00","mainEntityOfPage":{"@id":"https:\/\/reiseblock.ch\/wordpress\/seleger-moor-dreijahreszeiten-park\/"},"wordCount":277,"commentCount":0,"publisher":{"@id":"https:\/\/reiseblock.ch\/wordpress\/#\/schema\/person\/eafba14374f16d5fa4f73efd49243014"},"image":{"@id":"https:\/\/reiseblock.ch\/wordpress\/seleger-moor-dreijahreszeiten-park\/#primaryimage"},"thumbnailUrl":"https:\/\/reiseblock.ch\/wordpress\/wp-content\/uploads\/2017\/08\/Seleger_Moor_1.jpg","keywords":["Albis","Blumen","Naturlandschaft","Park","Rifferswil","Seleger Moor"],"articleSection":["Tipp"],"inLanguage":"de","potentialAction":[{"@type":"CommentAction","name":"Comment","target":["https:\/\/reiseblock.ch\/wordpress\/seleger-moor-dreijahreszeiten-park\/#respond"]}]},{"@type":"WebPage","@id":"https:\/\/reiseblock.ch\/wordpress\/seleger-moor-dreijahreszeiten-park\/","url":"https:\/\/reiseblock.ch\/wordpress\/seleger-moor-dreijahreszeiten-park\/","name":"Seleger Moor: Dreijahreszeiten-Park in Rifferswil &#8211; Reiseblock","isPartOf":{"@id":"https:\/\/reiseblock.ch\/wordpress\/#website"},"primaryImageOfPage":{"@id":"https:\/\/reiseblock.ch\/wordpress\/seleger-moor-dreijahreszeiten-park\/#primaryimage"},"image":{"@id":"https:\/\/reiseblock.ch\/wordpress\/seleger-moor-dreijahreszeiten-park\/#primaryimage"},"thumbnailUrl":"https:\/\/reiseblock.ch\/wordpress\/wp-content\/uploads\/2017\/08\/Seleger_Moor_1.jpg","datePublished":"2017-08-21T07:16:34+00:00","dateModified":"2017-09-11T08:08:45+00:00","description":"Das Seleger Moor in Rifferswil im Kanton Z\u00fcrich bietet von Fr\u00fchling bis Herbst eine Blumenpracht in einer speziellen Naturlandschaft.","breadcrumb":{"@id":"https:\/\/reiseblock.ch\/wordpress\/seleger-moor-dreijahreszeiten-park\/#breadcrumb"},"inLanguage":"de","potentialAction":[{"@type":"ReadAction","target":["https:\/\/reiseblock.ch\/wordpress\/seleger-moor-dreijahreszeiten-park\/"]}]},{"@type":"ImageObject","inLanguage":"de","@id":"https:\/\/reiseblock.ch\/wordpress\/seleger-moor-dreijahreszeiten-park\/#primaryimage","url":"https:\/\/reiseblock.ch\/wordpress\/wp-content\/uploads\/2017\/08\/Seleger_Moor_1.jpg","contentUrl":"https:\/\/reiseblock.ch\/wordpress\/wp-content\/uploads\/2017\/08\/Seleger_Moor_1.jpg","width":800,"height":533,"caption":"Unterwegs im Seleger Moor"},{"@type":"BreadcrumbList","@id":"https:\/\/reiseblock.ch\/wordpress\/seleger-moor-dreijahreszeiten-park\/#breadcrumb","itemListElement":[{"@type":"ListItem","position":1,"name":"Home","item":"https:\/\/reiseblock.ch\/wordpress\/"},{"@type":"ListItem","position":2,"name":"Seleger Moor: Dreijahreszeiten-Park in Rifferswil"}]},{"@type":"WebSite","@id":"https:\/\/reiseblock.ch\/wordpress\/#website","url":"https:\/\/reiseblock.ch\/wordpress\/","name":"Reiseblock","description":"Ursula Kohlers ReiseWeise","publisher":{"@id":"https:\/\/reiseblock.ch\/wordpress\/#\/schema\/person\/eafba14374f16d5fa4f73efd49243014"},"potentialAction":[{"@type":"SearchAction","target":{"@type":"EntryPoint","urlTemplate":"https:\/\/reiseblock.ch\/wordpress\/?s={search_term_string}"},"query-input":{"@type":"PropertyValueSpecification","valueRequired":true,"valueName":"search_term_string"}}],"inLanguage":"de"},{"@type":["Person","Organization"],"@id":"https:\/\/reiseblock.ch\/wordpress\/#\/schema\/person\/eafba14374f16d5fa4f73efd49243014","name":"Ursula Kohler","image":{"@type":"ImageObject","inLanguage":"de","@id":"https:\/\/secure.gravatar.com\/avatar\/014d9b9a971f617638f4298cbb55f92d20b3bf0d1c9cc32f65333b2769bcf867?s=96&d=blank&r=g","url":"https:\/\/secure.gravatar.com\/avatar\/014d9b9a971f617638f4298cbb55f92d20b3bf0d1c9cc32f65333b2769bcf867?s=96&d=blank&r=g","contentUrl":"https:\/\/secure.gravatar.com\/avatar\/014d9b9a971f617638f4298cbb55f92d20b3bf0d1c9cc32f65333b2769bcf867?s=96&d=blank&r=g","caption":"Ursula Kohler"},"logo":{"@id":"https:\/\/secure.gravatar.com\/avatar\/014d9b9a971f617638f4298cbb55f92d20b3bf0d1c9cc32f65333b2769bcf867?s=96&d=blank&r=g"}},{"@type":"Person","@id":"https:\/\/reiseblock.ch\/wordpress\/#\/schema\/person\/739b103f8e7941f579794d17e2187721","name":"admin","image":{"@type":"ImageObject","inLanguage":"de","@id":"https:\/\/secure.gravatar.com\/avatar\/a0f702f22ecd58ce02800a54cb2055cabe1fa8d7cf75ab377ce2f2b8503f188c?s=96&d=blank&r=g","url":"https:\/\/secure.gravatar.com\/avatar\/a0f702f22ecd58ce02800a54cb2055cabe1fa8d7cf75ab377ce2f2b8503f188c?s=96&d=blank&r=g","contentUrl":"https:\/\/secure.gravatar.com\/avatar\/a0f702f22ecd58ce02800a54cb2055cabe1fa8d7cf75ab377ce2f2b8503f188c?s=96&d=blank&r=g","caption":"admin"},"url":"https:\/\/reiseblock.ch\/wordpress\/author\/admin\/"}]}},"_links":{"self":[{"href":"https:\/\/reiseblock.ch\/wordpress\/wp-json\/wp\/v2\/posts\/2065","targetHints":{"allow":["GET"]}}],"collection":[{"href":"https:\/\/reiseblock.ch\/wordpress\/wp-json\/wp\/v2\/posts"}],"about":[{"href":"https:\/\/reiseblock.ch\/wordpress\/wp-json\/wp\/v2\/types\/post"}],"author":[{"embeddable":true,"href":"https:\/\/reiseblock.ch\/wordpress\/wp-json\/wp\/v2\/users\/1"}],"replies":[{"embeddable":true,"href":"https:\/\/reiseblock.ch\/wordpress\/wp-json\/wp\/v2\/comments?post=2065"}],"version-history":[{"count":14,"href":"https:\/\/reiseblock.ch\/wordpress\/wp-json\/wp\/v2\/posts\/2065\/revisions"}],"predecessor-version":[{"id":2131,"href":"https:\/\/reiseblock.ch\/wordpress\/wp-json\/wp\/v2\/posts\/2065\/revisions\/2131"}],"wp:featuredmedia":[{"embeddable":true,"href":"https:\/\/reiseblock.ch\/wordpress\/wp-json\/wp\/v2\/media\/2069"}],"wp:attachment":[{"href":"https:\/\/reiseblock.ch\/wordpress\/wp-json\/wp\/v2\/media?parent=2065"}],"wp:term":[{"taxonomy":"category","embeddable":true,"href":"https:\/\/reiseblock.ch\/wordpress\/wp-json\/wp\/v2\/categories?post=2065"},{"taxonomy":"post_tag","embeddable":true,"href":"https:\/\/reiseblock.ch\/wordpress\/wp-json\/wp\/v2\/tags?post=2065"}],"curies":[{"name":"wp","href":"https:\/\/api.w.org\/{rel}","templated":true}]}}