{"id":2040,"date":"2017-08-14T10:22:32","date_gmt":"2017-08-14T08:22:32","guid":{"rendered":"http:\/\/reiseblock.ch\/?p=2040"},"modified":"2017-08-14T10:28:43","modified_gmt":"2017-08-14T08:28:43","slug":"albishorn-openair-fenster-mit-seeblick","status":"publish","type":"post","link":"https:\/\/reiseblock.ch\/wordpress\/albishorn-openair-fenster-mit-seeblick\/","title":{"rendered":"Albishorn: Openair-Fenster mit Seeblick"},"content":{"rendered":"<div id=\"attachment_2049\" style=\"width: 810px\" class=\"wp-caption alignleft\"><img loading=\"lazy\" decoding=\"async\" aria-describedby=\"caption-attachment-2049\" class=\"size-full wp-image-2049\" src=\"http:\/\/reiseblock.ch\/wordpress\/wp-content\/uploads\/2017\/08\/Zuerichsee_Web.jpg\" alt=\"Sicht auf Z\u00fcrich auf dem Weg vom Albispass zur Hochwacht\" width=\"800\" height=\"600\" srcset=\"https:\/\/reiseblock.ch\/wordpress\/wp-content\/uploads\/2017\/08\/Zuerichsee_Web.jpg 800w, https:\/\/reiseblock.ch\/wordpress\/wp-content\/uploads\/2017\/08\/Zuerichsee_Web-300x225.jpg 300w, https:\/\/reiseblock.ch\/wordpress\/wp-content\/uploads\/2017\/08\/Zuerichsee_Web-768x576.jpg 768w\" sizes=\"auto, (max-width: 800px) 100vw, 800px\" \/><p id=\"caption-attachment-2049\" class=\"wp-caption-text\">Sicht auf Z\u00fcrich auf dem Weg vom Albispass zur Hochwacht<\/p><\/div>\n<p><span style=\"font-size: 12pt; font-family: Book Antiqua,Palatino;\">Es ist eine Tour, die schon seit Jahren auf der Wunschliste steht: die eineinhalbst\u00fcndige Wanderung vom Albispass zum Albishorn. Eine Frage nehme ich mit auf die Strecke: War ich als Kind, das am Z\u00fcrichsee aufgewachsen ist, schon mal auf dem Albishorn oder nicht? Ein inneres Bild ist jedenfalls nicht vorhanden.<br \/>\n<\/span><\/p>\n<p><!--more--><\/p>\n<h2><span style=\"font-family: Book Antiqua,Palatino;\">Rundblick von der Hochwacht aus<\/span><\/h2>\n<p><span style=\"font-size: 12pt; font-family: Book Antiqua,Palatino;\">Auf dem Albispass gehts gleich los, die ersten Rundblicke auf den Z\u00fcrichsee folgen sogleich. Bis zur <a href=\"http:\/\/reiseblock.ch\/ueber-den-baumwipfeln\/\" target=\"_blank\" rel=\"noopener\">Hochwacht<\/a> mit dem 33 Meter hohen Albisturm dauert es gerade mal eine halbe Stunde. Entweder l\u00e4sst man sich hier an einer der Grillstellen nieder oder geht gleich zum n\u00e4chsten Etappenziel weiter, der Ruine Schnabelburg. Sie h\u00e4lt sich etwas versteckt in der N\u00e4he der Schnabell\u00fccke. Der Wanderweg auf den kleinen H\u00fcgel ist nicht markiert, aber auf der Burg laden B\u00e4nke zum Verweilen ein und eine Informationstafel kl\u00e4rt \u00fcber die Ruine auf.<\/span><\/p>\n<div id=\"attachment_2047\" style=\"width: 810px\" class=\"wp-caption alignleft\"><img loading=\"lazy\" decoding=\"async\" aria-describedby=\"caption-attachment-2047\" class=\"size-full wp-image-2047\" src=\"http:\/\/reiseblock.ch\/wordpress\/wp-content\/uploads\/2017\/08\/Schnabelburg_Web.jpg\" alt=\"Um die Ruine der Schnabelburg ranken sich viele Geschichten\" width=\"800\" height=\"600\" srcset=\"https:\/\/reiseblock.ch\/wordpress\/wp-content\/uploads\/2017\/08\/Schnabelburg_Web.jpg 800w, https:\/\/reiseblock.ch\/wordpress\/wp-content\/uploads\/2017\/08\/Schnabelburg_Web-300x225.jpg 300w, https:\/\/reiseblock.ch\/wordpress\/wp-content\/uploads\/2017\/08\/Schnabelburg_Web-768x576.jpg 768w\" sizes=\"auto, (max-width: 800px) 100vw, 800px\" \/><p id=\"caption-attachment-2047\" class=\"wp-caption-text\">Um die Ruine der Schnabelburg ranken sich viele Geschichten<\/p><\/div>\n<h2><span style=\"font-family: Book Antiqua,Palatino;\">Schnabelburg und Schnabell\u00fccke: R\u00fcckblick aufs Mittelalter<\/span><\/h2>\n<p><span style=\"font-size: 12pt; font-family: Book Antiqua,Palatino;\">Heute versteckt im Wald gelegen, lag die Burg im Mittelalter am Saumweg von Z\u00fcrich in die Innerschweiz. Die Entstehung der Schnabelburg ist bis heute unklar geblieben, klar ist einzig deren Eroberung 1309 durch die Habsburger. Ob die Burg weiterhin bewohnt, zerst\u00f6rt oder wiederaufgebaut wurde, liegt im Dunkeln. Auf jeden Fall ist der Ort den kleinen Abstecher auf den H\u00fcgel wert.<\/span><\/p>\n<p><span style=\"font-size: 12pt; font-family: Book Antiqua,Palatino;\">Von der Schnabell\u00fccke, dem ehemaligen \u00dcbergang des Saumwegs, aus dauert es 45 Minuten bis zum Albishorn. Erst folgt ein Aufstieg von 100 Metern durch den Wald, bis man rechterhand mit einem herrlichen Ausblick auf den T\u00fcrlersee und das Knonauer Amt belohnt wird. Von da an ist es ein gem\u00fctlicher Spaziergang bis zum Albishorn.<\/span><\/p>\n<div id=\"attachment_2051\" style=\"width: 810px\" class=\"wp-caption alignleft\"><img loading=\"lazy\" decoding=\"async\" aria-describedby=\"caption-attachment-2051\" class=\"size-full wp-image-2051\" src=\"http:\/\/reiseblock.ch\/wordpress\/wp-content\/uploads\/2017\/08\/Albishorn_Web.jpg\" alt=\"Das Restaurant Albishorn kann nur zu Fuss erreicht werden\" width=\"800\" height=\"600\" srcset=\"https:\/\/reiseblock.ch\/wordpress\/wp-content\/uploads\/2017\/08\/Albishorn_Web.jpg 800w, https:\/\/reiseblock.ch\/wordpress\/wp-content\/uploads\/2017\/08\/Albishorn_Web-300x225.jpg 300w, https:\/\/reiseblock.ch\/wordpress\/wp-content\/uploads\/2017\/08\/Albishorn_Web-768x576.jpg 768w\" sizes=\"auto, (max-width: 800px) 100vw, 800px\" \/><p id=\"caption-attachment-2051\" class=\"wp-caption-text\">Das Restaurant Albishorn kann nur zu Fuss erreicht werden<\/p><\/div>\n<p><span style=\"font-size: 12pt; font-family: Book Antiqua,Palatino;\">Das Restaurant Albishorn bietet eine Selbstbedienungsterasse und ein bedientes Restaurant an, Aussicht auf den Z\u00fcrichsee und die Voralpen inklusive. Um die eingangs gestellte Frage zu beantworten: Diesen <\/span><span style=\"font-size: 12pt;\"><a href=\"http:\/\/www.bergrestaurant-albishorn.ch\/\" target=\"_blank\" rel=\"noopener\"><span style=\"font-family: Book Antiqua,Palatino;\">Ort <\/span><\/a><\/span><span style=\"font-size: 12pt; font-family: Book Antiqua,Palatino;\"> habe ich noch nie zuvor besucht, aber es wird nicht das letzte Mal bleiben.<\/span><\/p>\n","protected":false},"excerpt":{"rendered":"<p>Es ist eine Tour, die schon seit Jahren auf der Wunschliste steht: die eineinhalbst\u00fcndige Wanderung vom Albispass zum Albishorn. Eine Frage nehme ich mit auf [&#8230;]<\/p>\n","protected":false},"author":1,"featured_media":2049,"comment_status":"open","ping_status":"open","sticky":false,"template":"","format":"standard","meta":{"footnotes":""},"categories":[10,8],"tags":[248,250,249,247],"class_list":["post-2040","post","type-post","status-publish","format-standard","has-post-thumbnail","hentry","category-erlebt","category-tipp","tag-albishorn","tag-schnabelburg","tag-schnabelluecke","tag-zuerichsee"],"yoast_head":"<!-- This site is optimized with the Yoast SEO plugin v27.8 - https:\/\/yoast.com\/product\/yoast-seo-wordpress\/ -->\n<title>Albishorn: Openair-Fenster mit Seeblick &#8211; Reiseblock<\/title>\n<meta name=\"description\" content=\"Die eineinhalbst\u00fcndige Wanderung vom Albispass zum Albishorn bietet viel Abwechslung und tolle Aussichten auf Z\u00fcrich und den Z\u00fcrichsee.\" \/>\n<meta name=\"robots\" content=\"index, follow, max-snippet:-1, max-image-preview:large, max-video-preview:-1\" \/>\n<link rel=\"canonical\" href=\"https:\/\/reiseblock.ch\/wordpress\/albishorn-openair-fenster-mit-seeblick\/\" \/>\n<meta property=\"og:locale\" content=\"de_DE\" \/>\n<meta property=\"og:type\" content=\"article\" \/>\n<meta property=\"og:title\" content=\"Albishorn: Openair-Fenster mit Seeblick &#8211; Reiseblock\" \/>\n<meta property=\"og:description\" content=\"Die eineinhalbst\u00fcndige Wanderung vom Albispass zum Albishorn bietet viel Abwechslung und tolle Aussichten auf Z\u00fcrich und den Z\u00fcrichsee.\" \/>\n<meta property=\"og:url\" content=\"https:\/\/reiseblock.ch\/wordpress\/albishorn-openair-fenster-mit-seeblick\/\" \/>\n<meta property=\"og:site_name\" content=\"Reiseblock\" \/>\n<meta property=\"article:published_time\" content=\"2017-08-14T08:22:32+00:00\" \/>\n<meta property=\"article:modified_time\" content=\"2017-08-14T08:28:43+00:00\" \/>\n<meta property=\"og:image\" content=\"https:\/\/reiseblock.ch\/wordpress\/wp-content\/uploads\/2017\/08\/Zuerichsee_Web.jpg\" \/>\n\t<meta property=\"og:image:width\" content=\"800\" \/>\n\t<meta property=\"og:image:height\" content=\"600\" \/>\n\t<meta property=\"og:image:type\" content=\"image\/jpeg\" \/>\n<meta name=\"author\" content=\"admin\" \/>\n<meta name=\"twitter:label1\" content=\"Verfasst von\" \/>\n\t<meta name=\"twitter:data1\" content=\"admin\" \/>\n\t<meta name=\"twitter:label2\" content=\"Gesch\u00e4tzte Lesezeit\" \/>\n\t<meta name=\"twitter:data2\" content=\"2\u00a0Minuten\" \/>\n<script type=\"application\/ld+json\" class=\"yoast-schema-graph\">{\"@context\":\"https:\\\/\\\/schema.org\",\"@graph\":[{\"@type\":\"Article\",\"@id\":\"https:\\\/\\\/reiseblock.ch\\\/wordpress\\\/albishorn-openair-fenster-mit-seeblick\\\/#article\",\"isPartOf\":{\"@id\":\"https:\\\/\\\/reiseblock.ch\\\/wordpress\\\/albishorn-openair-fenster-mit-seeblick\\\/\"},\"author\":{\"name\":\"admin\",\"@id\":\"https:\\\/\\\/reiseblock.ch\\\/wordpress\\\/#\\\/schema\\\/person\\\/739b103f8e7941f579794d17e2187721\"},\"headline\":\"Albishorn: Openair-Fenster mit Seeblick\",\"datePublished\":\"2017-08-14T08:22:32+00:00\",\"dateModified\":\"2017-08-14T08:28:43+00:00\",\"mainEntityOfPage\":{\"@id\":\"https:\\\/\\\/reiseblock.ch\\\/wordpress\\\/albishorn-openair-fenster-mit-seeblick\\\/\"},\"wordCount\":372,\"commentCount\":0,\"publisher\":{\"@id\":\"https:\\\/\\\/reiseblock.ch\\\/wordpress\\\/#\\\/schema\\\/person\\\/eafba14374f16d5fa4f73efd49243014\"},\"image\":{\"@id\":\"https:\\\/\\\/reiseblock.ch\\\/wordpress\\\/albishorn-openair-fenster-mit-seeblick\\\/#primaryimage\"},\"thumbnailUrl\":\"https:\\\/\\\/reiseblock.ch\\\/wordpress\\\/wp-content\\\/uploads\\\/2017\\\/08\\\/Zuerichsee_Web.jpg\",\"keywords\":[\"Albishorn\",\"Schnabelburg\",\"Schnabell\u00fccke\",\"Z\u00fcrichsee\"],\"articleSection\":[\"Erlebt\",\"Tipp\"],\"inLanguage\":\"de\",\"potentialAction\":[{\"@type\":\"CommentAction\",\"name\":\"Comment\",\"target\":[\"https:\\\/\\\/reiseblock.ch\\\/wordpress\\\/albishorn-openair-fenster-mit-seeblick\\\/#respond\"]}]},{\"@type\":\"WebPage\",\"@id\":\"https:\\\/\\\/reiseblock.ch\\\/wordpress\\\/albishorn-openair-fenster-mit-seeblick\\\/\",\"url\":\"https:\\\/\\\/reiseblock.ch\\\/wordpress\\\/albishorn-openair-fenster-mit-seeblick\\\/\",\"name\":\"Albishorn: Openair-Fenster mit Seeblick &#8211; Reiseblock\",\"isPartOf\":{\"@id\":\"https:\\\/\\\/reiseblock.ch\\\/wordpress\\\/#website\"},\"primaryImageOfPage\":{\"@id\":\"https:\\\/\\\/reiseblock.ch\\\/wordpress\\\/albishorn-openair-fenster-mit-seeblick\\\/#primaryimage\"},\"image\":{\"@id\":\"https:\\\/\\\/reiseblock.ch\\\/wordpress\\\/albishorn-openair-fenster-mit-seeblick\\\/#primaryimage\"},\"thumbnailUrl\":\"https:\\\/\\\/reiseblock.ch\\\/wordpress\\\/wp-content\\\/uploads\\\/2017\\\/08\\\/Zuerichsee_Web.jpg\",\"datePublished\":\"2017-08-14T08:22:32+00:00\",\"dateModified\":\"2017-08-14T08:28:43+00:00\",\"description\":\"Die eineinhalbst\u00fcndige Wanderung vom Albispass zum Albishorn bietet viel Abwechslung und tolle Aussichten auf Z\u00fcrich und den Z\u00fcrichsee.\",\"breadcrumb\":{\"@id\":\"https:\\\/\\\/reiseblock.ch\\\/wordpress\\\/albishorn-openair-fenster-mit-seeblick\\\/#breadcrumb\"},\"inLanguage\":\"de\",\"potentialAction\":[{\"@type\":\"ReadAction\",\"target\":[\"https:\\\/\\\/reiseblock.ch\\\/wordpress\\\/albishorn-openair-fenster-mit-seeblick\\\/\"]}]},{\"@type\":\"ImageObject\",\"inLanguage\":\"de\",\"@id\":\"https:\\\/\\\/reiseblock.ch\\\/wordpress\\\/albishorn-openair-fenster-mit-seeblick\\\/#primaryimage\",\"url\":\"https:\\\/\\\/reiseblock.ch\\\/wordpress\\\/wp-content\\\/uploads\\\/2017\\\/08\\\/Zuerichsee_Web.jpg\",\"contentUrl\":\"https:\\\/\\\/reiseblock.ch\\\/wordpress\\\/wp-content\\\/uploads\\\/2017\\\/08\\\/Zuerichsee_Web.jpg\",\"width\":800,\"height\":600,\"caption\":\"Sicht auf Z\u00fcrich auf dem Weg vom Albispass zur Hochwacht\"},{\"@type\":\"BreadcrumbList\",\"@id\":\"https:\\\/\\\/reiseblock.ch\\\/wordpress\\\/albishorn-openair-fenster-mit-seeblick\\\/#breadcrumb\",\"itemListElement\":[{\"@type\":\"ListItem\",\"position\":1,\"name\":\"Home\",\"item\":\"https:\\\/\\\/reiseblock.ch\\\/wordpress\\\/\"},{\"@type\":\"ListItem\",\"position\":2,\"name\":\"Albishorn: Openair-Fenster mit Seeblick\"}]},{\"@type\":\"WebSite\",\"@id\":\"https:\\\/\\\/reiseblock.ch\\\/wordpress\\\/#website\",\"url\":\"https:\\\/\\\/reiseblock.ch\\\/wordpress\\\/\",\"name\":\"Reiseblock\",\"description\":\"Ursula Kohlers ReiseWeise\",\"publisher\":{\"@id\":\"https:\\\/\\\/reiseblock.ch\\\/wordpress\\\/#\\\/schema\\\/person\\\/eafba14374f16d5fa4f73efd49243014\"},\"potentialAction\":[{\"@type\":\"SearchAction\",\"target\":{\"@type\":\"EntryPoint\",\"urlTemplate\":\"https:\\\/\\\/reiseblock.ch\\\/wordpress\\\/?s={search_term_string}\"},\"query-input\":{\"@type\":\"PropertyValueSpecification\",\"valueRequired\":true,\"valueName\":\"search_term_string\"}}],\"inLanguage\":\"de\"},{\"@type\":[\"Person\",\"Organization\"],\"@id\":\"https:\\\/\\\/reiseblock.ch\\\/wordpress\\\/#\\\/schema\\\/person\\\/eafba14374f16d5fa4f73efd49243014\",\"name\":\"Ursula Kohler\",\"image\":{\"@type\":\"ImageObject\",\"inLanguage\":\"de\",\"@id\":\"https:\\\/\\\/secure.gravatar.com\\\/avatar\\\/014d9b9a971f617638f4298cbb55f92d20b3bf0d1c9cc32f65333b2769bcf867?s=96&d=blank&r=g\",\"url\":\"https:\\\/\\\/secure.gravatar.com\\\/avatar\\\/014d9b9a971f617638f4298cbb55f92d20b3bf0d1c9cc32f65333b2769bcf867?s=96&d=blank&r=g\",\"contentUrl\":\"https:\\\/\\\/secure.gravatar.com\\\/avatar\\\/014d9b9a971f617638f4298cbb55f92d20b3bf0d1c9cc32f65333b2769bcf867?s=96&d=blank&r=g\",\"caption\":\"Ursula Kohler\"},\"logo\":{\"@id\":\"https:\\\/\\\/secure.gravatar.com\\\/avatar\\\/014d9b9a971f617638f4298cbb55f92d20b3bf0d1c9cc32f65333b2769bcf867?s=96&d=blank&r=g\"}},{\"@type\":\"Person\",\"@id\":\"https:\\\/\\\/reiseblock.ch\\\/wordpress\\\/#\\\/schema\\\/person\\\/739b103f8e7941f579794d17e2187721\",\"name\":\"admin\",\"image\":{\"@type\":\"ImageObject\",\"inLanguage\":\"de\",\"@id\":\"https:\\\/\\\/secure.gravatar.com\\\/avatar\\\/a0f702f22ecd58ce02800a54cb2055cabe1fa8d7cf75ab377ce2f2b8503f188c?s=96&d=blank&r=g\",\"url\":\"https:\\\/\\\/secure.gravatar.com\\\/avatar\\\/a0f702f22ecd58ce02800a54cb2055cabe1fa8d7cf75ab377ce2f2b8503f188c?s=96&d=blank&r=g\",\"contentUrl\":\"https:\\\/\\\/secure.gravatar.com\\\/avatar\\\/a0f702f22ecd58ce02800a54cb2055cabe1fa8d7cf75ab377ce2f2b8503f188c?s=96&d=blank&r=g\",\"caption\":\"admin\"},\"url\":\"https:\\\/\\\/reiseblock.ch\\\/wordpress\\\/author\\\/admin\\\/\"}]}<\/script>\n<!-- \/ Yoast SEO plugin. -->","yoast_head_json":{"title":"Albishorn: Openair-Fenster mit Seeblick &#8211; Reiseblock","description":"Die eineinhalbst\u00fcndige Wanderung vom Albispass zum Albishorn bietet viel Abwechslung und tolle Aussichten auf Z\u00fcrich und den Z\u00fcrichsee.","robots":{"index":"index","follow":"follow","max-snippet":"max-snippet:-1","max-image-preview":"max-image-preview:large","max-video-preview":"max-video-preview:-1"},"canonical":"https:\/\/reiseblock.ch\/wordpress\/albishorn-openair-fenster-mit-seeblick\/","og_locale":"de_DE","og_type":"article","og_title":"Albishorn: Openair-Fenster mit Seeblick &#8211; Reiseblock","og_description":"Die eineinhalbst\u00fcndige Wanderung vom Albispass zum Albishorn bietet viel Abwechslung und tolle Aussichten auf Z\u00fcrich und den Z\u00fcrichsee.","og_url":"https:\/\/reiseblock.ch\/wordpress\/albishorn-openair-fenster-mit-seeblick\/","og_site_name":"Reiseblock","article_published_time":"2017-08-14T08:22:32+00:00","article_modified_time":"2017-08-14T08:28:43+00:00","og_image":[{"width":800,"height":600,"url":"https:\/\/reiseblock.ch\/wordpress\/wp-content\/uploads\/2017\/08\/Zuerichsee_Web.jpg","type":"image\/jpeg"}],"author":"admin","twitter_misc":{"Verfasst von":"admin","Gesch\u00e4tzte Lesezeit":"2\u00a0Minuten"},"schema":{"@context":"https:\/\/schema.org","@graph":[{"@type":"Article","@id":"https:\/\/reiseblock.ch\/wordpress\/albishorn-openair-fenster-mit-seeblick\/#article","isPartOf":{"@id":"https:\/\/reiseblock.ch\/wordpress\/albishorn-openair-fenster-mit-seeblick\/"},"author":{"name":"admin","@id":"https:\/\/reiseblock.ch\/wordpress\/#\/schema\/person\/739b103f8e7941f579794d17e2187721"},"headline":"Albishorn: Openair-Fenster mit Seeblick","datePublished":"2017-08-14T08:22:32+00:00","dateModified":"2017-08-14T08:28:43+00:00","mainEntityOfPage":{"@id":"https:\/\/reiseblock.ch\/wordpress\/albishorn-openair-fenster-mit-seeblick\/"},"wordCount":372,"commentCount":0,"publisher":{"@id":"https:\/\/reiseblock.ch\/wordpress\/#\/schema\/person\/eafba14374f16d5fa4f73efd49243014"},"image":{"@id":"https:\/\/reiseblock.ch\/wordpress\/albishorn-openair-fenster-mit-seeblick\/#primaryimage"},"thumbnailUrl":"https:\/\/reiseblock.ch\/wordpress\/wp-content\/uploads\/2017\/08\/Zuerichsee_Web.jpg","keywords":["Albishorn","Schnabelburg","Schnabell\u00fccke","Z\u00fcrichsee"],"articleSection":["Erlebt","Tipp"],"inLanguage":"de","potentialAction":[{"@type":"CommentAction","name":"Comment","target":["https:\/\/reiseblock.ch\/wordpress\/albishorn-openair-fenster-mit-seeblick\/#respond"]}]},{"@type":"WebPage","@id":"https:\/\/reiseblock.ch\/wordpress\/albishorn-openair-fenster-mit-seeblick\/","url":"https:\/\/reiseblock.ch\/wordpress\/albishorn-openair-fenster-mit-seeblick\/","name":"Albishorn: Openair-Fenster mit Seeblick &#8211; Reiseblock","isPartOf":{"@id":"https:\/\/reiseblock.ch\/wordpress\/#website"},"primaryImageOfPage":{"@id":"https:\/\/reiseblock.ch\/wordpress\/albishorn-openair-fenster-mit-seeblick\/#primaryimage"},"image":{"@id":"https:\/\/reiseblock.ch\/wordpress\/albishorn-openair-fenster-mit-seeblick\/#primaryimage"},"thumbnailUrl":"https:\/\/reiseblock.ch\/wordpress\/wp-content\/uploads\/2017\/08\/Zuerichsee_Web.jpg","datePublished":"2017-08-14T08:22:32+00:00","dateModified":"2017-08-14T08:28:43+00:00","description":"Die eineinhalbst\u00fcndige Wanderung vom Albispass zum Albishorn bietet viel Abwechslung und tolle Aussichten auf Z\u00fcrich und den Z\u00fcrichsee.","breadcrumb":{"@id":"https:\/\/reiseblock.ch\/wordpress\/albishorn-openair-fenster-mit-seeblick\/#breadcrumb"},"inLanguage":"de","potentialAction":[{"@type":"ReadAction","target":["https:\/\/reiseblock.ch\/wordpress\/albishorn-openair-fenster-mit-seeblick\/"]}]},{"@type":"ImageObject","inLanguage":"de","@id":"https:\/\/reiseblock.ch\/wordpress\/albishorn-openair-fenster-mit-seeblick\/#primaryimage","url":"https:\/\/reiseblock.ch\/wordpress\/wp-content\/uploads\/2017\/08\/Zuerichsee_Web.jpg","contentUrl":"https:\/\/reiseblock.ch\/wordpress\/wp-content\/uploads\/2017\/08\/Zuerichsee_Web.jpg","width":800,"height":600,"caption":"Sicht auf Z\u00fcrich auf dem Weg vom Albispass zur Hochwacht"},{"@type":"BreadcrumbList","@id":"https:\/\/reiseblock.ch\/wordpress\/albishorn-openair-fenster-mit-seeblick\/#breadcrumb","itemListElement":[{"@type":"ListItem","position":1,"name":"Home","item":"https:\/\/reiseblock.ch\/wordpress\/"},{"@type":"ListItem","position":2,"name":"Albishorn: Openair-Fenster mit Seeblick"}]},{"@type":"WebSite","@id":"https:\/\/reiseblock.ch\/wordpress\/#website","url":"https:\/\/reiseblock.ch\/wordpress\/","name":"Reiseblock","description":"Ursula Kohlers ReiseWeise","publisher":{"@id":"https:\/\/reiseblock.ch\/wordpress\/#\/schema\/person\/eafba14374f16d5fa4f73efd49243014"},"potentialAction":[{"@type":"SearchAction","target":{"@type":"EntryPoint","urlTemplate":"https:\/\/reiseblock.ch\/wordpress\/?s={search_term_string}"},"query-input":{"@type":"PropertyValueSpecification","valueRequired":true,"valueName":"search_term_string"}}],"inLanguage":"de"},{"@type":["Person","Organization"],"@id":"https:\/\/reiseblock.ch\/wordpress\/#\/schema\/person\/eafba14374f16d5fa4f73efd49243014","name":"Ursula Kohler","image":{"@type":"ImageObject","inLanguage":"de","@id":"https:\/\/secure.gravatar.com\/avatar\/014d9b9a971f617638f4298cbb55f92d20b3bf0d1c9cc32f65333b2769bcf867?s=96&d=blank&r=g","url":"https:\/\/secure.gravatar.com\/avatar\/014d9b9a971f617638f4298cbb55f92d20b3bf0d1c9cc32f65333b2769bcf867?s=96&d=blank&r=g","contentUrl":"https:\/\/secure.gravatar.com\/avatar\/014d9b9a971f617638f4298cbb55f92d20b3bf0d1c9cc32f65333b2769bcf867?s=96&d=blank&r=g","caption":"Ursula Kohler"},"logo":{"@id":"https:\/\/secure.gravatar.com\/avatar\/014d9b9a971f617638f4298cbb55f92d20b3bf0d1c9cc32f65333b2769bcf867?s=96&d=blank&r=g"}},{"@type":"Person","@id":"https:\/\/reiseblock.ch\/wordpress\/#\/schema\/person\/739b103f8e7941f579794d17e2187721","name":"admin","image":{"@type":"ImageObject","inLanguage":"de","@id":"https:\/\/secure.gravatar.com\/avatar\/a0f702f22ecd58ce02800a54cb2055cabe1fa8d7cf75ab377ce2f2b8503f188c?s=96&d=blank&r=g","url":"https:\/\/secure.gravatar.com\/avatar\/a0f702f22ecd58ce02800a54cb2055cabe1fa8d7cf75ab377ce2f2b8503f188c?s=96&d=blank&r=g","contentUrl":"https:\/\/secure.gravatar.com\/avatar\/a0f702f22ecd58ce02800a54cb2055cabe1fa8d7cf75ab377ce2f2b8503f188c?s=96&d=blank&r=g","caption":"admin"},"url":"https:\/\/reiseblock.ch\/wordpress\/author\/admin\/"}]}},"_links":{"self":[{"href":"https:\/\/reiseblock.ch\/wordpress\/wp-json\/wp\/v2\/posts\/2040","targetHints":{"allow":["GET"]}}],"collection":[{"href":"https:\/\/reiseblock.ch\/wordpress\/wp-json\/wp\/v2\/posts"}],"about":[{"href":"https:\/\/reiseblock.ch\/wordpress\/wp-json\/wp\/v2\/types\/post"}],"author":[{"embeddable":true,"href":"https:\/\/reiseblock.ch\/wordpress\/wp-json\/wp\/v2\/users\/1"}],"replies":[{"embeddable":true,"href":"https:\/\/reiseblock.ch\/wordpress\/wp-json\/wp\/v2\/comments?post=2040"}],"version-history":[{"count":7,"href":"https:\/\/reiseblock.ch\/wordpress\/wp-json\/wp\/v2\/posts\/2040\/revisions"}],"predecessor-version":[{"id":2056,"href":"https:\/\/reiseblock.ch\/wordpress\/wp-json\/wp\/v2\/posts\/2040\/revisions\/2056"}],"wp:featuredmedia":[{"embeddable":true,"href":"https:\/\/reiseblock.ch\/wordpress\/wp-json\/wp\/v2\/media\/2049"}],"wp:attachment":[{"href":"https:\/\/reiseblock.ch\/wordpress\/wp-json\/wp\/v2\/media?parent=2040"}],"wp:term":[{"taxonomy":"category","embeddable":true,"href":"https:\/\/reiseblock.ch\/wordpress\/wp-json\/wp\/v2\/categories?post=2040"},{"taxonomy":"post_tag","embeddable":true,"href":"https:\/\/reiseblock.ch\/wordpress\/wp-json\/wp\/v2\/tags?post=2040"}],"curies":[{"name":"wp","href":"https:\/\/api.w.org\/{rel}","templated":true}]}}