{"id":1981,"date":"2017-07-31T12:02:35","date_gmt":"2017-07-31T10:02:35","guid":{"rendered":"http:\/\/reiseblock.ch\/?p=1981"},"modified":"2017-08-14T10:33:11","modified_gmt":"2017-08-14T08:33:11","slug":"barcelona","status":"publish","type":"post","link":"https:\/\/reiseblock.ch\/wordpress\/barcelona\/","title":{"rendered":"Barcelona: Eine Stadt im Dilemma mit dem Tourismus"},"content":{"rendered":"<div id=\"attachment_1986\" style=\"width: 810px\" class=\"wp-caption alignleft\"><img loading=\"lazy\" decoding=\"async\" aria-describedby=\"caption-attachment-1986\" class=\"size-full wp-image-1986\" src=\"http:\/\/reiseblock.ch\/wordpress\/wp-content\/uploads\/2017\/07\/Hafen_2.jpg\" alt=\"Am Hafen von Barcelona\" width=\"800\" height=\"600\" srcset=\"https:\/\/reiseblock.ch\/wordpress\/wp-content\/uploads\/2017\/07\/Hafen_2.jpg 800w, https:\/\/reiseblock.ch\/wordpress\/wp-content\/uploads\/2017\/07\/Hafen_2-300x225.jpg 300w, https:\/\/reiseblock.ch\/wordpress\/wp-content\/uploads\/2017\/07\/Hafen_2-768x576.jpg 768w\" sizes=\"auto, (max-width: 800px) 100vw, 800px\" \/><p id=\"caption-attachment-1986\" class=\"wp-caption-text\">Am Hafen von Barcelona<\/p><\/div>\n<p><span style=\"font-family: Book Antiqua,Palatino; font-size: 12pt;\">Barcelona ist in diesen Tagen gleich mehrmals in die Schlagzeilen geraten. Am Freitag Morgen wurden etliche Menschen bei einem Zugunfall verletzt und am Samstag Abend brannte die B\u00fchne bei einem Musicalfestival.<br \/>\n<\/span><\/p>\n<p><!--more--><\/p>\n<div id=\"attachment_1988\" style=\"width: 810px\" class=\"wp-caption alignleft\"><img loading=\"lazy\" decoding=\"async\" aria-describedby=\"caption-attachment-1988\" class=\"size-full wp-image-1988\" src=\"http:\/\/reiseblock.ch\/wordpress\/wp-content\/uploads\/2017\/07\/Kreuzschiff.jpg\" alt=\"Kreuzfahrtschiff im Hafen, eines der kleineren\" width=\"800\" height=\"533\" srcset=\"https:\/\/reiseblock.ch\/wordpress\/wp-content\/uploads\/2017\/07\/Kreuzschiff.jpg 800w, https:\/\/reiseblock.ch\/wordpress\/wp-content\/uploads\/2017\/07\/Kreuzschiff-300x200.jpg 300w, https:\/\/reiseblock.ch\/wordpress\/wp-content\/uploads\/2017\/07\/Kreuzschiff-768x512.jpg 768w\" sizes=\"auto, (max-width: 800px) 100vw, 800px\" \/><p id=\"caption-attachment-1988\" class=\"wp-caption-text\">Kreuzfahrtschiff im Hafen, eines der kleineren<\/p><\/div>\n<p><span style=\"font-family: Book Antiqua,Palatino; font-size: 12pt;\">Ein weiteres Thema wurde aufgegriffen: Offenbar f\u00fchlt sich <a href=\"http:\/\/www.barcelonaturisme.com\/wv3\/en\/\" target=\"_blank\" rel=\"noopener\">die Stadt<\/a> vom Tourismus \u00fcberrollt. Nichtsahnend waren wir Teil des Besuchersstroms der Stadt, als letzten Donnerstag einem Touristenbus die Pneus durchstochen wurden. Unruhige Tage in der spanischen Stadt am Meer. Das Dilemma kennt jede gr\u00f6ssere Stadt: der Massentourismus verdr\u00e4ngt die Bewohner der Stadt. Gerade in Barcelona ist die Anzahl Touristen stark gestiegen. Grosse Kreuzfahrtschiffe bringen zus\u00e4tzliche Besuchergruppen in die Stadt. Auf der anderen Seite schafft gerade der Tourismus zahlreiche Arbeitsstellen.<\/span><\/p>\n<div id=\"attachment_1989\" style=\"width: 810px\" class=\"wp-caption alignleft\"><img loading=\"lazy\" decoding=\"async\" aria-describedby=\"caption-attachment-1989\" class=\"size-full wp-image-1989\" src=\"http:\/\/reiseblock.ch\/wordpress\/wp-content\/uploads\/2017\/07\/Rambla.jpg\" alt=\"La Rambla in Barcelona\" width=\"800\" height=\"600\" srcset=\"https:\/\/reiseblock.ch\/wordpress\/wp-content\/uploads\/2017\/07\/Rambla.jpg 800w, https:\/\/reiseblock.ch\/wordpress\/wp-content\/uploads\/2017\/07\/Rambla-300x225.jpg 300w, https:\/\/reiseblock.ch\/wordpress\/wp-content\/uploads\/2017\/07\/Rambla-768x576.jpg 768w\" sizes=\"auto, (max-width: 800px) 100vw, 800px\" \/><p id=\"caption-attachment-1989\" class=\"wp-caption-text\">La Rambla in Barcelona<\/p><\/div>\n<p><span style=\"font-family: Book Antiqua,Palatino; font-size: 12pt;\"><br \/>\nVerst\u00e4ndlich, dass Barcelona zu einem Anziehungsmagnet wird. Die Stadt liegt direkt am Meer und verf\u00fcgt \u00fcber aussergew\u00f6hnlich sch\u00f6ne Str\u00e4nde. Die Altstadt ist einladend, hinzu kommen zahlreiche Sehensw\u00fcrdigkeiten.<\/span><\/p>\n<div id=\"attachment_1985\" style=\"width: 810px\" class=\"wp-caption alignleft\"><img loading=\"lazy\" decoding=\"async\" aria-describedby=\"caption-attachment-1985\" class=\"size-full wp-image-1985\" src=\"http:\/\/reiseblock.ch\/wordpress\/wp-content\/uploads\/2017\/07\/Hafen_3.jpg\" alt=\"Keine Kreuzfahrtschiffe, aber Tonnen von Containern im Hafen von Barcelona\" width=\"800\" height=\"600\" srcset=\"https:\/\/reiseblock.ch\/wordpress\/wp-content\/uploads\/2017\/07\/Hafen_3.jpg 800w, https:\/\/reiseblock.ch\/wordpress\/wp-content\/uploads\/2017\/07\/Hafen_3-300x225.jpg 300w, https:\/\/reiseblock.ch\/wordpress\/wp-content\/uploads\/2017\/07\/Hafen_3-768x576.jpg 768w\" sizes=\"auto, (max-width: 800px) 100vw, 800px\" \/><p id=\"caption-attachment-1985\" class=\"wp-caption-text\">Tonnen von Containern im Hafen von Barcelona<\/p><\/div>\n<p><span style=\"font-family: Book Antiqua,Palatino; font-size: 12pt;\"><br \/>\n\u00dcbernachtet haben wir im Stadtquartier San Marti, ein ehemaliges Industriequartier. Heute werden die ehemaligen Fabriken zu Lofts umgebaut. Das Quartier ist noch etwas gar ruhig. Doch wie wird sich dieses Quartier in 10 Jahren entwickelt haben? Und wie geht es mit Barcelona weiter, mit seinen Besuchern und seinen Stadtbewohnern?<br \/>\n<\/span><\/p>\n<p>&nbsp;<\/p>\n","protected":false},"excerpt":{"rendered":"<p>Barcelona ist in diesen Tagen gleich mehrmals in die Schlagzeilen geraten. Am Freitag Morgen wurden etliche Menschen bei einem Zugunfall verletzt und am Samstag Abend [&#8230;]<\/p>\n","protected":false},"author":1,"featured_media":1986,"comment_status":"open","ping_status":"open","sticky":false,"template":"","format":"standard","meta":{"footnotes":""},"categories":[10],"tags":[243,132,244,134],"class_list":["post-1981","post","type-post","status-publish","format-standard","has-post-thumbnail","hentry","category-erlebt","tag-barcelona","tag-meer","tag-spanien","tag-tourismus"],"yoast_head":"<!-- This site is optimized with the Yoast SEO plugin v27.8 - https:\/\/yoast.com\/product\/yoast-seo-wordpress\/ -->\n<title>Barcelona: Eine Stadt im Dilemma mit dem Tourismus &#8211; Reiseblock<\/title>\n<meta name=\"description\" content=\"Barcelona ist zurzeit mit verschiedenen Meldungen in den Schlagzeilen vertreten. Die spanische Stadt am Meer f\u00fchlt sich vom Tourismus \u00fcberrollt.\" \/>\n<meta name=\"robots\" content=\"index, follow, max-snippet:-1, max-image-preview:large, max-video-preview:-1\" \/>\n<link rel=\"canonical\" href=\"https:\/\/reiseblock.ch\/wordpress\/barcelona\/\" \/>\n<meta property=\"og:locale\" content=\"de_DE\" \/>\n<meta property=\"og:type\" content=\"article\" \/>\n<meta property=\"og:title\" content=\"Barcelona: Eine Stadt im Dilemma mit dem Tourismus &#8211; Reiseblock\" \/>\n<meta property=\"og:description\" content=\"Barcelona ist zurzeit mit verschiedenen Meldungen in den Schlagzeilen vertreten. Die spanische Stadt am Meer f\u00fchlt sich vom Tourismus \u00fcberrollt.\" \/>\n<meta property=\"og:url\" content=\"https:\/\/reiseblock.ch\/wordpress\/barcelona\/\" \/>\n<meta property=\"og:site_name\" content=\"Reiseblock\" \/>\n<meta property=\"article:published_time\" content=\"2017-07-31T10:02:35+00:00\" \/>\n<meta property=\"article:modified_time\" content=\"2017-08-14T08:33:11+00:00\" \/>\n<meta property=\"og:image\" content=\"https:\/\/reiseblock.ch\/wordpress\/wp-content\/uploads\/2017\/07\/Hafen_2.jpg\" \/>\n\t<meta property=\"og:image:width\" content=\"800\" \/>\n\t<meta property=\"og:image:height\" content=\"600\" \/>\n\t<meta property=\"og:image:type\" content=\"image\/jpeg\" \/>\n<meta name=\"author\" content=\"admin\" \/>\n<meta name=\"twitter:label1\" content=\"Verfasst von\" \/>\n\t<meta name=\"twitter:data1\" content=\"admin\" \/>\n\t<meta name=\"twitter:label2\" content=\"Gesch\u00e4tzte Lesezeit\" \/>\n\t<meta name=\"twitter:data2\" content=\"1\u00a0Minute\" \/>\n<script type=\"application\/ld+json\" class=\"yoast-schema-graph\">{\"@context\":\"https:\\\/\\\/schema.org\",\"@graph\":[{\"@type\":\"Article\",\"@id\":\"https:\\\/\\\/reiseblock.ch\\\/wordpress\\\/barcelona\\\/#article\",\"isPartOf\":{\"@id\":\"https:\\\/\\\/reiseblock.ch\\\/wordpress\\\/barcelona\\\/\"},\"author\":{\"name\":\"admin\",\"@id\":\"https:\\\/\\\/reiseblock.ch\\\/wordpress\\\/#\\\/schema\\\/person\\\/739b103f8e7941f579794d17e2187721\"},\"headline\":\"Barcelona: Eine Stadt im Dilemma mit dem Tourismus\",\"datePublished\":\"2017-07-31T10:02:35+00:00\",\"dateModified\":\"2017-08-14T08:33:11+00:00\",\"mainEntityOfPage\":{\"@id\":\"https:\\\/\\\/reiseblock.ch\\\/wordpress\\\/barcelona\\\/\"},\"wordCount\":253,\"commentCount\":0,\"publisher\":{\"@id\":\"https:\\\/\\\/reiseblock.ch\\\/wordpress\\\/#\\\/schema\\\/person\\\/eafba14374f16d5fa4f73efd49243014\"},\"image\":{\"@id\":\"https:\\\/\\\/reiseblock.ch\\\/wordpress\\\/barcelona\\\/#primaryimage\"},\"thumbnailUrl\":\"https:\\\/\\\/reiseblock.ch\\\/wordpress\\\/wp-content\\\/uploads\\\/2017\\\/07\\\/Hafen_2.jpg\",\"keywords\":[\"Barcelona\",\"Meer\",\"Spanien\",\"Tourismus\"],\"articleSection\":[\"Erlebt\"],\"inLanguage\":\"de\",\"potentialAction\":[{\"@type\":\"CommentAction\",\"name\":\"Comment\",\"target\":[\"https:\\\/\\\/reiseblock.ch\\\/wordpress\\\/barcelona\\\/#respond\"]}]},{\"@type\":\"WebPage\",\"@id\":\"https:\\\/\\\/reiseblock.ch\\\/wordpress\\\/barcelona\\\/\",\"url\":\"https:\\\/\\\/reiseblock.ch\\\/wordpress\\\/barcelona\\\/\",\"name\":\"Barcelona: Eine Stadt im Dilemma mit dem Tourismus &#8211; Reiseblock\",\"isPartOf\":{\"@id\":\"https:\\\/\\\/reiseblock.ch\\\/wordpress\\\/#website\"},\"primaryImageOfPage\":{\"@id\":\"https:\\\/\\\/reiseblock.ch\\\/wordpress\\\/barcelona\\\/#primaryimage\"},\"image\":{\"@id\":\"https:\\\/\\\/reiseblock.ch\\\/wordpress\\\/barcelona\\\/#primaryimage\"},\"thumbnailUrl\":\"https:\\\/\\\/reiseblock.ch\\\/wordpress\\\/wp-content\\\/uploads\\\/2017\\\/07\\\/Hafen_2.jpg\",\"datePublished\":\"2017-07-31T10:02:35+00:00\",\"dateModified\":\"2017-08-14T08:33:11+00:00\",\"description\":\"Barcelona ist zurzeit mit verschiedenen Meldungen in den Schlagzeilen vertreten. Die spanische Stadt am Meer f\u00fchlt sich vom Tourismus \u00fcberrollt.\",\"breadcrumb\":{\"@id\":\"https:\\\/\\\/reiseblock.ch\\\/wordpress\\\/barcelona\\\/#breadcrumb\"},\"inLanguage\":\"de\",\"potentialAction\":[{\"@type\":\"ReadAction\",\"target\":[\"https:\\\/\\\/reiseblock.ch\\\/wordpress\\\/barcelona\\\/\"]}]},{\"@type\":\"ImageObject\",\"inLanguage\":\"de\",\"@id\":\"https:\\\/\\\/reiseblock.ch\\\/wordpress\\\/barcelona\\\/#primaryimage\",\"url\":\"https:\\\/\\\/reiseblock.ch\\\/wordpress\\\/wp-content\\\/uploads\\\/2017\\\/07\\\/Hafen_2.jpg\",\"contentUrl\":\"https:\\\/\\\/reiseblock.ch\\\/wordpress\\\/wp-content\\\/uploads\\\/2017\\\/07\\\/Hafen_2.jpg\",\"width\":800,\"height\":600,\"caption\":\"Am Hafen von Barcelona\"},{\"@type\":\"BreadcrumbList\",\"@id\":\"https:\\\/\\\/reiseblock.ch\\\/wordpress\\\/barcelona\\\/#breadcrumb\",\"itemListElement\":[{\"@type\":\"ListItem\",\"position\":1,\"name\":\"Home\",\"item\":\"https:\\\/\\\/reiseblock.ch\\\/wordpress\\\/\"},{\"@type\":\"ListItem\",\"position\":2,\"name\":\"Barcelona: Eine Stadt im Dilemma mit dem Tourismus\"}]},{\"@type\":\"WebSite\",\"@id\":\"https:\\\/\\\/reiseblock.ch\\\/wordpress\\\/#website\",\"url\":\"https:\\\/\\\/reiseblock.ch\\\/wordpress\\\/\",\"name\":\"Reiseblock\",\"description\":\"Ursula Kohlers ReiseWeise\",\"publisher\":{\"@id\":\"https:\\\/\\\/reiseblock.ch\\\/wordpress\\\/#\\\/schema\\\/person\\\/eafba14374f16d5fa4f73efd49243014\"},\"potentialAction\":[{\"@type\":\"SearchAction\",\"target\":{\"@type\":\"EntryPoint\",\"urlTemplate\":\"https:\\\/\\\/reiseblock.ch\\\/wordpress\\\/?s={search_term_string}\"},\"query-input\":{\"@type\":\"PropertyValueSpecification\",\"valueRequired\":true,\"valueName\":\"search_term_string\"}}],\"inLanguage\":\"de\"},{\"@type\":[\"Person\",\"Organization\"],\"@id\":\"https:\\\/\\\/reiseblock.ch\\\/wordpress\\\/#\\\/schema\\\/person\\\/eafba14374f16d5fa4f73efd49243014\",\"name\":\"Ursula Kohler\",\"image\":{\"@type\":\"ImageObject\",\"inLanguage\":\"de\",\"@id\":\"https:\\\/\\\/secure.gravatar.com\\\/avatar\\\/014d9b9a971f617638f4298cbb55f92d20b3bf0d1c9cc32f65333b2769bcf867?s=96&d=blank&r=g\",\"url\":\"https:\\\/\\\/secure.gravatar.com\\\/avatar\\\/014d9b9a971f617638f4298cbb55f92d20b3bf0d1c9cc32f65333b2769bcf867?s=96&d=blank&r=g\",\"contentUrl\":\"https:\\\/\\\/secure.gravatar.com\\\/avatar\\\/014d9b9a971f617638f4298cbb55f92d20b3bf0d1c9cc32f65333b2769bcf867?s=96&d=blank&r=g\",\"caption\":\"Ursula Kohler\"},\"logo\":{\"@id\":\"https:\\\/\\\/secure.gravatar.com\\\/avatar\\\/014d9b9a971f617638f4298cbb55f92d20b3bf0d1c9cc32f65333b2769bcf867?s=96&d=blank&r=g\"}},{\"@type\":\"Person\",\"@id\":\"https:\\\/\\\/reiseblock.ch\\\/wordpress\\\/#\\\/schema\\\/person\\\/739b103f8e7941f579794d17e2187721\",\"name\":\"admin\",\"image\":{\"@type\":\"ImageObject\",\"inLanguage\":\"de\",\"@id\":\"https:\\\/\\\/secure.gravatar.com\\\/avatar\\\/a0f702f22ecd58ce02800a54cb2055cabe1fa8d7cf75ab377ce2f2b8503f188c?s=96&d=blank&r=g\",\"url\":\"https:\\\/\\\/secure.gravatar.com\\\/avatar\\\/a0f702f22ecd58ce02800a54cb2055cabe1fa8d7cf75ab377ce2f2b8503f188c?s=96&d=blank&r=g\",\"contentUrl\":\"https:\\\/\\\/secure.gravatar.com\\\/avatar\\\/a0f702f22ecd58ce02800a54cb2055cabe1fa8d7cf75ab377ce2f2b8503f188c?s=96&d=blank&r=g\",\"caption\":\"admin\"},\"url\":\"https:\\\/\\\/reiseblock.ch\\\/wordpress\\\/author\\\/admin\\\/\"}]}<\/script>\n<!-- \/ Yoast SEO plugin. -->","yoast_head_json":{"title":"Barcelona: Eine Stadt im Dilemma mit dem Tourismus &#8211; Reiseblock","description":"Barcelona ist zurzeit mit verschiedenen Meldungen in den Schlagzeilen vertreten. Die spanische Stadt am Meer f\u00fchlt sich vom Tourismus \u00fcberrollt.","robots":{"index":"index","follow":"follow","max-snippet":"max-snippet:-1","max-image-preview":"max-image-preview:large","max-video-preview":"max-video-preview:-1"},"canonical":"https:\/\/reiseblock.ch\/wordpress\/barcelona\/","og_locale":"de_DE","og_type":"article","og_title":"Barcelona: Eine Stadt im Dilemma mit dem Tourismus &#8211; Reiseblock","og_description":"Barcelona ist zurzeit mit verschiedenen Meldungen in den Schlagzeilen vertreten. Die spanische Stadt am Meer f\u00fchlt sich vom Tourismus \u00fcberrollt.","og_url":"https:\/\/reiseblock.ch\/wordpress\/barcelona\/","og_site_name":"Reiseblock","article_published_time":"2017-07-31T10:02:35+00:00","article_modified_time":"2017-08-14T08:33:11+00:00","og_image":[{"width":800,"height":600,"url":"https:\/\/reiseblock.ch\/wordpress\/wp-content\/uploads\/2017\/07\/Hafen_2.jpg","type":"image\/jpeg"}],"author":"admin","twitter_misc":{"Verfasst von":"admin","Gesch\u00e4tzte Lesezeit":"1\u00a0Minute"},"schema":{"@context":"https:\/\/schema.org","@graph":[{"@type":"Article","@id":"https:\/\/reiseblock.ch\/wordpress\/barcelona\/#article","isPartOf":{"@id":"https:\/\/reiseblock.ch\/wordpress\/barcelona\/"},"author":{"name":"admin","@id":"https:\/\/reiseblock.ch\/wordpress\/#\/schema\/person\/739b103f8e7941f579794d17e2187721"},"headline":"Barcelona: Eine Stadt im Dilemma mit dem Tourismus","datePublished":"2017-07-31T10:02:35+00:00","dateModified":"2017-08-14T08:33:11+00:00","mainEntityOfPage":{"@id":"https:\/\/reiseblock.ch\/wordpress\/barcelona\/"},"wordCount":253,"commentCount":0,"publisher":{"@id":"https:\/\/reiseblock.ch\/wordpress\/#\/schema\/person\/eafba14374f16d5fa4f73efd49243014"},"image":{"@id":"https:\/\/reiseblock.ch\/wordpress\/barcelona\/#primaryimage"},"thumbnailUrl":"https:\/\/reiseblock.ch\/wordpress\/wp-content\/uploads\/2017\/07\/Hafen_2.jpg","keywords":["Barcelona","Meer","Spanien","Tourismus"],"articleSection":["Erlebt"],"inLanguage":"de","potentialAction":[{"@type":"CommentAction","name":"Comment","target":["https:\/\/reiseblock.ch\/wordpress\/barcelona\/#respond"]}]},{"@type":"WebPage","@id":"https:\/\/reiseblock.ch\/wordpress\/barcelona\/","url":"https:\/\/reiseblock.ch\/wordpress\/barcelona\/","name":"Barcelona: Eine Stadt im Dilemma mit dem Tourismus &#8211; Reiseblock","isPartOf":{"@id":"https:\/\/reiseblock.ch\/wordpress\/#website"},"primaryImageOfPage":{"@id":"https:\/\/reiseblock.ch\/wordpress\/barcelona\/#primaryimage"},"image":{"@id":"https:\/\/reiseblock.ch\/wordpress\/barcelona\/#primaryimage"},"thumbnailUrl":"https:\/\/reiseblock.ch\/wordpress\/wp-content\/uploads\/2017\/07\/Hafen_2.jpg","datePublished":"2017-07-31T10:02:35+00:00","dateModified":"2017-08-14T08:33:11+00:00","description":"Barcelona ist zurzeit mit verschiedenen Meldungen in den Schlagzeilen vertreten. Die spanische Stadt am Meer f\u00fchlt sich vom Tourismus \u00fcberrollt.","breadcrumb":{"@id":"https:\/\/reiseblock.ch\/wordpress\/barcelona\/#breadcrumb"},"inLanguage":"de","potentialAction":[{"@type":"ReadAction","target":["https:\/\/reiseblock.ch\/wordpress\/barcelona\/"]}]},{"@type":"ImageObject","inLanguage":"de","@id":"https:\/\/reiseblock.ch\/wordpress\/barcelona\/#primaryimage","url":"https:\/\/reiseblock.ch\/wordpress\/wp-content\/uploads\/2017\/07\/Hafen_2.jpg","contentUrl":"https:\/\/reiseblock.ch\/wordpress\/wp-content\/uploads\/2017\/07\/Hafen_2.jpg","width":800,"height":600,"caption":"Am Hafen von Barcelona"},{"@type":"BreadcrumbList","@id":"https:\/\/reiseblock.ch\/wordpress\/barcelona\/#breadcrumb","itemListElement":[{"@type":"ListItem","position":1,"name":"Home","item":"https:\/\/reiseblock.ch\/wordpress\/"},{"@type":"ListItem","position":2,"name":"Barcelona: Eine Stadt im Dilemma mit dem Tourismus"}]},{"@type":"WebSite","@id":"https:\/\/reiseblock.ch\/wordpress\/#website","url":"https:\/\/reiseblock.ch\/wordpress\/","name":"Reiseblock","description":"Ursula Kohlers ReiseWeise","publisher":{"@id":"https:\/\/reiseblock.ch\/wordpress\/#\/schema\/person\/eafba14374f16d5fa4f73efd49243014"},"potentialAction":[{"@type":"SearchAction","target":{"@type":"EntryPoint","urlTemplate":"https:\/\/reiseblock.ch\/wordpress\/?s={search_term_string}"},"query-input":{"@type":"PropertyValueSpecification","valueRequired":true,"valueName":"search_term_string"}}],"inLanguage":"de"},{"@type":["Person","Organization"],"@id":"https:\/\/reiseblock.ch\/wordpress\/#\/schema\/person\/eafba14374f16d5fa4f73efd49243014","name":"Ursula Kohler","image":{"@type":"ImageObject","inLanguage":"de","@id":"https:\/\/secure.gravatar.com\/avatar\/014d9b9a971f617638f4298cbb55f92d20b3bf0d1c9cc32f65333b2769bcf867?s=96&d=blank&r=g","url":"https:\/\/secure.gravatar.com\/avatar\/014d9b9a971f617638f4298cbb55f92d20b3bf0d1c9cc32f65333b2769bcf867?s=96&d=blank&r=g","contentUrl":"https:\/\/secure.gravatar.com\/avatar\/014d9b9a971f617638f4298cbb55f92d20b3bf0d1c9cc32f65333b2769bcf867?s=96&d=blank&r=g","caption":"Ursula Kohler"},"logo":{"@id":"https:\/\/secure.gravatar.com\/avatar\/014d9b9a971f617638f4298cbb55f92d20b3bf0d1c9cc32f65333b2769bcf867?s=96&d=blank&r=g"}},{"@type":"Person","@id":"https:\/\/reiseblock.ch\/wordpress\/#\/schema\/person\/739b103f8e7941f579794d17e2187721","name":"admin","image":{"@type":"ImageObject","inLanguage":"de","@id":"https:\/\/secure.gravatar.com\/avatar\/a0f702f22ecd58ce02800a54cb2055cabe1fa8d7cf75ab377ce2f2b8503f188c?s=96&d=blank&r=g","url":"https:\/\/secure.gravatar.com\/avatar\/a0f702f22ecd58ce02800a54cb2055cabe1fa8d7cf75ab377ce2f2b8503f188c?s=96&d=blank&r=g","contentUrl":"https:\/\/secure.gravatar.com\/avatar\/a0f702f22ecd58ce02800a54cb2055cabe1fa8d7cf75ab377ce2f2b8503f188c?s=96&d=blank&r=g","caption":"admin"},"url":"https:\/\/reiseblock.ch\/wordpress\/author\/admin\/"}]}},"_links":{"self":[{"href":"https:\/\/reiseblock.ch\/wordpress\/wp-json\/wp\/v2\/posts\/1981","targetHints":{"allow":["GET"]}}],"collection":[{"href":"https:\/\/reiseblock.ch\/wordpress\/wp-json\/wp\/v2\/posts"}],"about":[{"href":"https:\/\/reiseblock.ch\/wordpress\/wp-json\/wp\/v2\/types\/post"}],"author":[{"embeddable":true,"href":"https:\/\/reiseblock.ch\/wordpress\/wp-json\/wp\/v2\/users\/1"}],"replies":[{"embeddable":true,"href":"https:\/\/reiseblock.ch\/wordpress\/wp-json\/wp\/v2\/comments?post=1981"}],"version-history":[{"count":6,"href":"https:\/\/reiseblock.ch\/wordpress\/wp-json\/wp\/v2\/posts\/1981\/revisions"}],"predecessor-version":[{"id":2011,"href":"https:\/\/reiseblock.ch\/wordpress\/wp-json\/wp\/v2\/posts\/1981\/revisions\/2011"}],"wp:featuredmedia":[{"embeddable":true,"href":"https:\/\/reiseblock.ch\/wordpress\/wp-json\/wp\/v2\/media\/1986"}],"wp:attachment":[{"href":"https:\/\/reiseblock.ch\/wordpress\/wp-json\/wp\/v2\/media?parent=1981"}],"wp:term":[{"taxonomy":"category","embeddable":true,"href":"https:\/\/reiseblock.ch\/wordpress\/wp-json\/wp\/v2\/categories?post=1981"},{"taxonomy":"post_tag","embeddable":true,"href":"https:\/\/reiseblock.ch\/wordpress\/wp-json\/wp\/v2\/tags?post=1981"}],"curies":[{"name":"wp","href":"https:\/\/api.w.org\/{rel}","templated":true}]}}