{"id":1948,"date":"2017-07-03T16:42:59","date_gmt":"2017-07-03T14:42:59","guid":{"rendered":"http:\/\/reiseblock.ch\/?p=1948"},"modified":"2017-08-14T10:33:42","modified_gmt":"2017-08-14T08:33:42","slug":"waid","status":"publish","type":"post","link":"https:\/\/reiseblock.ch\/wordpress\/waid\/","title":{"rendered":"Waid: beliebtes Vier-Saison-Ausflugsziel in Z\u00fcrich"},"content":{"rendered":"<div id=\"attachment_1949\" style=\"width: 810px\" class=\"wp-caption alignleft\"><img loading=\"lazy\" decoding=\"async\" aria-describedby=\"caption-attachment-1949\" class=\"wp-image-1949 size-full\" src=\"http:\/\/reiseblock.ch\/wordpress\/wp-content\/uploads\/2017\/07\/Waid_2_Web.jpg\" alt=\"Herrliche Sicht von der Waid auf die Stadt Z\u00fcrich und den See\" width=\"800\" height=\"514\" srcset=\"https:\/\/reiseblock.ch\/wordpress\/wp-content\/uploads\/2017\/07\/Waid_2_Web.jpg 800w, https:\/\/reiseblock.ch\/wordpress\/wp-content\/uploads\/2017\/07\/Waid_2_Web-300x193.jpg 300w, https:\/\/reiseblock.ch\/wordpress\/wp-content\/uploads\/2017\/07\/Waid_2_Web-768x493.jpg 768w\" sizes=\"auto, (max-width: 800px) 100vw, 800px\" \/><p id=\"caption-attachment-1949\" class=\"wp-caption-text\">Herrliche Sicht von der Waid auf die Stadt Z\u00fcrich und den See<\/p><\/div>\n<p><span style=\"font-family: Book Antiqua,Palatino; font-size: 12pt;\">Ein Geheimtipp ist es nicht: die Waid oberhalb Z\u00fcrich. Wie k\u00f6nnte es auch? Der Ort liegt fantastisch, mit einem grossartigen Ausblick \u00fcber die Stadt und den See. Von hier aus sieht man direkt zum Uetliberg und bis in die Berge.<\/span><\/p>\n<p><!--more--><\/p>\n<p><span style=\"font-family: Book Antiqua,Palatino; font-size: 12pt;\">Kein Wunder, liegt hier ein sch\u00f6nes <a href=\"http:\/\/diewaid.ch\" target=\"_blank\" rel=\"noopener noreferrer\">Ausflugsrestaurant<\/a>. Mit dem Bus Nr. 69 oder mit dem Auto f\u00e4hrt man hoch. Aber eigentlich ist das schade. Am sch\u00f6nsten ist es, zu Fuss anzukommen oder den Auspunktsort mit einem kleinen Spaziergang zu verbinden. <\/span><\/p>\n<p><span style=\"font-family: Book Antiqua,Palatino; font-size: 12pt;\">In der N\u00e4he liegt zum Beispiel die ETH H\u00f6nggerberg. Wer hier startet, ist in ca. 25 Minuten am Ziel. Und kann auch in einer angenehmen Runde durch den Wald zur\u00fcckkehren. Auch vom Bucheggplatz aus ergibt sich ein guter Spaziergang bis zum Ausblick \u00fcber die Stadt Z\u00fcrich.<br \/>\n<\/span><\/p>\n<p><span style=\"font-family: Book Antiqua,Palatino; font-size: 12pt;\">Die Waid ist \u00fcbrigens auch sehr nahe vom Waidspital gelegen. Der Aussichtspunkt geh\u00f6rt zum Z\u00fcrcher Kreis 10. <\/span><\/p>\n<p><span style=\"font-family: Book Antiqua,Palatino; font-size: 12pt;\">Der Ort ist zu jeder jahreszeit sch\u00f6n, besondere Stimmungen ergeben sich bei wechselhaftem Wetter. Nicht immer muss die Sonne scheinen. <\/span><\/p>\n<div id=\"attachment_1950\" style=\"width: 810px\" class=\"wp-caption alignleft\"><img loading=\"lazy\" decoding=\"async\" aria-describedby=\"caption-attachment-1950\" class=\"wp-image-1950 size-full\" src=\"http:\/\/reiseblock.ch\/wordpress\/wp-content\/uploads\/2017\/07\/Waid_web.jpg\" alt=\"Regnet es oder regnet es nicht? Stimmung auf der Waid\" width=\"800\" height=\"659\" srcset=\"https:\/\/reiseblock.ch\/wordpress\/wp-content\/uploads\/2017\/07\/Waid_web.jpg 800w, https:\/\/reiseblock.ch\/wordpress\/wp-content\/uploads\/2017\/07\/Waid_web-300x247.jpg 300w, https:\/\/reiseblock.ch\/wordpress\/wp-content\/uploads\/2017\/07\/Waid_web-768x633.jpg 768w\" sizes=\"auto, (max-width: 800px) 100vw, 800px\" \/><p id=\"caption-attachment-1950\" class=\"wp-caption-text\">Regnet es oder regnet es nicht? Stimmung auf der Waid<\/p><\/div>\n","protected":false},"excerpt":{"rendered":"<p>Ein Geheimtipp ist es nicht: die Waid oberhalb Z\u00fcrich. Wie k\u00f6nnte es auch? Der Ort liegt fantastisch, mit einem grossartigen Ausblick \u00fcber die Stadt und [&#8230;]<\/p>\n","protected":false},"author":1,"featured_media":1949,"comment_status":"open","ping_status":"open","sticky":false,"template":"","format":"standard","meta":{"footnotes":""},"categories":[8],"tags":[240,239,138,41],"class_list":["post-1948","post","type-post","status-publish","format-standard","has-post-thumbnail","hentry","category-tipp","tag-kreis-10","tag-waid","tag-wald","tag-zuerich"],"yoast_head":"<!-- This site is optimized with the Yoast SEO plugin v27.8 - https:\/\/yoast.com\/product\/yoast-seo-wordpress\/ -->\n<title>Waid: beliebtes Vier-Saison-Ausflugsziel in Z\u00fcrich &#8211; Reiseblock<\/title>\n<meta name=\"description\" content=\"Die Waid oberhalb von Z\u00fcrich ist ein beliebtes Aussichtsziel mit herrlicher Aussicht auf die Stadt und auf den Z\u00fcrichsee.\" \/>\n<meta name=\"robots\" content=\"index, follow, max-snippet:-1, max-image-preview:large, max-video-preview:-1\" \/>\n<link rel=\"canonical\" href=\"https:\/\/reiseblock.ch\/wordpress\/waid\/\" \/>\n<meta property=\"og:locale\" content=\"de_DE\" \/>\n<meta property=\"og:type\" content=\"article\" \/>\n<meta property=\"og:title\" content=\"Waid: beliebtes Vier-Saison-Ausflugsziel in Z\u00fcrich &#8211; Reiseblock\" \/>\n<meta property=\"og:description\" content=\"Die Waid oberhalb von Z\u00fcrich ist ein beliebtes Aussichtsziel mit herrlicher Aussicht auf die Stadt und auf den Z\u00fcrichsee.\" \/>\n<meta property=\"og:url\" content=\"https:\/\/reiseblock.ch\/wordpress\/waid\/\" \/>\n<meta property=\"og:site_name\" content=\"Reiseblock\" \/>\n<meta property=\"article:published_time\" content=\"2017-07-03T14:42:59+00:00\" \/>\n<meta property=\"article:modified_time\" content=\"2017-08-14T08:33:42+00:00\" \/>\n<meta property=\"og:image\" content=\"https:\/\/reiseblock.ch\/wordpress\/wp-content\/uploads\/2017\/07\/Waid_2_Web.jpg\" \/>\n\t<meta property=\"og:image:width\" content=\"800\" \/>\n\t<meta property=\"og:image:height\" content=\"514\" \/>\n\t<meta property=\"og:image:type\" content=\"image\/jpeg\" \/>\n<meta name=\"author\" content=\"admin\" \/>\n<meta name=\"twitter:label1\" content=\"Verfasst von\" \/>\n\t<meta name=\"twitter:data1\" content=\"admin\" \/>\n\t<meta name=\"twitter:label2\" content=\"Gesch\u00e4tzte Lesezeit\" \/>\n\t<meta name=\"twitter:data2\" content=\"1\u00a0Minute\" \/>\n<script type=\"application\/ld+json\" class=\"yoast-schema-graph\">{\"@context\":\"https:\\\/\\\/schema.org\",\"@graph\":[{\"@type\":\"Article\",\"@id\":\"https:\\\/\\\/reiseblock.ch\\\/wordpress\\\/waid\\\/#article\",\"isPartOf\":{\"@id\":\"https:\\\/\\\/reiseblock.ch\\\/wordpress\\\/waid\\\/\"},\"author\":{\"name\":\"admin\",\"@id\":\"https:\\\/\\\/reiseblock.ch\\\/wordpress\\\/#\\\/schema\\\/person\\\/739b103f8e7941f579794d17e2187721\"},\"headline\":\"Waid: beliebtes Vier-Saison-Ausflugsziel in Z\u00fcrich\",\"datePublished\":\"2017-07-03T14:42:59+00:00\",\"dateModified\":\"2017-08-14T08:33:42+00:00\",\"mainEntityOfPage\":{\"@id\":\"https:\\\/\\\/reiseblock.ch\\\/wordpress\\\/waid\\\/\"},\"wordCount\":215,\"commentCount\":0,\"publisher\":{\"@id\":\"https:\\\/\\\/reiseblock.ch\\\/wordpress\\\/#\\\/schema\\\/person\\\/eafba14374f16d5fa4f73efd49243014\"},\"image\":{\"@id\":\"https:\\\/\\\/reiseblock.ch\\\/wordpress\\\/waid\\\/#primaryimage\"},\"thumbnailUrl\":\"https:\\\/\\\/reiseblock.ch\\\/wordpress\\\/wp-content\\\/uploads\\\/2017\\\/07\\\/Waid_2_Web.jpg\",\"keywords\":[\"Kreis 10\",\"Waid\",\"Wald\",\"Z\u00fcrich\"],\"articleSection\":[\"Tipp\"],\"inLanguage\":\"de\",\"potentialAction\":[{\"@type\":\"CommentAction\",\"name\":\"Comment\",\"target\":[\"https:\\\/\\\/reiseblock.ch\\\/wordpress\\\/waid\\\/#respond\"]}]},{\"@type\":\"WebPage\",\"@id\":\"https:\\\/\\\/reiseblock.ch\\\/wordpress\\\/waid\\\/\",\"url\":\"https:\\\/\\\/reiseblock.ch\\\/wordpress\\\/waid\\\/\",\"name\":\"Waid: beliebtes Vier-Saison-Ausflugsziel in Z\u00fcrich &#8211; Reiseblock\",\"isPartOf\":{\"@id\":\"https:\\\/\\\/reiseblock.ch\\\/wordpress\\\/#website\"},\"primaryImageOfPage\":{\"@id\":\"https:\\\/\\\/reiseblock.ch\\\/wordpress\\\/waid\\\/#primaryimage\"},\"image\":{\"@id\":\"https:\\\/\\\/reiseblock.ch\\\/wordpress\\\/waid\\\/#primaryimage\"},\"thumbnailUrl\":\"https:\\\/\\\/reiseblock.ch\\\/wordpress\\\/wp-content\\\/uploads\\\/2017\\\/07\\\/Waid_2_Web.jpg\",\"datePublished\":\"2017-07-03T14:42:59+00:00\",\"dateModified\":\"2017-08-14T08:33:42+00:00\",\"description\":\"Die Waid oberhalb von Z\u00fcrich ist ein beliebtes Aussichtsziel mit herrlicher Aussicht auf die Stadt und auf den Z\u00fcrichsee.\",\"breadcrumb\":{\"@id\":\"https:\\\/\\\/reiseblock.ch\\\/wordpress\\\/waid\\\/#breadcrumb\"},\"inLanguage\":\"de\",\"potentialAction\":[{\"@type\":\"ReadAction\",\"target\":[\"https:\\\/\\\/reiseblock.ch\\\/wordpress\\\/waid\\\/\"]}]},{\"@type\":\"ImageObject\",\"inLanguage\":\"de\",\"@id\":\"https:\\\/\\\/reiseblock.ch\\\/wordpress\\\/waid\\\/#primaryimage\",\"url\":\"https:\\\/\\\/reiseblock.ch\\\/wordpress\\\/wp-content\\\/uploads\\\/2017\\\/07\\\/Waid_2_Web.jpg\",\"contentUrl\":\"https:\\\/\\\/reiseblock.ch\\\/wordpress\\\/wp-content\\\/uploads\\\/2017\\\/07\\\/Waid_2_Web.jpg\",\"width\":800,\"height\":514,\"caption\":\"Herrliche Sicht von der Waid auf die Stadt Z\u00fcrich und den See\"},{\"@type\":\"BreadcrumbList\",\"@id\":\"https:\\\/\\\/reiseblock.ch\\\/wordpress\\\/waid\\\/#breadcrumb\",\"itemListElement\":[{\"@type\":\"ListItem\",\"position\":1,\"name\":\"Home\",\"item\":\"https:\\\/\\\/reiseblock.ch\\\/wordpress\\\/\"},{\"@type\":\"ListItem\",\"position\":2,\"name\":\"Waid: beliebtes Vier-Saison-Ausflugsziel in Z\u00fcrich\"}]},{\"@type\":\"WebSite\",\"@id\":\"https:\\\/\\\/reiseblock.ch\\\/wordpress\\\/#website\",\"url\":\"https:\\\/\\\/reiseblock.ch\\\/wordpress\\\/\",\"name\":\"Reiseblock\",\"description\":\"Ursula Kohlers ReiseWeise\",\"publisher\":{\"@id\":\"https:\\\/\\\/reiseblock.ch\\\/wordpress\\\/#\\\/schema\\\/person\\\/eafba14374f16d5fa4f73efd49243014\"},\"potentialAction\":[{\"@type\":\"SearchAction\",\"target\":{\"@type\":\"EntryPoint\",\"urlTemplate\":\"https:\\\/\\\/reiseblock.ch\\\/wordpress\\\/?s={search_term_string}\"},\"query-input\":{\"@type\":\"PropertyValueSpecification\",\"valueRequired\":true,\"valueName\":\"search_term_string\"}}],\"inLanguage\":\"de\"},{\"@type\":[\"Person\",\"Organization\"],\"@id\":\"https:\\\/\\\/reiseblock.ch\\\/wordpress\\\/#\\\/schema\\\/person\\\/eafba14374f16d5fa4f73efd49243014\",\"name\":\"Ursula Kohler\",\"image\":{\"@type\":\"ImageObject\",\"inLanguage\":\"de\",\"@id\":\"https:\\\/\\\/secure.gravatar.com\\\/avatar\\\/014d9b9a971f617638f4298cbb55f92d20b3bf0d1c9cc32f65333b2769bcf867?s=96&d=blank&r=g\",\"url\":\"https:\\\/\\\/secure.gravatar.com\\\/avatar\\\/014d9b9a971f617638f4298cbb55f92d20b3bf0d1c9cc32f65333b2769bcf867?s=96&d=blank&r=g\",\"contentUrl\":\"https:\\\/\\\/secure.gravatar.com\\\/avatar\\\/014d9b9a971f617638f4298cbb55f92d20b3bf0d1c9cc32f65333b2769bcf867?s=96&d=blank&r=g\",\"caption\":\"Ursula Kohler\"},\"logo\":{\"@id\":\"https:\\\/\\\/secure.gravatar.com\\\/avatar\\\/014d9b9a971f617638f4298cbb55f92d20b3bf0d1c9cc32f65333b2769bcf867?s=96&d=blank&r=g\"}},{\"@type\":\"Person\",\"@id\":\"https:\\\/\\\/reiseblock.ch\\\/wordpress\\\/#\\\/schema\\\/person\\\/739b103f8e7941f579794d17e2187721\",\"name\":\"admin\",\"image\":{\"@type\":\"ImageObject\",\"inLanguage\":\"de\",\"@id\":\"https:\\\/\\\/secure.gravatar.com\\\/avatar\\\/a0f702f22ecd58ce02800a54cb2055cabe1fa8d7cf75ab377ce2f2b8503f188c?s=96&d=blank&r=g\",\"url\":\"https:\\\/\\\/secure.gravatar.com\\\/avatar\\\/a0f702f22ecd58ce02800a54cb2055cabe1fa8d7cf75ab377ce2f2b8503f188c?s=96&d=blank&r=g\",\"contentUrl\":\"https:\\\/\\\/secure.gravatar.com\\\/avatar\\\/a0f702f22ecd58ce02800a54cb2055cabe1fa8d7cf75ab377ce2f2b8503f188c?s=96&d=blank&r=g\",\"caption\":\"admin\"},\"url\":\"https:\\\/\\\/reiseblock.ch\\\/wordpress\\\/author\\\/admin\\\/\"}]}<\/script>\n<!-- \/ Yoast SEO plugin. -->","yoast_head_json":{"title":"Waid: beliebtes Vier-Saison-Ausflugsziel in Z\u00fcrich &#8211; Reiseblock","description":"Die Waid oberhalb von Z\u00fcrich ist ein beliebtes Aussichtsziel mit herrlicher Aussicht auf die Stadt und auf den Z\u00fcrichsee.","robots":{"index":"index","follow":"follow","max-snippet":"max-snippet:-1","max-image-preview":"max-image-preview:large","max-video-preview":"max-video-preview:-1"},"canonical":"https:\/\/reiseblock.ch\/wordpress\/waid\/","og_locale":"de_DE","og_type":"article","og_title":"Waid: beliebtes Vier-Saison-Ausflugsziel in Z\u00fcrich &#8211; Reiseblock","og_description":"Die Waid oberhalb von Z\u00fcrich ist ein beliebtes Aussichtsziel mit herrlicher Aussicht auf die Stadt und auf den Z\u00fcrichsee.","og_url":"https:\/\/reiseblock.ch\/wordpress\/waid\/","og_site_name":"Reiseblock","article_published_time":"2017-07-03T14:42:59+00:00","article_modified_time":"2017-08-14T08:33:42+00:00","og_image":[{"width":800,"height":514,"url":"https:\/\/reiseblock.ch\/wordpress\/wp-content\/uploads\/2017\/07\/Waid_2_Web.jpg","type":"image\/jpeg"}],"author":"admin","twitter_misc":{"Verfasst von":"admin","Gesch\u00e4tzte Lesezeit":"1\u00a0Minute"},"schema":{"@context":"https:\/\/schema.org","@graph":[{"@type":"Article","@id":"https:\/\/reiseblock.ch\/wordpress\/waid\/#article","isPartOf":{"@id":"https:\/\/reiseblock.ch\/wordpress\/waid\/"},"author":{"name":"admin","@id":"https:\/\/reiseblock.ch\/wordpress\/#\/schema\/person\/739b103f8e7941f579794d17e2187721"},"headline":"Waid: beliebtes Vier-Saison-Ausflugsziel in Z\u00fcrich","datePublished":"2017-07-03T14:42:59+00:00","dateModified":"2017-08-14T08:33:42+00:00","mainEntityOfPage":{"@id":"https:\/\/reiseblock.ch\/wordpress\/waid\/"},"wordCount":215,"commentCount":0,"publisher":{"@id":"https:\/\/reiseblock.ch\/wordpress\/#\/schema\/person\/eafba14374f16d5fa4f73efd49243014"},"image":{"@id":"https:\/\/reiseblock.ch\/wordpress\/waid\/#primaryimage"},"thumbnailUrl":"https:\/\/reiseblock.ch\/wordpress\/wp-content\/uploads\/2017\/07\/Waid_2_Web.jpg","keywords":["Kreis 10","Waid","Wald","Z\u00fcrich"],"articleSection":["Tipp"],"inLanguage":"de","potentialAction":[{"@type":"CommentAction","name":"Comment","target":["https:\/\/reiseblock.ch\/wordpress\/waid\/#respond"]}]},{"@type":"WebPage","@id":"https:\/\/reiseblock.ch\/wordpress\/waid\/","url":"https:\/\/reiseblock.ch\/wordpress\/waid\/","name":"Waid: beliebtes Vier-Saison-Ausflugsziel in Z\u00fcrich &#8211; Reiseblock","isPartOf":{"@id":"https:\/\/reiseblock.ch\/wordpress\/#website"},"primaryImageOfPage":{"@id":"https:\/\/reiseblock.ch\/wordpress\/waid\/#primaryimage"},"image":{"@id":"https:\/\/reiseblock.ch\/wordpress\/waid\/#primaryimage"},"thumbnailUrl":"https:\/\/reiseblock.ch\/wordpress\/wp-content\/uploads\/2017\/07\/Waid_2_Web.jpg","datePublished":"2017-07-03T14:42:59+00:00","dateModified":"2017-08-14T08:33:42+00:00","description":"Die Waid oberhalb von Z\u00fcrich ist ein beliebtes Aussichtsziel mit herrlicher Aussicht auf die Stadt und auf den Z\u00fcrichsee.","breadcrumb":{"@id":"https:\/\/reiseblock.ch\/wordpress\/waid\/#breadcrumb"},"inLanguage":"de","potentialAction":[{"@type":"ReadAction","target":["https:\/\/reiseblock.ch\/wordpress\/waid\/"]}]},{"@type":"ImageObject","inLanguage":"de","@id":"https:\/\/reiseblock.ch\/wordpress\/waid\/#primaryimage","url":"https:\/\/reiseblock.ch\/wordpress\/wp-content\/uploads\/2017\/07\/Waid_2_Web.jpg","contentUrl":"https:\/\/reiseblock.ch\/wordpress\/wp-content\/uploads\/2017\/07\/Waid_2_Web.jpg","width":800,"height":514,"caption":"Herrliche Sicht von der Waid auf die Stadt Z\u00fcrich und den See"},{"@type":"BreadcrumbList","@id":"https:\/\/reiseblock.ch\/wordpress\/waid\/#breadcrumb","itemListElement":[{"@type":"ListItem","position":1,"name":"Home","item":"https:\/\/reiseblock.ch\/wordpress\/"},{"@type":"ListItem","position":2,"name":"Waid: beliebtes Vier-Saison-Ausflugsziel in Z\u00fcrich"}]},{"@type":"WebSite","@id":"https:\/\/reiseblock.ch\/wordpress\/#website","url":"https:\/\/reiseblock.ch\/wordpress\/","name":"Reiseblock","description":"Ursula Kohlers ReiseWeise","publisher":{"@id":"https:\/\/reiseblock.ch\/wordpress\/#\/schema\/person\/eafba14374f16d5fa4f73efd49243014"},"potentialAction":[{"@type":"SearchAction","target":{"@type":"EntryPoint","urlTemplate":"https:\/\/reiseblock.ch\/wordpress\/?s={search_term_string}"},"query-input":{"@type":"PropertyValueSpecification","valueRequired":true,"valueName":"search_term_string"}}],"inLanguage":"de"},{"@type":["Person","Organization"],"@id":"https:\/\/reiseblock.ch\/wordpress\/#\/schema\/person\/eafba14374f16d5fa4f73efd49243014","name":"Ursula Kohler","image":{"@type":"ImageObject","inLanguage":"de","@id":"https:\/\/secure.gravatar.com\/avatar\/014d9b9a971f617638f4298cbb55f92d20b3bf0d1c9cc32f65333b2769bcf867?s=96&d=blank&r=g","url":"https:\/\/secure.gravatar.com\/avatar\/014d9b9a971f617638f4298cbb55f92d20b3bf0d1c9cc32f65333b2769bcf867?s=96&d=blank&r=g","contentUrl":"https:\/\/secure.gravatar.com\/avatar\/014d9b9a971f617638f4298cbb55f92d20b3bf0d1c9cc32f65333b2769bcf867?s=96&d=blank&r=g","caption":"Ursula Kohler"},"logo":{"@id":"https:\/\/secure.gravatar.com\/avatar\/014d9b9a971f617638f4298cbb55f92d20b3bf0d1c9cc32f65333b2769bcf867?s=96&d=blank&r=g"}},{"@type":"Person","@id":"https:\/\/reiseblock.ch\/wordpress\/#\/schema\/person\/739b103f8e7941f579794d17e2187721","name":"admin","image":{"@type":"ImageObject","inLanguage":"de","@id":"https:\/\/secure.gravatar.com\/avatar\/a0f702f22ecd58ce02800a54cb2055cabe1fa8d7cf75ab377ce2f2b8503f188c?s=96&d=blank&r=g","url":"https:\/\/secure.gravatar.com\/avatar\/a0f702f22ecd58ce02800a54cb2055cabe1fa8d7cf75ab377ce2f2b8503f188c?s=96&d=blank&r=g","contentUrl":"https:\/\/secure.gravatar.com\/avatar\/a0f702f22ecd58ce02800a54cb2055cabe1fa8d7cf75ab377ce2f2b8503f188c?s=96&d=blank&r=g","caption":"admin"},"url":"https:\/\/reiseblock.ch\/wordpress\/author\/admin\/"}]}},"_links":{"self":[{"href":"https:\/\/reiseblock.ch\/wordpress\/wp-json\/wp\/v2\/posts\/1948","targetHints":{"allow":["GET"]}}],"collection":[{"href":"https:\/\/reiseblock.ch\/wordpress\/wp-json\/wp\/v2\/posts"}],"about":[{"href":"https:\/\/reiseblock.ch\/wordpress\/wp-json\/wp\/v2\/types\/post"}],"author":[{"embeddable":true,"href":"https:\/\/reiseblock.ch\/wordpress\/wp-json\/wp\/v2\/users\/1"}],"replies":[{"embeddable":true,"href":"https:\/\/reiseblock.ch\/wordpress\/wp-json\/wp\/v2\/comments?post=1948"}],"version-history":[{"count":11,"href":"https:\/\/reiseblock.ch\/wordpress\/wp-json\/wp\/v2\/posts\/1948\/revisions"}],"predecessor-version":[{"id":1961,"href":"https:\/\/reiseblock.ch\/wordpress\/wp-json\/wp\/v2\/posts\/1948\/revisions\/1961"}],"wp:featuredmedia":[{"embeddable":true,"href":"https:\/\/reiseblock.ch\/wordpress\/wp-json\/wp\/v2\/media\/1949"}],"wp:attachment":[{"href":"https:\/\/reiseblock.ch\/wordpress\/wp-json\/wp\/v2\/media?parent=1948"}],"wp:term":[{"taxonomy":"category","embeddable":true,"href":"https:\/\/reiseblock.ch\/wordpress\/wp-json\/wp\/v2\/categories?post=1948"},{"taxonomy":"post_tag","embeddable":true,"href":"https:\/\/reiseblock.ch\/wordpress\/wp-json\/wp\/v2\/tags?post=1948"}],"curies":[{"name":"wp","href":"https:\/\/api.w.org\/{rel}","templated":true}]}}