{"id":1920,"date":"2017-06-19T21:28:24","date_gmt":"2017-06-19T19:28:24","guid":{"rendered":"http:\/\/reiseblock.ch\/?p=1920"},"modified":"2017-06-19T21:37:10","modified_gmt":"2017-06-19T19:37:10","slug":"leukerbad-wandern-oder-lesen","status":"publish","type":"post","link":"https:\/\/reiseblock.ch\/wordpress\/leukerbad-wandern-oder-lesen\/","title":{"rendered":"Leukerbad im Wallis: Wandern oder Lesen?"},"content":{"rendered":"<div id=\"attachment_1925\" style=\"width: 810px\" class=\"wp-caption alignleft\"><img loading=\"lazy\" decoding=\"async\" aria-describedby=\"caption-attachment-1925\" class=\"size-full wp-image-1925\" src=\"http:\/\/reiseblock.ch\/wordpress\/wp-content\/uploads\/2017\/06\/Gemmi_Web_2_bearbeitet-1.jpg\" alt=\"Leukerbad vom Gemmipass aus \" width=\"800\" height=\"600\" srcset=\"https:\/\/reiseblock.ch\/wordpress\/wp-content\/uploads\/2017\/06\/Gemmi_Web_2_bearbeitet-1.jpg 800w, https:\/\/reiseblock.ch\/wordpress\/wp-content\/uploads\/2017\/06\/Gemmi_Web_2_bearbeitet-1-300x225.jpg 300w, https:\/\/reiseblock.ch\/wordpress\/wp-content\/uploads\/2017\/06\/Gemmi_Web_2_bearbeitet-1-768x576.jpg 768w\" sizes=\"auto, (max-width: 800px) 100vw, 800px\" \/><p id=\"caption-attachment-1925\" class=\"wp-caption-text\">Leukerbad vom Gemmipass aus<\/p><\/div>\n<p><span style=\"font-family: Book Antiqua,Palatino; font-size: 12pt;\">Vom 30. Juni bis 2. Juli findet in Leukerbad das <a href=\"http:\/\/literaturfestival.ch\" target=\"_blank\" rel=\"noopener noreferrer\">22. Internationale Literaturfestival<\/a> statt. Schon seit Jahren auf dem Programm, ist es mir leider auch dieses Jahr nicht m\u00f6glich, teilzunehmen. Aber ob mit oder ohne Literatur, das Walliser Bergdorf bietet alles f\u00fcr ein gelungenes Wochenende. <\/span><\/p>\n<p><!--more--><\/p>\n<p><span style=\"font-family: Book Antiqua,Palatino; font-size: 12pt;\">Vor allem in den k\u00e4lteren Jahreszeiten locken die Thermalb\u00e4der. Bekannt ist die Winterwanderung \u00fcber die Gemmi. Aber auch im Sommer ist die Landschaft um den <a href=\"https:\/\/gemmi.ch\/highlights\/home\/\" target=\"_blank\" rel=\"noopener noreferrer\">Gemmipass<\/a> eindr\u00fccklich. Die schroffen Felsen mit ihren bizarren Formen bieten ein sch\u00f6nes Fotosujet. <\/span><\/p>\n<div id=\"attachment_1924\" style=\"width: 810px\" class=\"wp-caption alignleft\"><img loading=\"lazy\" decoding=\"async\" aria-describedby=\"caption-attachment-1924\" class=\"size-full wp-image-1924\" src=\"http:\/\/reiseblock.ch\/wordpress\/wp-content\/uploads\/2017\/06\/Gemmi_Web_3.jpg\" alt=\"Auf dem Weg zum L\u00e4mmerensee\" width=\"800\" height=\"600\" srcset=\"https:\/\/reiseblock.ch\/wordpress\/wp-content\/uploads\/2017\/06\/Gemmi_Web_3.jpg 800w, https:\/\/reiseblock.ch\/wordpress\/wp-content\/uploads\/2017\/06\/Gemmi_Web_3-300x225.jpg 300w, https:\/\/reiseblock.ch\/wordpress\/wp-content\/uploads\/2017\/06\/Gemmi_Web_3-768x576.jpg 768w\" sizes=\"auto, (max-width: 800px) 100vw, 800px\" \/><p id=\"caption-attachment-1924\" class=\"wp-caption-text\">Auf dem Weg zum L\u00e4mmerensee<\/p><\/div>\n<p><span style=\"font-family: Book Antiqua,Palatino; font-size: 12pt;\">Auf dem Gemmipass liegt neben dem Daubensee auch der L\u00e4mmerensee in der N\u00e4he. Eine sch\u00f6ne Tour f\u00fchrt in ca. 50 Minuten zum Bergseelein. 40 Minuten weiter und 200 Meter h\u00f6her erreicht man die L\u00e4mmerenh\u00fctte. Ein Klassiker ist der Rundgang um den Daubensee. Wen es wegzieht, wandert \u00fcber die Gemmi bis nach Sonnb\u00fchl\/Kandersteg oder \u00fcber den Chindbettipass zur Engstligenalp\/Adelboden.<\/span><\/p>\n<p><span style=\"font-family: Book Antiqua,Palatino; font-size: 12pt;\">Aber eigentlich gibt es keinen Grund, nicht nach Leukerbad zur\u00fcckzukehren und am Abend den belebten Ort zu geniessen. Unterk\u00fcnfte gibt es in Leukerbad in grosser Bandbreite.<\/span><\/p>\n","protected":false},"excerpt":{"rendered":"<p>Vom 30. Juni bis 2. Juli findet in Leukerbad das 22. Internationale Literaturfestival statt. Schon seit Jahren auf dem Programm, ist es mir leider auch [&#8230;]<\/p>\n","protected":false},"author":1,"featured_media":1925,"comment_status":"open","ping_status":"open","sticky":false,"template":"","format":"standard","meta":{"footnotes":""},"categories":[8],"tags":[28,234,235,60],"class_list":["post-1920","post","type-post","status-publish","format-standard","has-post-thumbnail","hentry","category-tipp","tag-berge","tag-leukerbad","tag-literatur","tag-wallis"],"yoast_head":"<!-- This site is optimized with the Yoast SEO plugin v27.8 - https:\/\/yoast.com\/product\/yoast-seo-wordpress\/ -->\n<title>Leukerbad<\/title>\n<meta name=\"description\" content=\"Leukerbad bietet ganzj\u00e4hrig alles, um ein vielseitiges Wochenende zu verbringen. Im Sommer locken die Wanderwege, im Winter die Thermalb\u00e4der.\" \/>\n<meta name=\"robots\" content=\"index, follow, max-snippet:-1, max-image-preview:large, max-video-preview:-1\" \/>\n<link rel=\"canonical\" href=\"https:\/\/reiseblock.ch\/wordpress\/leukerbad-wandern-oder-lesen\/\" \/>\n<meta property=\"og:locale\" content=\"de_DE\" \/>\n<meta property=\"og:type\" content=\"article\" \/>\n<meta property=\"og:title\" content=\"Leukerbad\" \/>\n<meta property=\"og:description\" content=\"Leukerbad bietet ganzj\u00e4hrig alles, um ein vielseitiges Wochenende zu verbringen. Im Sommer locken die Wanderwege, im Winter die Thermalb\u00e4der.\" \/>\n<meta property=\"og:url\" content=\"https:\/\/reiseblock.ch\/wordpress\/leukerbad-wandern-oder-lesen\/\" \/>\n<meta property=\"og:site_name\" content=\"Reiseblock\" \/>\n<meta property=\"article:published_time\" content=\"2017-06-19T19:28:24+00:00\" \/>\n<meta property=\"article:modified_time\" content=\"2017-06-19T19:37:10+00:00\" \/>\n<meta property=\"og:image\" content=\"https:\/\/reiseblock.ch\/wordpress\/wp-content\/uploads\/2017\/06\/Gemmi_Web_2_bearbeitet-1.jpg\" \/>\n\t<meta property=\"og:image:width\" content=\"800\" \/>\n\t<meta property=\"og:image:height\" content=\"600\" \/>\n\t<meta property=\"og:image:type\" content=\"image\/jpeg\" \/>\n<meta name=\"author\" content=\"admin\" \/>\n<meta name=\"twitter:label1\" content=\"Verfasst von\" \/>\n\t<meta name=\"twitter:data1\" content=\"admin\" \/>\n\t<meta name=\"twitter:label2\" content=\"Gesch\u00e4tzte Lesezeit\" \/>\n\t<meta name=\"twitter:data2\" content=\"1\u00a0Minute\" \/>\n<script type=\"application\/ld+json\" class=\"yoast-schema-graph\">{\"@context\":\"https:\\\/\\\/schema.org\",\"@graph\":[{\"@type\":\"Article\",\"@id\":\"https:\\\/\\\/reiseblock.ch\\\/wordpress\\\/leukerbad-wandern-oder-lesen\\\/#article\",\"isPartOf\":{\"@id\":\"https:\\\/\\\/reiseblock.ch\\\/wordpress\\\/leukerbad-wandern-oder-lesen\\\/\"},\"author\":{\"name\":\"admin\",\"@id\":\"https:\\\/\\\/reiseblock.ch\\\/wordpress\\\/#\\\/schema\\\/person\\\/739b103f8e7941f579794d17e2187721\"},\"headline\":\"Leukerbad im Wallis: Wandern oder Lesen?\",\"datePublished\":\"2017-06-19T19:28:24+00:00\",\"dateModified\":\"2017-06-19T19:37:10+00:00\",\"mainEntityOfPage\":{\"@id\":\"https:\\\/\\\/reiseblock.ch\\\/wordpress\\\/leukerbad-wandern-oder-lesen\\\/\"},\"wordCount\":209,\"commentCount\":0,\"publisher\":{\"@id\":\"https:\\\/\\\/reiseblock.ch\\\/wordpress\\\/#\\\/schema\\\/person\\\/eafba14374f16d5fa4f73efd49243014\"},\"image\":{\"@id\":\"https:\\\/\\\/reiseblock.ch\\\/wordpress\\\/leukerbad-wandern-oder-lesen\\\/#primaryimage\"},\"thumbnailUrl\":\"https:\\\/\\\/reiseblock.ch\\\/wordpress\\\/wp-content\\\/uploads\\\/2017\\\/06\\\/Gemmi_Web_2_bearbeitet-1.jpg\",\"keywords\":[\"Berge\",\"Leukerbad\",\"Literatur\",\"Wallis\"],\"articleSection\":[\"Tipp\"],\"inLanguage\":\"de\",\"potentialAction\":[{\"@type\":\"CommentAction\",\"name\":\"Comment\",\"target\":[\"https:\\\/\\\/reiseblock.ch\\\/wordpress\\\/leukerbad-wandern-oder-lesen\\\/#respond\"]}]},{\"@type\":\"WebPage\",\"@id\":\"https:\\\/\\\/reiseblock.ch\\\/wordpress\\\/leukerbad-wandern-oder-lesen\\\/\",\"url\":\"https:\\\/\\\/reiseblock.ch\\\/wordpress\\\/leukerbad-wandern-oder-lesen\\\/\",\"name\":\"Leukerbad\",\"isPartOf\":{\"@id\":\"https:\\\/\\\/reiseblock.ch\\\/wordpress\\\/#website\"},\"primaryImageOfPage\":{\"@id\":\"https:\\\/\\\/reiseblock.ch\\\/wordpress\\\/leukerbad-wandern-oder-lesen\\\/#primaryimage\"},\"image\":{\"@id\":\"https:\\\/\\\/reiseblock.ch\\\/wordpress\\\/leukerbad-wandern-oder-lesen\\\/#primaryimage\"},\"thumbnailUrl\":\"https:\\\/\\\/reiseblock.ch\\\/wordpress\\\/wp-content\\\/uploads\\\/2017\\\/06\\\/Gemmi_Web_2_bearbeitet-1.jpg\",\"datePublished\":\"2017-06-19T19:28:24+00:00\",\"dateModified\":\"2017-06-19T19:37:10+00:00\",\"description\":\"Leukerbad bietet ganzj\u00e4hrig alles, um ein vielseitiges Wochenende zu verbringen. Im Sommer locken die Wanderwege, im Winter die Thermalb\u00e4der.\",\"breadcrumb\":{\"@id\":\"https:\\\/\\\/reiseblock.ch\\\/wordpress\\\/leukerbad-wandern-oder-lesen\\\/#breadcrumb\"},\"inLanguage\":\"de\",\"potentialAction\":[{\"@type\":\"ReadAction\",\"target\":[\"https:\\\/\\\/reiseblock.ch\\\/wordpress\\\/leukerbad-wandern-oder-lesen\\\/\"]}]},{\"@type\":\"ImageObject\",\"inLanguage\":\"de\",\"@id\":\"https:\\\/\\\/reiseblock.ch\\\/wordpress\\\/leukerbad-wandern-oder-lesen\\\/#primaryimage\",\"url\":\"https:\\\/\\\/reiseblock.ch\\\/wordpress\\\/wp-content\\\/uploads\\\/2017\\\/06\\\/Gemmi_Web_2_bearbeitet-1.jpg\",\"contentUrl\":\"https:\\\/\\\/reiseblock.ch\\\/wordpress\\\/wp-content\\\/uploads\\\/2017\\\/06\\\/Gemmi_Web_2_bearbeitet-1.jpg\",\"width\":800,\"height\":600,\"caption\":\"Leukerbad vom Gemmipass aus\"},{\"@type\":\"BreadcrumbList\",\"@id\":\"https:\\\/\\\/reiseblock.ch\\\/wordpress\\\/leukerbad-wandern-oder-lesen\\\/#breadcrumb\",\"itemListElement\":[{\"@type\":\"ListItem\",\"position\":1,\"name\":\"Home\",\"item\":\"https:\\\/\\\/reiseblock.ch\\\/wordpress\\\/\"},{\"@type\":\"ListItem\",\"position\":2,\"name\":\"Leukerbad im Wallis: Wandern oder Lesen?\"}]},{\"@type\":\"WebSite\",\"@id\":\"https:\\\/\\\/reiseblock.ch\\\/wordpress\\\/#website\",\"url\":\"https:\\\/\\\/reiseblock.ch\\\/wordpress\\\/\",\"name\":\"Reiseblock\",\"description\":\"Ursula Kohlers ReiseWeise\",\"publisher\":{\"@id\":\"https:\\\/\\\/reiseblock.ch\\\/wordpress\\\/#\\\/schema\\\/person\\\/eafba14374f16d5fa4f73efd49243014\"},\"potentialAction\":[{\"@type\":\"SearchAction\",\"target\":{\"@type\":\"EntryPoint\",\"urlTemplate\":\"https:\\\/\\\/reiseblock.ch\\\/wordpress\\\/?s={search_term_string}\"},\"query-input\":{\"@type\":\"PropertyValueSpecification\",\"valueRequired\":true,\"valueName\":\"search_term_string\"}}],\"inLanguage\":\"de\"},{\"@type\":[\"Person\",\"Organization\"],\"@id\":\"https:\\\/\\\/reiseblock.ch\\\/wordpress\\\/#\\\/schema\\\/person\\\/eafba14374f16d5fa4f73efd49243014\",\"name\":\"Ursula Kohler\",\"image\":{\"@type\":\"ImageObject\",\"inLanguage\":\"de\",\"@id\":\"https:\\\/\\\/secure.gravatar.com\\\/avatar\\\/014d9b9a971f617638f4298cbb55f92d20b3bf0d1c9cc32f65333b2769bcf867?s=96&d=blank&r=g\",\"url\":\"https:\\\/\\\/secure.gravatar.com\\\/avatar\\\/014d9b9a971f617638f4298cbb55f92d20b3bf0d1c9cc32f65333b2769bcf867?s=96&d=blank&r=g\",\"contentUrl\":\"https:\\\/\\\/secure.gravatar.com\\\/avatar\\\/014d9b9a971f617638f4298cbb55f92d20b3bf0d1c9cc32f65333b2769bcf867?s=96&d=blank&r=g\",\"caption\":\"Ursula Kohler\"},\"logo\":{\"@id\":\"https:\\\/\\\/secure.gravatar.com\\\/avatar\\\/014d9b9a971f617638f4298cbb55f92d20b3bf0d1c9cc32f65333b2769bcf867?s=96&d=blank&r=g\"}},{\"@type\":\"Person\",\"@id\":\"https:\\\/\\\/reiseblock.ch\\\/wordpress\\\/#\\\/schema\\\/person\\\/739b103f8e7941f579794d17e2187721\",\"name\":\"admin\",\"image\":{\"@type\":\"ImageObject\",\"inLanguage\":\"de\",\"@id\":\"https:\\\/\\\/secure.gravatar.com\\\/avatar\\\/a0f702f22ecd58ce02800a54cb2055cabe1fa8d7cf75ab377ce2f2b8503f188c?s=96&d=blank&r=g\",\"url\":\"https:\\\/\\\/secure.gravatar.com\\\/avatar\\\/a0f702f22ecd58ce02800a54cb2055cabe1fa8d7cf75ab377ce2f2b8503f188c?s=96&d=blank&r=g\",\"contentUrl\":\"https:\\\/\\\/secure.gravatar.com\\\/avatar\\\/a0f702f22ecd58ce02800a54cb2055cabe1fa8d7cf75ab377ce2f2b8503f188c?s=96&d=blank&r=g\",\"caption\":\"admin\"},\"url\":\"https:\\\/\\\/reiseblock.ch\\\/wordpress\\\/author\\\/admin\\\/\"}]}<\/script>\n<!-- \/ Yoast SEO plugin. -->","yoast_head_json":{"title":"Leukerbad","description":"Leukerbad bietet ganzj\u00e4hrig alles, um ein vielseitiges Wochenende zu verbringen. Im Sommer locken die Wanderwege, im Winter die Thermalb\u00e4der.","robots":{"index":"index","follow":"follow","max-snippet":"max-snippet:-1","max-image-preview":"max-image-preview:large","max-video-preview":"max-video-preview:-1"},"canonical":"https:\/\/reiseblock.ch\/wordpress\/leukerbad-wandern-oder-lesen\/","og_locale":"de_DE","og_type":"article","og_title":"Leukerbad","og_description":"Leukerbad bietet ganzj\u00e4hrig alles, um ein vielseitiges Wochenende zu verbringen. Im Sommer locken die Wanderwege, im Winter die Thermalb\u00e4der.","og_url":"https:\/\/reiseblock.ch\/wordpress\/leukerbad-wandern-oder-lesen\/","og_site_name":"Reiseblock","article_published_time":"2017-06-19T19:28:24+00:00","article_modified_time":"2017-06-19T19:37:10+00:00","og_image":[{"width":800,"height":600,"url":"https:\/\/reiseblock.ch\/wordpress\/wp-content\/uploads\/2017\/06\/Gemmi_Web_2_bearbeitet-1.jpg","type":"image\/jpeg"}],"author":"admin","twitter_misc":{"Verfasst von":"admin","Gesch\u00e4tzte Lesezeit":"1\u00a0Minute"},"schema":{"@context":"https:\/\/schema.org","@graph":[{"@type":"Article","@id":"https:\/\/reiseblock.ch\/wordpress\/leukerbad-wandern-oder-lesen\/#article","isPartOf":{"@id":"https:\/\/reiseblock.ch\/wordpress\/leukerbad-wandern-oder-lesen\/"},"author":{"name":"admin","@id":"https:\/\/reiseblock.ch\/wordpress\/#\/schema\/person\/739b103f8e7941f579794d17e2187721"},"headline":"Leukerbad im Wallis: Wandern oder Lesen?","datePublished":"2017-06-19T19:28:24+00:00","dateModified":"2017-06-19T19:37:10+00:00","mainEntityOfPage":{"@id":"https:\/\/reiseblock.ch\/wordpress\/leukerbad-wandern-oder-lesen\/"},"wordCount":209,"commentCount":0,"publisher":{"@id":"https:\/\/reiseblock.ch\/wordpress\/#\/schema\/person\/eafba14374f16d5fa4f73efd49243014"},"image":{"@id":"https:\/\/reiseblock.ch\/wordpress\/leukerbad-wandern-oder-lesen\/#primaryimage"},"thumbnailUrl":"https:\/\/reiseblock.ch\/wordpress\/wp-content\/uploads\/2017\/06\/Gemmi_Web_2_bearbeitet-1.jpg","keywords":["Berge","Leukerbad","Literatur","Wallis"],"articleSection":["Tipp"],"inLanguage":"de","potentialAction":[{"@type":"CommentAction","name":"Comment","target":["https:\/\/reiseblock.ch\/wordpress\/leukerbad-wandern-oder-lesen\/#respond"]}]},{"@type":"WebPage","@id":"https:\/\/reiseblock.ch\/wordpress\/leukerbad-wandern-oder-lesen\/","url":"https:\/\/reiseblock.ch\/wordpress\/leukerbad-wandern-oder-lesen\/","name":"Leukerbad","isPartOf":{"@id":"https:\/\/reiseblock.ch\/wordpress\/#website"},"primaryImageOfPage":{"@id":"https:\/\/reiseblock.ch\/wordpress\/leukerbad-wandern-oder-lesen\/#primaryimage"},"image":{"@id":"https:\/\/reiseblock.ch\/wordpress\/leukerbad-wandern-oder-lesen\/#primaryimage"},"thumbnailUrl":"https:\/\/reiseblock.ch\/wordpress\/wp-content\/uploads\/2017\/06\/Gemmi_Web_2_bearbeitet-1.jpg","datePublished":"2017-06-19T19:28:24+00:00","dateModified":"2017-06-19T19:37:10+00:00","description":"Leukerbad bietet ganzj\u00e4hrig alles, um ein vielseitiges Wochenende zu verbringen. Im Sommer locken die Wanderwege, im Winter die Thermalb\u00e4der.","breadcrumb":{"@id":"https:\/\/reiseblock.ch\/wordpress\/leukerbad-wandern-oder-lesen\/#breadcrumb"},"inLanguage":"de","potentialAction":[{"@type":"ReadAction","target":["https:\/\/reiseblock.ch\/wordpress\/leukerbad-wandern-oder-lesen\/"]}]},{"@type":"ImageObject","inLanguage":"de","@id":"https:\/\/reiseblock.ch\/wordpress\/leukerbad-wandern-oder-lesen\/#primaryimage","url":"https:\/\/reiseblock.ch\/wordpress\/wp-content\/uploads\/2017\/06\/Gemmi_Web_2_bearbeitet-1.jpg","contentUrl":"https:\/\/reiseblock.ch\/wordpress\/wp-content\/uploads\/2017\/06\/Gemmi_Web_2_bearbeitet-1.jpg","width":800,"height":600,"caption":"Leukerbad vom Gemmipass aus"},{"@type":"BreadcrumbList","@id":"https:\/\/reiseblock.ch\/wordpress\/leukerbad-wandern-oder-lesen\/#breadcrumb","itemListElement":[{"@type":"ListItem","position":1,"name":"Home","item":"https:\/\/reiseblock.ch\/wordpress\/"},{"@type":"ListItem","position":2,"name":"Leukerbad im Wallis: Wandern oder Lesen?"}]},{"@type":"WebSite","@id":"https:\/\/reiseblock.ch\/wordpress\/#website","url":"https:\/\/reiseblock.ch\/wordpress\/","name":"Reiseblock","description":"Ursula Kohlers ReiseWeise","publisher":{"@id":"https:\/\/reiseblock.ch\/wordpress\/#\/schema\/person\/eafba14374f16d5fa4f73efd49243014"},"potentialAction":[{"@type":"SearchAction","target":{"@type":"EntryPoint","urlTemplate":"https:\/\/reiseblock.ch\/wordpress\/?s={search_term_string}"},"query-input":{"@type":"PropertyValueSpecification","valueRequired":true,"valueName":"search_term_string"}}],"inLanguage":"de"},{"@type":["Person","Organization"],"@id":"https:\/\/reiseblock.ch\/wordpress\/#\/schema\/person\/eafba14374f16d5fa4f73efd49243014","name":"Ursula Kohler","image":{"@type":"ImageObject","inLanguage":"de","@id":"https:\/\/secure.gravatar.com\/avatar\/014d9b9a971f617638f4298cbb55f92d20b3bf0d1c9cc32f65333b2769bcf867?s=96&d=blank&r=g","url":"https:\/\/secure.gravatar.com\/avatar\/014d9b9a971f617638f4298cbb55f92d20b3bf0d1c9cc32f65333b2769bcf867?s=96&d=blank&r=g","contentUrl":"https:\/\/secure.gravatar.com\/avatar\/014d9b9a971f617638f4298cbb55f92d20b3bf0d1c9cc32f65333b2769bcf867?s=96&d=blank&r=g","caption":"Ursula Kohler"},"logo":{"@id":"https:\/\/secure.gravatar.com\/avatar\/014d9b9a971f617638f4298cbb55f92d20b3bf0d1c9cc32f65333b2769bcf867?s=96&d=blank&r=g"}},{"@type":"Person","@id":"https:\/\/reiseblock.ch\/wordpress\/#\/schema\/person\/739b103f8e7941f579794d17e2187721","name":"admin","image":{"@type":"ImageObject","inLanguage":"de","@id":"https:\/\/secure.gravatar.com\/avatar\/a0f702f22ecd58ce02800a54cb2055cabe1fa8d7cf75ab377ce2f2b8503f188c?s=96&d=blank&r=g","url":"https:\/\/secure.gravatar.com\/avatar\/a0f702f22ecd58ce02800a54cb2055cabe1fa8d7cf75ab377ce2f2b8503f188c?s=96&d=blank&r=g","contentUrl":"https:\/\/secure.gravatar.com\/avatar\/a0f702f22ecd58ce02800a54cb2055cabe1fa8d7cf75ab377ce2f2b8503f188c?s=96&d=blank&r=g","caption":"admin"},"url":"https:\/\/reiseblock.ch\/wordpress\/author\/admin\/"}]}},"_links":{"self":[{"href":"https:\/\/reiseblock.ch\/wordpress\/wp-json\/wp\/v2\/posts\/1920","targetHints":{"allow":["GET"]}}],"collection":[{"href":"https:\/\/reiseblock.ch\/wordpress\/wp-json\/wp\/v2\/posts"}],"about":[{"href":"https:\/\/reiseblock.ch\/wordpress\/wp-json\/wp\/v2\/types\/post"}],"author":[{"embeddable":true,"href":"https:\/\/reiseblock.ch\/wordpress\/wp-json\/wp\/v2\/users\/1"}],"replies":[{"embeddable":true,"href":"https:\/\/reiseblock.ch\/wordpress\/wp-json\/wp\/v2\/comments?post=1920"}],"version-history":[{"count":6,"href":"https:\/\/reiseblock.ch\/wordpress\/wp-json\/wp\/v2\/posts\/1920\/revisions"}],"predecessor-version":[{"id":1930,"href":"https:\/\/reiseblock.ch\/wordpress\/wp-json\/wp\/v2\/posts\/1920\/revisions\/1930"}],"wp:featuredmedia":[{"embeddable":true,"href":"https:\/\/reiseblock.ch\/wordpress\/wp-json\/wp\/v2\/media\/1925"}],"wp:attachment":[{"href":"https:\/\/reiseblock.ch\/wordpress\/wp-json\/wp\/v2\/media?parent=1920"}],"wp:term":[{"taxonomy":"category","embeddable":true,"href":"https:\/\/reiseblock.ch\/wordpress\/wp-json\/wp\/v2\/categories?post=1920"},{"taxonomy":"post_tag","embeddable":true,"href":"https:\/\/reiseblock.ch\/wordpress\/wp-json\/wp\/v2\/tags?post=1920"}],"curies":[{"name":"wp","href":"https:\/\/api.w.org\/{rel}","templated":true}]}}