{"id":1694,"date":"2017-04-24T16:12:04","date_gmt":"2017-04-24T14:12:04","guid":{"rendered":"http:\/\/reiseblock.ch\/?p=1694"},"modified":"2017-05-22T17:33:00","modified_gmt":"2017-05-22T15:33:00","slug":"1694-2","status":"publish","type":"post","link":"https:\/\/reiseblock.ch\/wordpress\/1694-2\/","title":{"rendered":"Im Wallis: Auf dem Massaweg"},"content":{"rendered":"<div id=\"attachment_1695\" style=\"width: 710px\" class=\"wp-caption alignleft\"><a href=\"http:\/\/reiseblock.ch\/wordpress\/wp-content\/uploads\/2017\/04\/IMG_2830.jpg\"><img loading=\"lazy\" decoding=\"async\" aria-describedby=\"caption-attachment-1695\" class=\"wp-image-1695 size-large\" src=\"http:\/\/reiseblock.ch\/wordpress\/wp-content\/uploads\/2017\/04\/IMG_2830-1024x768.jpg\" alt=\"Unterwegs auf dem Massaweg\" width=\"700\" height=\"525\" \/><\/a><p id=\"caption-attachment-1695\" class=\"wp-caption-text\">Unterwegs auf dem Massaweg<\/p><\/div>\n<p><span style=\"font-size: 12pt;\"><br \/>\n<span style=\"font-family: Book Antiqua,Palatino;\">Schon lange geplant und nun im April endlich durchgef\u00fchrt: die Massenwanderung von Ried-M\u00f6rel nach Blatten. Die Tour dauert knapp 3 Stunden. Der Tag ist sonnig und warm. Das erste Teilst\u00fcck f\u00fchrt der Riederi-Suone entlang und \u00f6ffnet einen tollen Blick ins Simplongebirge.<\/span><\/span><\/p>\n<p><span style=\"font-family: Book Antiqua,Palatino;\"><!--more--><\/span><\/p>\n<p><span style=\"font-size: 12pt; font-family: Book Antiqua,Palatino;\">Dann gilts ernst: Entlang der Massa f\u00fchrt der Weg durch die Schlucht. Ausgesetzte Stellen sind mit einer Kette im Fels gesichert, an der man sich halten kann. Auch wenn der Weg an und f\u00fcr sich gut gef\u00fchrt ist, gibt das Sicherheit \u2013 auch f\u00fcr Schwindelfreie. <\/span><\/p>\n<p><span style=\"font-family: Book Antiqua,Palatino;\"><span style=\"font-size: 12pt;\"><a href=\"http:\/\/reiseblock.ch\/wordpress\/wp-content\/uploads\/2017\/04\/IMG_2832.jpg\"><img loading=\"lazy\" decoding=\"async\" class=\"alignleft size-thumbnail wp-image-1696\" src=\"http:\/\/reiseblock.ch\/wordpress\/wp-content\/uploads\/2017\/04\/IMG_2832-150x150.jpg\" alt=\"\" width=\"150\" height=\"150\" srcset=\"https:\/\/reiseblock.ch\/wordpress\/wp-content\/uploads\/2017\/04\/IMG_2832-150x150.jpg 150w, https:\/\/reiseblock.ch\/wordpress\/wp-content\/uploads\/2017\/04\/IMG_2832-50x50.jpg 50w\" sizes=\"auto, (max-width: 150px) 100vw, 150px\" \/><\/a>Die heiklen Stellen lassen sich an einer Hand abz\u00e4hlen und tauchen im zweiten Teil der Wanderung nicht mehr auf. <\/span><span style=\"font-size: 12pt;\">Der Weg ist abwechslungsreich, f\u00fchrt in einem grossen Bogen zuletzt unterhalb des Stausees \u00fcber eine Br\u00fccke. Nun gilt es noch einen kleinen Auf- und Abstieg durch waldiges Gebiet zu \u00fcberwinden, bis man in Blatten (bei Naters) eintrifft. Der alte Dorfkern ist intakt, die Ortschaft liegt auf 1327 Metern. Ein neues Reka-Ferienzentrum f\u00fcgt sich in die Landschaft ein. Mit einer Gondelbahn gelangt man direkt auf die Belalp. Jetzt in der Zwischenzeit ist es jedoch sehr ruhig, die Bahn f\u00e4hrt nur vereinzelt am Tag. N\u00e4chstes Mal w\u00e4hlen wir die Verbindung von der Belalp zur Riederalp \u00fcber die H\u00e4ngebr\u00fccke.<\/span><\/span><\/p>\n<div id=\"attachment_1697\" style=\"width: 160px\" class=\"wp-caption alignleft\"><a href=\"http:\/\/reiseblock.ch\/wordpress\/wp-content\/uploads\/2017\/04\/IMG_2835.jpg\"><img loading=\"lazy\" decoding=\"async\" aria-describedby=\"caption-attachment-1697\" class=\"wp-image-1697 size-thumbnail\" src=\"http:\/\/reiseblock.ch\/wordpress\/wp-content\/uploads\/2017\/04\/IMG_2835-150x150.jpg\" alt=\"Blatten bei Naters\" width=\"150\" height=\"150\" srcset=\"https:\/\/reiseblock.ch\/wordpress\/wp-content\/uploads\/2017\/04\/IMG_2835-150x150.jpg 150w, https:\/\/reiseblock.ch\/wordpress\/wp-content\/uploads\/2017\/04\/IMG_2835-50x50.jpg 50w\" sizes=\"auto, (max-width: 150px) 100vw, 150px\" \/><\/a><p id=\"caption-attachment-1697\" class=\"wp-caption-text\"><\/span> <span style=\"font-family: Book Antiqua,Palatino;\">Blatten bei Naters<\/span><\/p><\/div>\n<p><span style=\"font-size: 12pt; font-family: Book Antiqua,Palatino;\">Bei Blatten f\u00e4hrt das Postauto nach Brig. Die Tour kann ebenso gut in die umgekehrte Richtung gewandert werden. In Ried-M\u00f6rel liegt die Zwischenstation der Gondelbahn von M\u00f6rel nach Riederalp. Eine Verl\u00e4ngerung \u00fcber Gleich, Goppisberg bis nach Blatten ist m\u00f6glich. <\/span><\/p>\n<p><span style=\"font-size: 12pt; font-family: Book Antiqua,Palatino;\">Mit kleinen Kindern w\u00fcrde ich diese Route nicht w\u00e4hlen, ebenso ist bei nassem Wetter Vorsicht geboten. Auf die Saison achten.\u00a0<\/span><\/p>\n<p>&nbsp;<\/p>\n","protected":false},"excerpt":{"rendered":"<p>Schon lange geplant und nun im April endlich durchgef\u00fchrt: die Massenwanderung von Ried-M\u00f6rel nach Blatten. Die Tour dauert knapp 3 Stunden. Der Tag ist sonnig [&#8230;]<\/p>\n","protected":false},"author":1,"featured_media":1695,"comment_status":"open","ping_status":"open","sticky":false,"template":"","format":"standard","meta":{"footnotes":""},"categories":[8],"tags":[226,225,187,60],"class_list":["post-1694","post","type-post","status-publish","format-standard","has-post-thumbnail","hentry","category-tipp","tag-blatten","tag-massaweg","tag-riederalp","tag-wallis"],"yoast_head":"<!-- This site is optimized with the Yoast SEO plugin v27.8 - https:\/\/yoast.com\/product\/yoast-seo-wordpress\/ -->\n<title>Im Wallis: Auf dem Massaweg &#8211; Reiseblock<\/title>\n<meta name=\"description\" content=\"Der Massaweg im Wallis f\u00fchrt von Ried-M\u00f6rel nach Blatten oder umgekehrt. Eine empfehlenswerte Wanderung bei trockenem Wetter.\" \/>\n<meta name=\"robots\" content=\"index, follow, max-snippet:-1, max-image-preview:large, max-video-preview:-1\" \/>\n<link rel=\"canonical\" href=\"https:\/\/reiseblock.ch\/wordpress\/1694-2\/\" \/>\n<meta property=\"og:locale\" content=\"de_DE\" \/>\n<meta property=\"og:type\" content=\"article\" \/>\n<meta property=\"og:title\" content=\"Im Wallis: Auf dem Massaweg &#8211; Reiseblock\" \/>\n<meta property=\"og:description\" content=\"Der Massaweg im Wallis f\u00fchrt von Ried-M\u00f6rel nach Blatten oder umgekehrt. Eine empfehlenswerte Wanderung bei trockenem Wetter.\" \/>\n<meta property=\"og:url\" content=\"https:\/\/reiseblock.ch\/wordpress\/1694-2\/\" \/>\n<meta property=\"og:site_name\" content=\"Reiseblock\" \/>\n<meta property=\"article:published_time\" content=\"2017-04-24T14:12:04+00:00\" \/>\n<meta property=\"article:modified_time\" content=\"2017-05-22T15:33:00+00:00\" \/>\n<meta property=\"og:image\" content=\"https:\/\/reiseblock.ch\/wordpress\/wp-content\/uploads\/2017\/04\/IMG_2830-e1495465322355.jpg\" \/>\n\t<meta property=\"og:image:width\" content=\"500\" \/>\n\t<meta property=\"og:image:height\" content=\"375\" \/>\n\t<meta property=\"og:image:type\" content=\"image\/jpeg\" \/>\n<meta name=\"author\" content=\"admin\" \/>\n<meta name=\"twitter:label1\" content=\"Verfasst von\" \/>\n\t<meta name=\"twitter:data1\" content=\"admin\" \/>\n\t<meta name=\"twitter:label2\" content=\"Gesch\u00e4tzte Lesezeit\" \/>\n\t<meta name=\"twitter:data2\" content=\"2\u00a0Minuten\" \/>\n<script type=\"application\/ld+json\" class=\"yoast-schema-graph\">{\"@context\":\"https:\\\/\\\/schema.org\",\"@graph\":[{\"@type\":\"Article\",\"@id\":\"https:\\\/\\\/reiseblock.ch\\\/wordpress\\\/1694-2\\\/#article\",\"isPartOf\":{\"@id\":\"https:\\\/\\\/reiseblock.ch\\\/wordpress\\\/1694-2\\\/\"},\"author\":{\"name\":\"admin\",\"@id\":\"https:\\\/\\\/reiseblock.ch\\\/wordpress\\\/#\\\/schema\\\/person\\\/739b103f8e7941f579794d17e2187721\"},\"headline\":\"Im Wallis: Auf dem Massaweg\",\"datePublished\":\"2017-04-24T14:12:04+00:00\",\"dateModified\":\"2017-05-22T15:33:00+00:00\",\"mainEntityOfPage\":{\"@id\":\"https:\\\/\\\/reiseblock.ch\\\/wordpress\\\/1694-2\\\/\"},\"wordCount\":308,\"commentCount\":0,\"publisher\":{\"@id\":\"https:\\\/\\\/reiseblock.ch\\\/wordpress\\\/#\\\/schema\\\/person\\\/eafba14374f16d5fa4f73efd49243014\"},\"image\":{\"@id\":\"https:\\\/\\\/reiseblock.ch\\\/wordpress\\\/1694-2\\\/#primaryimage\"},\"thumbnailUrl\":\"https:\\\/\\\/reiseblock.ch\\\/wordpress\\\/wp-content\\\/uploads\\\/2017\\\/04\\\/IMG_2830-e1495465322355.jpg\",\"keywords\":[\"Blatten\",\"Massaweg\",\"Riederalp\",\"Wallis\"],\"articleSection\":[\"Tipp\"],\"inLanguage\":\"de\",\"potentialAction\":[{\"@type\":\"CommentAction\",\"name\":\"Comment\",\"target\":[\"https:\\\/\\\/reiseblock.ch\\\/wordpress\\\/1694-2\\\/#respond\"]}]},{\"@type\":\"WebPage\",\"@id\":\"https:\\\/\\\/reiseblock.ch\\\/wordpress\\\/1694-2\\\/\",\"url\":\"https:\\\/\\\/reiseblock.ch\\\/wordpress\\\/1694-2\\\/\",\"name\":\"Im Wallis: Auf dem Massaweg &#8211; Reiseblock\",\"isPartOf\":{\"@id\":\"https:\\\/\\\/reiseblock.ch\\\/wordpress\\\/#website\"},\"primaryImageOfPage\":{\"@id\":\"https:\\\/\\\/reiseblock.ch\\\/wordpress\\\/1694-2\\\/#primaryimage\"},\"image\":{\"@id\":\"https:\\\/\\\/reiseblock.ch\\\/wordpress\\\/1694-2\\\/#primaryimage\"},\"thumbnailUrl\":\"https:\\\/\\\/reiseblock.ch\\\/wordpress\\\/wp-content\\\/uploads\\\/2017\\\/04\\\/IMG_2830-e1495465322355.jpg\",\"datePublished\":\"2017-04-24T14:12:04+00:00\",\"dateModified\":\"2017-05-22T15:33:00+00:00\",\"description\":\"Der Massaweg im Wallis f\u00fchrt von Ried-M\u00f6rel nach Blatten oder umgekehrt. Eine empfehlenswerte Wanderung bei trockenem Wetter.\",\"breadcrumb\":{\"@id\":\"https:\\\/\\\/reiseblock.ch\\\/wordpress\\\/1694-2\\\/#breadcrumb\"},\"inLanguage\":\"de\",\"potentialAction\":[{\"@type\":\"ReadAction\",\"target\":[\"https:\\\/\\\/reiseblock.ch\\\/wordpress\\\/1694-2\\\/\"]}]},{\"@type\":\"ImageObject\",\"inLanguage\":\"de\",\"@id\":\"https:\\\/\\\/reiseblock.ch\\\/wordpress\\\/1694-2\\\/#primaryimage\",\"url\":\"https:\\\/\\\/reiseblock.ch\\\/wordpress\\\/wp-content\\\/uploads\\\/2017\\\/04\\\/IMG_2830-e1495465322355.jpg\",\"contentUrl\":\"https:\\\/\\\/reiseblock.ch\\\/wordpress\\\/wp-content\\\/uploads\\\/2017\\\/04\\\/IMG_2830-e1495465322355.jpg\",\"width\":500,\"height\":375},{\"@type\":\"BreadcrumbList\",\"@id\":\"https:\\\/\\\/reiseblock.ch\\\/wordpress\\\/1694-2\\\/#breadcrumb\",\"itemListElement\":[{\"@type\":\"ListItem\",\"position\":1,\"name\":\"Home\",\"item\":\"https:\\\/\\\/reiseblock.ch\\\/wordpress\\\/\"},{\"@type\":\"ListItem\",\"position\":2,\"name\":\"Im Wallis: Auf dem Massaweg\"}]},{\"@type\":\"WebSite\",\"@id\":\"https:\\\/\\\/reiseblock.ch\\\/wordpress\\\/#website\",\"url\":\"https:\\\/\\\/reiseblock.ch\\\/wordpress\\\/\",\"name\":\"Reiseblock\",\"description\":\"Ursula Kohlers ReiseWeise\",\"publisher\":{\"@id\":\"https:\\\/\\\/reiseblock.ch\\\/wordpress\\\/#\\\/schema\\\/person\\\/eafba14374f16d5fa4f73efd49243014\"},\"potentialAction\":[{\"@type\":\"SearchAction\",\"target\":{\"@type\":\"EntryPoint\",\"urlTemplate\":\"https:\\\/\\\/reiseblock.ch\\\/wordpress\\\/?s={search_term_string}\"},\"query-input\":{\"@type\":\"PropertyValueSpecification\",\"valueRequired\":true,\"valueName\":\"search_term_string\"}}],\"inLanguage\":\"de\"},{\"@type\":[\"Person\",\"Organization\"],\"@id\":\"https:\\\/\\\/reiseblock.ch\\\/wordpress\\\/#\\\/schema\\\/person\\\/eafba14374f16d5fa4f73efd49243014\",\"name\":\"Ursula Kohler\",\"image\":{\"@type\":\"ImageObject\",\"inLanguage\":\"de\",\"@id\":\"https:\\\/\\\/secure.gravatar.com\\\/avatar\\\/014d9b9a971f617638f4298cbb55f92d20b3bf0d1c9cc32f65333b2769bcf867?s=96&d=blank&r=g\",\"url\":\"https:\\\/\\\/secure.gravatar.com\\\/avatar\\\/014d9b9a971f617638f4298cbb55f92d20b3bf0d1c9cc32f65333b2769bcf867?s=96&d=blank&r=g\",\"contentUrl\":\"https:\\\/\\\/secure.gravatar.com\\\/avatar\\\/014d9b9a971f617638f4298cbb55f92d20b3bf0d1c9cc32f65333b2769bcf867?s=96&d=blank&r=g\",\"caption\":\"Ursula Kohler\"},\"logo\":{\"@id\":\"https:\\\/\\\/secure.gravatar.com\\\/avatar\\\/014d9b9a971f617638f4298cbb55f92d20b3bf0d1c9cc32f65333b2769bcf867?s=96&d=blank&r=g\"}},{\"@type\":\"Person\",\"@id\":\"https:\\\/\\\/reiseblock.ch\\\/wordpress\\\/#\\\/schema\\\/person\\\/739b103f8e7941f579794d17e2187721\",\"name\":\"admin\",\"image\":{\"@type\":\"ImageObject\",\"inLanguage\":\"de\",\"@id\":\"https:\\\/\\\/secure.gravatar.com\\\/avatar\\\/a0f702f22ecd58ce02800a54cb2055cabe1fa8d7cf75ab377ce2f2b8503f188c?s=96&d=blank&r=g\",\"url\":\"https:\\\/\\\/secure.gravatar.com\\\/avatar\\\/a0f702f22ecd58ce02800a54cb2055cabe1fa8d7cf75ab377ce2f2b8503f188c?s=96&d=blank&r=g\",\"contentUrl\":\"https:\\\/\\\/secure.gravatar.com\\\/avatar\\\/a0f702f22ecd58ce02800a54cb2055cabe1fa8d7cf75ab377ce2f2b8503f188c?s=96&d=blank&r=g\",\"caption\":\"admin\"},\"url\":\"https:\\\/\\\/reiseblock.ch\\\/wordpress\\\/author\\\/admin\\\/\"}]}<\/script>\n<!-- \/ Yoast SEO plugin. -->","yoast_head_json":{"title":"Im Wallis: Auf dem Massaweg &#8211; Reiseblock","description":"Der Massaweg im Wallis f\u00fchrt von Ried-M\u00f6rel nach Blatten oder umgekehrt. Eine empfehlenswerte Wanderung bei trockenem Wetter.","robots":{"index":"index","follow":"follow","max-snippet":"max-snippet:-1","max-image-preview":"max-image-preview:large","max-video-preview":"max-video-preview:-1"},"canonical":"https:\/\/reiseblock.ch\/wordpress\/1694-2\/","og_locale":"de_DE","og_type":"article","og_title":"Im Wallis: Auf dem Massaweg &#8211; Reiseblock","og_description":"Der Massaweg im Wallis f\u00fchrt von Ried-M\u00f6rel nach Blatten oder umgekehrt. Eine empfehlenswerte Wanderung bei trockenem Wetter.","og_url":"https:\/\/reiseblock.ch\/wordpress\/1694-2\/","og_site_name":"Reiseblock","article_published_time":"2017-04-24T14:12:04+00:00","article_modified_time":"2017-05-22T15:33:00+00:00","og_image":[{"width":500,"height":375,"url":"https:\/\/reiseblock.ch\/wordpress\/wp-content\/uploads\/2017\/04\/IMG_2830-e1495465322355.jpg","type":"image\/jpeg"}],"author":"admin","twitter_misc":{"Verfasst von":"admin","Gesch\u00e4tzte Lesezeit":"2\u00a0Minuten"},"schema":{"@context":"https:\/\/schema.org","@graph":[{"@type":"Article","@id":"https:\/\/reiseblock.ch\/wordpress\/1694-2\/#article","isPartOf":{"@id":"https:\/\/reiseblock.ch\/wordpress\/1694-2\/"},"author":{"name":"admin","@id":"https:\/\/reiseblock.ch\/wordpress\/#\/schema\/person\/739b103f8e7941f579794d17e2187721"},"headline":"Im Wallis: Auf dem Massaweg","datePublished":"2017-04-24T14:12:04+00:00","dateModified":"2017-05-22T15:33:00+00:00","mainEntityOfPage":{"@id":"https:\/\/reiseblock.ch\/wordpress\/1694-2\/"},"wordCount":308,"commentCount":0,"publisher":{"@id":"https:\/\/reiseblock.ch\/wordpress\/#\/schema\/person\/eafba14374f16d5fa4f73efd49243014"},"image":{"@id":"https:\/\/reiseblock.ch\/wordpress\/1694-2\/#primaryimage"},"thumbnailUrl":"https:\/\/reiseblock.ch\/wordpress\/wp-content\/uploads\/2017\/04\/IMG_2830-e1495465322355.jpg","keywords":["Blatten","Massaweg","Riederalp","Wallis"],"articleSection":["Tipp"],"inLanguage":"de","potentialAction":[{"@type":"CommentAction","name":"Comment","target":["https:\/\/reiseblock.ch\/wordpress\/1694-2\/#respond"]}]},{"@type":"WebPage","@id":"https:\/\/reiseblock.ch\/wordpress\/1694-2\/","url":"https:\/\/reiseblock.ch\/wordpress\/1694-2\/","name":"Im Wallis: Auf dem Massaweg &#8211; Reiseblock","isPartOf":{"@id":"https:\/\/reiseblock.ch\/wordpress\/#website"},"primaryImageOfPage":{"@id":"https:\/\/reiseblock.ch\/wordpress\/1694-2\/#primaryimage"},"image":{"@id":"https:\/\/reiseblock.ch\/wordpress\/1694-2\/#primaryimage"},"thumbnailUrl":"https:\/\/reiseblock.ch\/wordpress\/wp-content\/uploads\/2017\/04\/IMG_2830-e1495465322355.jpg","datePublished":"2017-04-24T14:12:04+00:00","dateModified":"2017-05-22T15:33:00+00:00","description":"Der Massaweg im Wallis f\u00fchrt von Ried-M\u00f6rel nach Blatten oder umgekehrt. Eine empfehlenswerte Wanderung bei trockenem Wetter.","breadcrumb":{"@id":"https:\/\/reiseblock.ch\/wordpress\/1694-2\/#breadcrumb"},"inLanguage":"de","potentialAction":[{"@type":"ReadAction","target":["https:\/\/reiseblock.ch\/wordpress\/1694-2\/"]}]},{"@type":"ImageObject","inLanguage":"de","@id":"https:\/\/reiseblock.ch\/wordpress\/1694-2\/#primaryimage","url":"https:\/\/reiseblock.ch\/wordpress\/wp-content\/uploads\/2017\/04\/IMG_2830-e1495465322355.jpg","contentUrl":"https:\/\/reiseblock.ch\/wordpress\/wp-content\/uploads\/2017\/04\/IMG_2830-e1495465322355.jpg","width":500,"height":375},{"@type":"BreadcrumbList","@id":"https:\/\/reiseblock.ch\/wordpress\/1694-2\/#breadcrumb","itemListElement":[{"@type":"ListItem","position":1,"name":"Home","item":"https:\/\/reiseblock.ch\/wordpress\/"},{"@type":"ListItem","position":2,"name":"Im Wallis: Auf dem Massaweg"}]},{"@type":"WebSite","@id":"https:\/\/reiseblock.ch\/wordpress\/#website","url":"https:\/\/reiseblock.ch\/wordpress\/","name":"Reiseblock","description":"Ursula Kohlers ReiseWeise","publisher":{"@id":"https:\/\/reiseblock.ch\/wordpress\/#\/schema\/person\/eafba14374f16d5fa4f73efd49243014"},"potentialAction":[{"@type":"SearchAction","target":{"@type":"EntryPoint","urlTemplate":"https:\/\/reiseblock.ch\/wordpress\/?s={search_term_string}"},"query-input":{"@type":"PropertyValueSpecification","valueRequired":true,"valueName":"search_term_string"}}],"inLanguage":"de"},{"@type":["Person","Organization"],"@id":"https:\/\/reiseblock.ch\/wordpress\/#\/schema\/person\/eafba14374f16d5fa4f73efd49243014","name":"Ursula Kohler","image":{"@type":"ImageObject","inLanguage":"de","@id":"https:\/\/secure.gravatar.com\/avatar\/014d9b9a971f617638f4298cbb55f92d20b3bf0d1c9cc32f65333b2769bcf867?s=96&d=blank&r=g","url":"https:\/\/secure.gravatar.com\/avatar\/014d9b9a971f617638f4298cbb55f92d20b3bf0d1c9cc32f65333b2769bcf867?s=96&d=blank&r=g","contentUrl":"https:\/\/secure.gravatar.com\/avatar\/014d9b9a971f617638f4298cbb55f92d20b3bf0d1c9cc32f65333b2769bcf867?s=96&d=blank&r=g","caption":"Ursula Kohler"},"logo":{"@id":"https:\/\/secure.gravatar.com\/avatar\/014d9b9a971f617638f4298cbb55f92d20b3bf0d1c9cc32f65333b2769bcf867?s=96&d=blank&r=g"}},{"@type":"Person","@id":"https:\/\/reiseblock.ch\/wordpress\/#\/schema\/person\/739b103f8e7941f579794d17e2187721","name":"admin","image":{"@type":"ImageObject","inLanguage":"de","@id":"https:\/\/secure.gravatar.com\/avatar\/a0f702f22ecd58ce02800a54cb2055cabe1fa8d7cf75ab377ce2f2b8503f188c?s=96&d=blank&r=g","url":"https:\/\/secure.gravatar.com\/avatar\/a0f702f22ecd58ce02800a54cb2055cabe1fa8d7cf75ab377ce2f2b8503f188c?s=96&d=blank&r=g","contentUrl":"https:\/\/secure.gravatar.com\/avatar\/a0f702f22ecd58ce02800a54cb2055cabe1fa8d7cf75ab377ce2f2b8503f188c?s=96&d=blank&r=g","caption":"admin"},"url":"https:\/\/reiseblock.ch\/wordpress\/author\/admin\/"}]}},"_links":{"self":[{"href":"https:\/\/reiseblock.ch\/wordpress\/wp-json\/wp\/v2\/posts\/1694","targetHints":{"allow":["GET"]}}],"collection":[{"href":"https:\/\/reiseblock.ch\/wordpress\/wp-json\/wp\/v2\/posts"}],"about":[{"href":"https:\/\/reiseblock.ch\/wordpress\/wp-json\/wp\/v2\/types\/post"}],"author":[{"embeddable":true,"href":"https:\/\/reiseblock.ch\/wordpress\/wp-json\/wp\/v2\/users\/1"}],"replies":[{"embeddable":true,"href":"https:\/\/reiseblock.ch\/wordpress\/wp-json\/wp\/v2\/comments?post=1694"}],"version-history":[{"count":14,"href":"https:\/\/reiseblock.ch\/wordpress\/wp-json\/wp\/v2\/posts\/1694\/revisions"}],"predecessor-version":[{"id":1753,"href":"https:\/\/reiseblock.ch\/wordpress\/wp-json\/wp\/v2\/posts\/1694\/revisions\/1753"}],"wp:featuredmedia":[{"embeddable":true,"href":"https:\/\/reiseblock.ch\/wordpress\/wp-json\/wp\/v2\/media\/1695"}],"wp:attachment":[{"href":"https:\/\/reiseblock.ch\/wordpress\/wp-json\/wp\/v2\/media?parent=1694"}],"wp:term":[{"taxonomy":"category","embeddable":true,"href":"https:\/\/reiseblock.ch\/wordpress\/wp-json\/wp\/v2\/categories?post=1694"},{"taxonomy":"post_tag","embeddable":true,"href":"https:\/\/reiseblock.ch\/wordpress\/wp-json\/wp\/v2\/tags?post=1694"}],"curies":[{"name":"wp","href":"https:\/\/api.w.org\/{rel}","templated":true}]}}