{"id":1644,"date":"2016-12-06T18:36:29","date_gmt":"2016-12-06T17:36:29","guid":{"rendered":"http:\/\/reiseblock.ch\/wordpress\/?p=1644"},"modified":"2017-05-22T17:34:25","modified_gmt":"2017-05-22T15:34:25","slug":"landschaften-zum-traeumen","status":"publish","type":"post","link":"https:\/\/reiseblock.ch\/wordpress\/landschaften-zum-traeumen\/","title":{"rendered":"Landschaften zum Tr\u00e4umen"},"content":{"rendered":"<div id=\"attachment_1645\" style=\"width: 1010px\" class=\"wp-caption alignleft\"><a href=\"http:\/\/reiseblock.ch\/wordpress\/wp-content\/uploads\/2016\/12\/Wallis_Web.jpg\" rel=\"attachment wp-att-1645\"><img loading=\"lazy\" decoding=\"async\" aria-describedby=\"caption-attachment-1645\" class=\"size-full wp-image-1645\" src=\"http:\/\/reiseblock.ch\/wordpress\/wp-content\/uploads\/2016\/12\/Wallis_Web.jpg\" alt=\"Walliser Bergpanorama\" width=\"1000\" height=\"750\" srcset=\"https:\/\/reiseblock.ch\/wordpress\/wp-content\/uploads\/2016\/12\/Wallis_Web.jpg 1000w, https:\/\/reiseblock.ch\/wordpress\/wp-content\/uploads\/2016\/12\/Wallis_Web-300x225.jpg 300w, https:\/\/reiseblock.ch\/wordpress\/wp-content\/uploads\/2016\/12\/Wallis_Web-768x576.jpg 768w\" sizes=\"auto, (max-width: 1000px) 100vw, 1000px\" \/><\/a><p id=\"caption-attachment-1645\" class=\"wp-caption-text\">Walliser Bergpanorama<\/p><\/div>\n<p><span style=\"font-size: 12pt; font-family: Book Antiqua,Palatino;\">Nicht immer bleibt viel Zeit zum Reisen. Dann zum Beispiel, wenn frau an einem neuen Reisebuch schreibt und in der Endphase vor allem die Bibliothek von innen sieht. <\/span><\/p>\n<p><span style=\"font-size: 12pt; font-family: Book Antiqua,Palatino;\">Aber was f\u00fcr ein Gl\u00fcck, wenn zwischendurch beim Aufblicken vom Computer doch ein herrliches Bergpanorama winkt wie hier im Wallis. Wie das geht? Zwischendurch in den Bergen weiterarbeiten.<\/span><\/p>\n<p><span style=\"font-family: Book Antiqua,Palatino;\"><!--more--><\/span><\/p>\n<p><span style=\"font-size: 12pt; font-family: Book Antiqua,Palatino;\">Und nicht zu vergessen: Auch Z\u00fcrich ist einfach sch\u00f6n. Zweimal an der Limmat, einmal in H\u00f6ngg, einmal an der Schipfe.<\/span><\/p>\n<p><span style=\"font-family: Book Antiqua,Palatino;\"><a href=\"http:\/\/reiseblock.ch\/wordpress\/wp-content\/uploads\/2016\/12\/Limmat_1_Web.jpg\" rel=\"attachment wp-att-1648\"><img loading=\"lazy\" decoding=\"async\" class=\"alignleft size-full wp-image-1648\" src=\"http:\/\/reiseblock.ch\/wordpress\/wp-content\/uploads\/2016\/12\/Limmat_1_Web.jpg\" alt=\"Limmat_1_Web\" width=\"1000\" height=\"750\" srcset=\"https:\/\/reiseblock.ch\/wordpress\/wp-content\/uploads\/2016\/12\/Limmat_1_Web.jpg 1000w, https:\/\/reiseblock.ch\/wordpress\/wp-content\/uploads\/2016\/12\/Limmat_1_Web-300x225.jpg 300w, https:\/\/reiseblock.ch\/wordpress\/wp-content\/uploads\/2016\/12\/Limmat_1_Web-768x576.jpg 768w\" sizes=\"auto, (max-width: 1000px) 100vw, 1000px\" \/><\/a><\/span><\/p>\n<div id=\"attachment_1646\" style=\"width: 1010px\" class=\"wp-caption alignleft\"><a href=\"http:\/\/reiseblock.ch\/wordpress\/wp-content\/uploads\/2016\/12\/Limmat_4_Web.jpg\" rel=\"attachment wp-att-1646\"><img loading=\"lazy\" decoding=\"async\" aria-describedby=\"caption-attachment-1646\" class=\"size-full wp-image-1646\" src=\"http:\/\/reiseblock.ch\/wordpress\/wp-content\/uploads\/2016\/12\/Limmat_4_Web.jpg\" alt=\"Z\u00fcrich bei der Schipfe\" width=\"1000\" height=\"750\" srcset=\"https:\/\/reiseblock.ch\/wordpress\/wp-content\/uploads\/2016\/12\/Limmat_4_Web.jpg 1000w, https:\/\/reiseblock.ch\/wordpress\/wp-content\/uploads\/2016\/12\/Limmat_4_Web-300x225.jpg 300w, https:\/\/reiseblock.ch\/wordpress\/wp-content\/uploads\/2016\/12\/Limmat_4_Web-768x576.jpg 768w\" sizes=\"auto, (max-width: 1000px) 100vw, 1000px\" \/><\/a><p id=\"caption-attachment-1646\" class=\"wp-caption-text\"><\/span> Zweimal Z\u00fcrich<\/p><\/div>\n<p>&nbsp;<\/p>\n","protected":false},"excerpt":{"rendered":"<p>Nicht immer bleibt viel Zeit zum Reisen. Dann zum Beispiel, wenn frau an einem neuen Reisebuch schreibt und in der Endphase vor allem die Bibliothek [&#8230;]<\/p>\n","protected":false},"author":1,"featured_media":1645,"comment_status":"open","ping_status":"open","sticky":false,"template":"","format":"standard","meta":{"footnotes":""},"categories":[6],"tags":[28,220,60,41],"class_list":["post-1644","post","type-post","status-publish","format-standard","has-post-thumbnail","hentry","category-beitrag","tag-berge","tag-limmat","tag-wallis","tag-zuerich"],"yoast_head":"<!-- This site is optimized with the Yoast SEO plugin v27.8 - https:\/\/yoast.com\/product\/yoast-seo-wordpress\/ -->\n<title>Landschaften zum Tr\u00e4umen &#8211; Reiseblock<\/title>\n<meta name=\"description\" content=\"Ob im Wallis oder in Z\u00fcrich: Diese Landschaften sind zum Tr\u00e4umen.\" \/>\n<meta name=\"robots\" content=\"index, follow, max-snippet:-1, max-image-preview:large, max-video-preview:-1\" \/>\n<link rel=\"canonical\" href=\"https:\/\/reiseblock.ch\/wordpress\/landschaften-zum-traeumen\/\" \/>\n<meta property=\"og:locale\" content=\"de_DE\" \/>\n<meta property=\"og:type\" content=\"article\" \/>\n<meta property=\"og:title\" content=\"Landschaften zum Tr\u00e4umen &#8211; Reiseblock\" \/>\n<meta property=\"og:description\" content=\"Ob im Wallis oder in Z\u00fcrich: Diese Landschaften sind zum Tr\u00e4umen.\" \/>\n<meta property=\"og:url\" content=\"https:\/\/reiseblock.ch\/wordpress\/landschaften-zum-traeumen\/\" \/>\n<meta property=\"og:site_name\" content=\"Reiseblock\" \/>\n<meta property=\"article:published_time\" content=\"2016-12-06T17:36:29+00:00\" \/>\n<meta property=\"article:modified_time\" content=\"2017-05-22T15:34:25+00:00\" \/>\n<meta property=\"og:image\" content=\"https:\/\/reiseblock.ch\/wordpress\/wp-content\/uploads\/2016\/12\/Wallis_Web.jpg\" \/>\n\t<meta property=\"og:image:width\" content=\"1000\" \/>\n\t<meta property=\"og:image:height\" content=\"750\" \/>\n\t<meta property=\"og:image:type\" content=\"image\/jpeg\" \/>\n<meta name=\"author\" content=\"admin\" \/>\n<meta name=\"twitter:label1\" content=\"Verfasst von\" \/>\n\t<meta name=\"twitter:data1\" content=\"admin\" \/>\n\t<meta name=\"twitter:label2\" content=\"Gesch\u00e4tzte Lesezeit\" \/>\n\t<meta name=\"twitter:data2\" content=\"1\u00a0Minute\" \/>\n<script type=\"application\/ld+json\" class=\"yoast-schema-graph\">{\"@context\":\"https:\\\/\\\/schema.org\",\"@graph\":[{\"@type\":\"Article\",\"@id\":\"https:\\\/\\\/reiseblock.ch\\\/wordpress\\\/landschaften-zum-traeumen\\\/#article\",\"isPartOf\":{\"@id\":\"https:\\\/\\\/reiseblock.ch\\\/wordpress\\\/landschaften-zum-traeumen\\\/\"},\"author\":{\"name\":\"admin\",\"@id\":\"https:\\\/\\\/reiseblock.ch\\\/wordpress\\\/#\\\/schema\\\/person\\\/739b103f8e7941f579794d17e2187721\"},\"headline\":\"Landschaften zum Tr\u00e4umen\",\"datePublished\":\"2016-12-06T17:36:29+00:00\",\"dateModified\":\"2017-05-22T15:34:25+00:00\",\"mainEntityOfPage\":{\"@id\":\"https:\\\/\\\/reiseblock.ch\\\/wordpress\\\/landschaften-zum-traeumen\\\/\"},\"wordCount\":105,\"commentCount\":0,\"publisher\":{\"@id\":\"https:\\\/\\\/reiseblock.ch\\\/wordpress\\\/#\\\/schema\\\/person\\\/eafba14374f16d5fa4f73efd49243014\"},\"image\":{\"@id\":\"https:\\\/\\\/reiseblock.ch\\\/wordpress\\\/landschaften-zum-traeumen\\\/#primaryimage\"},\"thumbnailUrl\":\"https:\\\/\\\/reiseblock.ch\\\/wordpress\\\/wp-content\\\/uploads\\\/2016\\\/12\\\/Wallis_Web.jpg\",\"keywords\":[\"Berge\",\"Limmat\",\"Wallis\",\"Z\u00fcrich\"],\"articleSection\":[\"Beitrag\"],\"inLanguage\":\"de\",\"potentialAction\":[{\"@type\":\"CommentAction\",\"name\":\"Comment\",\"target\":[\"https:\\\/\\\/reiseblock.ch\\\/wordpress\\\/landschaften-zum-traeumen\\\/#respond\"]}]},{\"@type\":\"WebPage\",\"@id\":\"https:\\\/\\\/reiseblock.ch\\\/wordpress\\\/landschaften-zum-traeumen\\\/\",\"url\":\"https:\\\/\\\/reiseblock.ch\\\/wordpress\\\/landschaften-zum-traeumen\\\/\",\"name\":\"Landschaften zum Tr\u00e4umen &#8211; Reiseblock\",\"isPartOf\":{\"@id\":\"https:\\\/\\\/reiseblock.ch\\\/wordpress\\\/#website\"},\"primaryImageOfPage\":{\"@id\":\"https:\\\/\\\/reiseblock.ch\\\/wordpress\\\/landschaften-zum-traeumen\\\/#primaryimage\"},\"image\":{\"@id\":\"https:\\\/\\\/reiseblock.ch\\\/wordpress\\\/landschaften-zum-traeumen\\\/#primaryimage\"},\"thumbnailUrl\":\"https:\\\/\\\/reiseblock.ch\\\/wordpress\\\/wp-content\\\/uploads\\\/2016\\\/12\\\/Wallis_Web.jpg\",\"datePublished\":\"2016-12-06T17:36:29+00:00\",\"dateModified\":\"2017-05-22T15:34:25+00:00\",\"description\":\"Ob im Wallis oder in Z\u00fcrich: Diese Landschaften sind zum Tr\u00e4umen.\",\"breadcrumb\":{\"@id\":\"https:\\\/\\\/reiseblock.ch\\\/wordpress\\\/landschaften-zum-traeumen\\\/#breadcrumb\"},\"inLanguage\":\"de\",\"potentialAction\":[{\"@type\":\"ReadAction\",\"target\":[\"https:\\\/\\\/reiseblock.ch\\\/wordpress\\\/landschaften-zum-traeumen\\\/\"]}]},{\"@type\":\"ImageObject\",\"inLanguage\":\"de\",\"@id\":\"https:\\\/\\\/reiseblock.ch\\\/wordpress\\\/landschaften-zum-traeumen\\\/#primaryimage\",\"url\":\"https:\\\/\\\/reiseblock.ch\\\/wordpress\\\/wp-content\\\/uploads\\\/2016\\\/12\\\/Wallis_Web.jpg\",\"contentUrl\":\"https:\\\/\\\/reiseblock.ch\\\/wordpress\\\/wp-content\\\/uploads\\\/2016\\\/12\\\/Wallis_Web.jpg\",\"width\":1000,\"height\":750,\"caption\":\"Walliser Bergpanorama\"},{\"@type\":\"BreadcrumbList\",\"@id\":\"https:\\\/\\\/reiseblock.ch\\\/wordpress\\\/landschaften-zum-traeumen\\\/#breadcrumb\",\"itemListElement\":[{\"@type\":\"ListItem\",\"position\":1,\"name\":\"Home\",\"item\":\"https:\\\/\\\/reiseblock.ch\\\/wordpress\\\/\"},{\"@type\":\"ListItem\",\"position\":2,\"name\":\"Landschaften zum Tr\u00e4umen\"}]},{\"@type\":\"WebSite\",\"@id\":\"https:\\\/\\\/reiseblock.ch\\\/wordpress\\\/#website\",\"url\":\"https:\\\/\\\/reiseblock.ch\\\/wordpress\\\/\",\"name\":\"Reiseblock\",\"description\":\"Ursula Kohlers ReiseWeise\",\"publisher\":{\"@id\":\"https:\\\/\\\/reiseblock.ch\\\/wordpress\\\/#\\\/schema\\\/person\\\/eafba14374f16d5fa4f73efd49243014\"},\"potentialAction\":[{\"@type\":\"SearchAction\",\"target\":{\"@type\":\"EntryPoint\",\"urlTemplate\":\"https:\\\/\\\/reiseblock.ch\\\/wordpress\\\/?s={search_term_string}\"},\"query-input\":{\"@type\":\"PropertyValueSpecification\",\"valueRequired\":true,\"valueName\":\"search_term_string\"}}],\"inLanguage\":\"de\"},{\"@type\":[\"Person\",\"Organization\"],\"@id\":\"https:\\\/\\\/reiseblock.ch\\\/wordpress\\\/#\\\/schema\\\/person\\\/eafba14374f16d5fa4f73efd49243014\",\"name\":\"Ursula Kohler\",\"image\":{\"@type\":\"ImageObject\",\"inLanguage\":\"de\",\"@id\":\"https:\\\/\\\/secure.gravatar.com\\\/avatar\\\/014d9b9a971f617638f4298cbb55f92d20b3bf0d1c9cc32f65333b2769bcf867?s=96&d=blank&r=g\",\"url\":\"https:\\\/\\\/secure.gravatar.com\\\/avatar\\\/014d9b9a971f617638f4298cbb55f92d20b3bf0d1c9cc32f65333b2769bcf867?s=96&d=blank&r=g\",\"contentUrl\":\"https:\\\/\\\/secure.gravatar.com\\\/avatar\\\/014d9b9a971f617638f4298cbb55f92d20b3bf0d1c9cc32f65333b2769bcf867?s=96&d=blank&r=g\",\"caption\":\"Ursula Kohler\"},\"logo\":{\"@id\":\"https:\\\/\\\/secure.gravatar.com\\\/avatar\\\/014d9b9a971f617638f4298cbb55f92d20b3bf0d1c9cc32f65333b2769bcf867?s=96&d=blank&r=g\"}},{\"@type\":\"Person\",\"@id\":\"https:\\\/\\\/reiseblock.ch\\\/wordpress\\\/#\\\/schema\\\/person\\\/739b103f8e7941f579794d17e2187721\",\"name\":\"admin\",\"image\":{\"@type\":\"ImageObject\",\"inLanguage\":\"de\",\"@id\":\"https:\\\/\\\/secure.gravatar.com\\\/avatar\\\/a0f702f22ecd58ce02800a54cb2055cabe1fa8d7cf75ab377ce2f2b8503f188c?s=96&d=blank&r=g\",\"url\":\"https:\\\/\\\/secure.gravatar.com\\\/avatar\\\/a0f702f22ecd58ce02800a54cb2055cabe1fa8d7cf75ab377ce2f2b8503f188c?s=96&d=blank&r=g\",\"contentUrl\":\"https:\\\/\\\/secure.gravatar.com\\\/avatar\\\/a0f702f22ecd58ce02800a54cb2055cabe1fa8d7cf75ab377ce2f2b8503f188c?s=96&d=blank&r=g\",\"caption\":\"admin\"},\"url\":\"https:\\\/\\\/reiseblock.ch\\\/wordpress\\\/author\\\/admin\\\/\"}]}<\/script>\n<!-- \/ Yoast SEO plugin. -->","yoast_head_json":{"title":"Landschaften zum Tr\u00e4umen &#8211; Reiseblock","description":"Ob im Wallis oder in Z\u00fcrich: Diese Landschaften sind zum Tr\u00e4umen.","robots":{"index":"index","follow":"follow","max-snippet":"max-snippet:-1","max-image-preview":"max-image-preview:large","max-video-preview":"max-video-preview:-1"},"canonical":"https:\/\/reiseblock.ch\/wordpress\/landschaften-zum-traeumen\/","og_locale":"de_DE","og_type":"article","og_title":"Landschaften zum Tr\u00e4umen &#8211; Reiseblock","og_description":"Ob im Wallis oder in Z\u00fcrich: Diese Landschaften sind zum Tr\u00e4umen.","og_url":"https:\/\/reiseblock.ch\/wordpress\/landschaften-zum-traeumen\/","og_site_name":"Reiseblock","article_published_time":"2016-12-06T17:36:29+00:00","article_modified_time":"2017-05-22T15:34:25+00:00","og_image":[{"width":1000,"height":750,"url":"https:\/\/reiseblock.ch\/wordpress\/wp-content\/uploads\/2016\/12\/Wallis_Web.jpg","type":"image\/jpeg"}],"author":"admin","twitter_misc":{"Verfasst von":"admin","Gesch\u00e4tzte Lesezeit":"1\u00a0Minute"},"schema":{"@context":"https:\/\/schema.org","@graph":[{"@type":"Article","@id":"https:\/\/reiseblock.ch\/wordpress\/landschaften-zum-traeumen\/#article","isPartOf":{"@id":"https:\/\/reiseblock.ch\/wordpress\/landschaften-zum-traeumen\/"},"author":{"name":"admin","@id":"https:\/\/reiseblock.ch\/wordpress\/#\/schema\/person\/739b103f8e7941f579794d17e2187721"},"headline":"Landschaften zum Tr\u00e4umen","datePublished":"2016-12-06T17:36:29+00:00","dateModified":"2017-05-22T15:34:25+00:00","mainEntityOfPage":{"@id":"https:\/\/reiseblock.ch\/wordpress\/landschaften-zum-traeumen\/"},"wordCount":105,"commentCount":0,"publisher":{"@id":"https:\/\/reiseblock.ch\/wordpress\/#\/schema\/person\/eafba14374f16d5fa4f73efd49243014"},"image":{"@id":"https:\/\/reiseblock.ch\/wordpress\/landschaften-zum-traeumen\/#primaryimage"},"thumbnailUrl":"https:\/\/reiseblock.ch\/wordpress\/wp-content\/uploads\/2016\/12\/Wallis_Web.jpg","keywords":["Berge","Limmat","Wallis","Z\u00fcrich"],"articleSection":["Beitrag"],"inLanguage":"de","potentialAction":[{"@type":"CommentAction","name":"Comment","target":["https:\/\/reiseblock.ch\/wordpress\/landschaften-zum-traeumen\/#respond"]}]},{"@type":"WebPage","@id":"https:\/\/reiseblock.ch\/wordpress\/landschaften-zum-traeumen\/","url":"https:\/\/reiseblock.ch\/wordpress\/landschaften-zum-traeumen\/","name":"Landschaften zum Tr\u00e4umen &#8211; Reiseblock","isPartOf":{"@id":"https:\/\/reiseblock.ch\/wordpress\/#website"},"primaryImageOfPage":{"@id":"https:\/\/reiseblock.ch\/wordpress\/landschaften-zum-traeumen\/#primaryimage"},"image":{"@id":"https:\/\/reiseblock.ch\/wordpress\/landschaften-zum-traeumen\/#primaryimage"},"thumbnailUrl":"https:\/\/reiseblock.ch\/wordpress\/wp-content\/uploads\/2016\/12\/Wallis_Web.jpg","datePublished":"2016-12-06T17:36:29+00:00","dateModified":"2017-05-22T15:34:25+00:00","description":"Ob im Wallis oder in Z\u00fcrich: Diese Landschaften sind zum Tr\u00e4umen.","breadcrumb":{"@id":"https:\/\/reiseblock.ch\/wordpress\/landschaften-zum-traeumen\/#breadcrumb"},"inLanguage":"de","potentialAction":[{"@type":"ReadAction","target":["https:\/\/reiseblock.ch\/wordpress\/landschaften-zum-traeumen\/"]}]},{"@type":"ImageObject","inLanguage":"de","@id":"https:\/\/reiseblock.ch\/wordpress\/landschaften-zum-traeumen\/#primaryimage","url":"https:\/\/reiseblock.ch\/wordpress\/wp-content\/uploads\/2016\/12\/Wallis_Web.jpg","contentUrl":"https:\/\/reiseblock.ch\/wordpress\/wp-content\/uploads\/2016\/12\/Wallis_Web.jpg","width":1000,"height":750,"caption":"Walliser Bergpanorama"},{"@type":"BreadcrumbList","@id":"https:\/\/reiseblock.ch\/wordpress\/landschaften-zum-traeumen\/#breadcrumb","itemListElement":[{"@type":"ListItem","position":1,"name":"Home","item":"https:\/\/reiseblock.ch\/wordpress\/"},{"@type":"ListItem","position":2,"name":"Landschaften zum Tr\u00e4umen"}]},{"@type":"WebSite","@id":"https:\/\/reiseblock.ch\/wordpress\/#website","url":"https:\/\/reiseblock.ch\/wordpress\/","name":"Reiseblock","description":"Ursula Kohlers ReiseWeise","publisher":{"@id":"https:\/\/reiseblock.ch\/wordpress\/#\/schema\/person\/eafba14374f16d5fa4f73efd49243014"},"potentialAction":[{"@type":"SearchAction","target":{"@type":"EntryPoint","urlTemplate":"https:\/\/reiseblock.ch\/wordpress\/?s={search_term_string}"},"query-input":{"@type":"PropertyValueSpecification","valueRequired":true,"valueName":"search_term_string"}}],"inLanguage":"de"},{"@type":["Person","Organization"],"@id":"https:\/\/reiseblock.ch\/wordpress\/#\/schema\/person\/eafba14374f16d5fa4f73efd49243014","name":"Ursula Kohler","image":{"@type":"ImageObject","inLanguage":"de","@id":"https:\/\/secure.gravatar.com\/avatar\/014d9b9a971f617638f4298cbb55f92d20b3bf0d1c9cc32f65333b2769bcf867?s=96&d=blank&r=g","url":"https:\/\/secure.gravatar.com\/avatar\/014d9b9a971f617638f4298cbb55f92d20b3bf0d1c9cc32f65333b2769bcf867?s=96&d=blank&r=g","contentUrl":"https:\/\/secure.gravatar.com\/avatar\/014d9b9a971f617638f4298cbb55f92d20b3bf0d1c9cc32f65333b2769bcf867?s=96&d=blank&r=g","caption":"Ursula Kohler"},"logo":{"@id":"https:\/\/secure.gravatar.com\/avatar\/014d9b9a971f617638f4298cbb55f92d20b3bf0d1c9cc32f65333b2769bcf867?s=96&d=blank&r=g"}},{"@type":"Person","@id":"https:\/\/reiseblock.ch\/wordpress\/#\/schema\/person\/739b103f8e7941f579794d17e2187721","name":"admin","image":{"@type":"ImageObject","inLanguage":"de","@id":"https:\/\/secure.gravatar.com\/avatar\/a0f702f22ecd58ce02800a54cb2055cabe1fa8d7cf75ab377ce2f2b8503f188c?s=96&d=blank&r=g","url":"https:\/\/secure.gravatar.com\/avatar\/a0f702f22ecd58ce02800a54cb2055cabe1fa8d7cf75ab377ce2f2b8503f188c?s=96&d=blank&r=g","contentUrl":"https:\/\/secure.gravatar.com\/avatar\/a0f702f22ecd58ce02800a54cb2055cabe1fa8d7cf75ab377ce2f2b8503f188c?s=96&d=blank&r=g","caption":"admin"},"url":"https:\/\/reiseblock.ch\/wordpress\/author\/admin\/"}]}},"_links":{"self":[{"href":"https:\/\/reiseblock.ch\/wordpress\/wp-json\/wp\/v2\/posts\/1644","targetHints":{"allow":["GET"]}}],"collection":[{"href":"https:\/\/reiseblock.ch\/wordpress\/wp-json\/wp\/v2\/posts"}],"about":[{"href":"https:\/\/reiseblock.ch\/wordpress\/wp-json\/wp\/v2\/types\/post"}],"author":[{"embeddable":true,"href":"https:\/\/reiseblock.ch\/wordpress\/wp-json\/wp\/v2\/users\/1"}],"replies":[{"embeddable":true,"href":"https:\/\/reiseblock.ch\/wordpress\/wp-json\/wp\/v2\/comments?post=1644"}],"version-history":[{"count":4,"href":"https:\/\/reiseblock.ch\/wordpress\/wp-json\/wp\/v2\/posts\/1644\/revisions"}],"predecessor-version":[{"id":1756,"href":"https:\/\/reiseblock.ch\/wordpress\/wp-json\/wp\/v2\/posts\/1644\/revisions\/1756"}],"wp:featuredmedia":[{"embeddable":true,"href":"https:\/\/reiseblock.ch\/wordpress\/wp-json\/wp\/v2\/media\/1645"}],"wp:attachment":[{"href":"https:\/\/reiseblock.ch\/wordpress\/wp-json\/wp\/v2\/media?parent=1644"}],"wp:term":[{"taxonomy":"category","embeddable":true,"href":"https:\/\/reiseblock.ch\/wordpress\/wp-json\/wp\/v2\/categories?post=1644"},{"taxonomy":"post_tag","embeddable":true,"href":"https:\/\/reiseblock.ch\/wordpress\/wp-json\/wp\/v2\/tags?post=1644"}],"curies":[{"name":"wp","href":"https:\/\/api.w.org\/{rel}","templated":true}]}}