{"id":163,"date":"2010-07-10T07:23:45","date_gmt":"2010-07-10T07:23:45","guid":{"rendered":"http:\/\/reiseblock.ch\/wordpress\/?p=163"},"modified":"2017-05-24T09:58:50","modified_gmt":"2017-05-24T07:58:50","slug":"gemuetliche-innerschweiz","status":"publish","type":"post","link":"https:\/\/reiseblock.ch\/wordpress\/gemuetliche-innerschweiz\/","title":{"rendered":"Fl\u00fchli bei S\u00f6renberg: Gem\u00fctliche Innerschweiz"},"content":{"rendered":"<p><a href=\"http:\/\/reiseblock.ch\/wordpress\/wp-content\/uploads\/2014\/02\/Beitrag_27.jpg\"><img loading=\"lazy\" decoding=\"async\" class=\"aligncenter wp-image-139 size-full\" src=\"http:\/\/reiseblock.ch\/wordpress\/wp-content\/uploads\/2014\/02\/Beitrag_27-e1495612713682.jpg\" alt=\"Beitrag_27\" width=\"800\" height=\"600\" \/><\/a><span style=\"font-family: Book Antiqua,Palatino; font-size: 12pt;\">Vier Erwachsene, vier Kinder &#8211; nach zweimaligen Velorouten entscheiden wir uns diesmal \u00fcber Pfingsten f\u00fcr ein Haus. Begonnen haben die allj\u00e4hrlichen Ausfl\u00fcge vor einigen Jahren auch mit einer sesshaften Variante in einem Naturfreundehaus. <!--more--><\/span><\/p>\n<p><span style=\"font-family: Book Antiqua,Palatino; font-size: 12pt;\">Doch nun solls ein Haus nur f\u00fcr uns acht sein. Und wir hatten eine gl\u00fcckliche Wahl. Das Ferienhaus im<a href=\"http:\/\/\/www.heidigbuehl.ch\/\" target=\"_blank\" rel=\"noopener noreferrer\"> Heidigb\u00fchl in Fl\u00fchli<\/a> steht noch nicht so lange zur Vermietung bereit. Es ist ein sehr ger\u00e4umiges \u00e4lteres Haus, das mit dem n\u00f6tigen Komfort ausgestattet wurde. Gute Betten, tolle Kaffeemaschine usw. Auch wenn zu dieser Jahreszeit noch keine Bergbahnen in S\u00f6renberg in Betrieb sind, war es uns in diesen Tagen keine Spur von langweilig. Eisk\u00fchler Tipp: Eine neue, wundersch\u00f6ne Kneippanlage ist in wenigen Minuten zu Fuss erreichbar.<\/span><\/p>\n","protected":false},"excerpt":{"rendered":"<p>Vier Erwachsene, vier Kinder &#8211; nach zweimaligen Velorouten entscheiden wir uns diesmal \u00fcber Pfingsten f\u00fcr ein Haus. Begonnen haben die allj\u00e4hrlichen Ausfl\u00fcge vor einigen Jahren [&#8230;]<\/p>\n","protected":false},"author":1,"featured_media":139,"comment_status":"open","ping_status":"open","sticky":false,"template":"","format":"standard","meta":{"footnotes":""},"categories":[8],"tags":[39,38,23],"class_list":["post-163","post","type-post","status-publish","format-standard","has-post-thumbnail","hentry","category-tipp","tag-famiilie","tag-fluehli-soerenberg","tag-schweiz"],"yoast_head":"<!-- This site is optimized with the Yoast SEO plugin v27.8 - https:\/\/yoast.com\/product\/yoast-seo-wordpress\/ -->\n<title>Fl\u00fchli bei S\u00f6renberg: Gem\u00fctliche Innerschweiz &#8211; Reiseblock<\/title>\n<meta name=\"robots\" content=\"index, follow, max-snippet:-1, max-image-preview:large, max-video-preview:-1\" \/>\n<link rel=\"canonical\" href=\"https:\/\/reiseblock.ch\/wordpress\/gemuetliche-innerschweiz\/\" \/>\n<meta property=\"og:locale\" content=\"de_DE\" \/>\n<meta property=\"og:type\" content=\"article\" \/>\n<meta property=\"og:title\" content=\"Fl\u00fchli bei S\u00f6renberg: Gem\u00fctliche Innerschweiz &#8211; Reiseblock\" \/>\n<meta property=\"og:description\" content=\"Vier Erwachsene, vier Kinder &#8211; nach zweimaligen Velorouten entscheiden wir uns diesmal \u00fcber Pfingsten f\u00fcr ein Haus. Begonnen haben die allj\u00e4hrlichen Ausfl\u00fcge vor einigen Jahren [...]\" \/>\n<meta property=\"og:url\" content=\"https:\/\/reiseblock.ch\/wordpress\/gemuetliche-innerschweiz\/\" \/>\n<meta property=\"og:site_name\" content=\"Reiseblock\" \/>\n<meta property=\"article:published_time\" content=\"2010-07-10T07:23:45+00:00\" \/>\n<meta property=\"article:modified_time\" content=\"2017-05-24T07:58:50+00:00\" \/>\n<meta property=\"og:image\" content=\"https:\/\/reiseblock.ch\/wordpress\/wp-content\/uploads\/2014\/02\/Beitrag_27-e1495612713682.jpg\" \/>\n\t<meta property=\"og:image:width\" content=\"800\" \/>\n\t<meta property=\"og:image:height\" content=\"600\" \/>\n\t<meta property=\"og:image:type\" content=\"image\/jpeg\" \/>\n<meta name=\"author\" content=\"admin\" \/>\n<meta name=\"twitter:label1\" content=\"Verfasst von\" \/>\n\t<meta name=\"twitter:data1\" content=\"admin\" \/>\n\t<meta name=\"twitter:label2\" content=\"Gesch\u00e4tzte Lesezeit\" \/>\n\t<meta name=\"twitter:data2\" content=\"1\u00a0Minute\" \/>\n<script type=\"application\/ld+json\" class=\"yoast-schema-graph\">{\"@context\":\"https:\\\/\\\/schema.org\",\"@graph\":[{\"@type\":\"Article\",\"@id\":\"https:\\\/\\\/reiseblock.ch\\\/wordpress\\\/gemuetliche-innerschweiz\\\/#article\",\"isPartOf\":{\"@id\":\"https:\\\/\\\/reiseblock.ch\\\/wordpress\\\/gemuetliche-innerschweiz\\\/\"},\"author\":{\"name\":\"admin\",\"@id\":\"https:\\\/\\\/reiseblock.ch\\\/wordpress\\\/#\\\/schema\\\/person\\\/739b103f8e7941f579794d17e2187721\"},\"headline\":\"Fl\u00fchli bei S\u00f6renberg: Gem\u00fctliche Innerschweiz\",\"datePublished\":\"2010-07-10T07:23:45+00:00\",\"dateModified\":\"2017-05-24T07:58:50+00:00\",\"mainEntityOfPage\":{\"@id\":\"https:\\\/\\\/reiseblock.ch\\\/wordpress\\\/gemuetliche-innerschweiz\\\/\"},\"wordCount\":138,\"commentCount\":0,\"publisher\":{\"@id\":\"https:\\\/\\\/reiseblock.ch\\\/wordpress\\\/#\\\/schema\\\/person\\\/eafba14374f16d5fa4f73efd49243014\"},\"image\":{\"@id\":\"https:\\\/\\\/reiseblock.ch\\\/wordpress\\\/gemuetliche-innerschweiz\\\/#primaryimage\"},\"thumbnailUrl\":\"https:\\\/\\\/reiseblock.ch\\\/wordpress\\\/wp-content\\\/uploads\\\/2014\\\/02\\\/Beitrag_27-e1495612713682.jpg\",\"keywords\":[\"Famiilie\",\"Fl\u00fchli S\u00f6renberg\",\"Schweiz\"],\"articleSection\":[\"Tipp\"],\"inLanguage\":\"de\",\"potentialAction\":[{\"@type\":\"CommentAction\",\"name\":\"Comment\",\"target\":[\"https:\\\/\\\/reiseblock.ch\\\/wordpress\\\/gemuetliche-innerschweiz\\\/#respond\"]}]},{\"@type\":\"WebPage\",\"@id\":\"https:\\\/\\\/reiseblock.ch\\\/wordpress\\\/gemuetliche-innerschweiz\\\/\",\"url\":\"https:\\\/\\\/reiseblock.ch\\\/wordpress\\\/gemuetliche-innerschweiz\\\/\",\"name\":\"Fl\u00fchli bei S\u00f6renberg: Gem\u00fctliche Innerschweiz &#8211; Reiseblock\",\"isPartOf\":{\"@id\":\"https:\\\/\\\/reiseblock.ch\\\/wordpress\\\/#website\"},\"primaryImageOfPage\":{\"@id\":\"https:\\\/\\\/reiseblock.ch\\\/wordpress\\\/gemuetliche-innerschweiz\\\/#primaryimage\"},\"image\":{\"@id\":\"https:\\\/\\\/reiseblock.ch\\\/wordpress\\\/gemuetliche-innerschweiz\\\/#primaryimage\"},\"thumbnailUrl\":\"https:\\\/\\\/reiseblock.ch\\\/wordpress\\\/wp-content\\\/uploads\\\/2014\\\/02\\\/Beitrag_27-e1495612713682.jpg\",\"datePublished\":\"2010-07-10T07:23:45+00:00\",\"dateModified\":\"2017-05-24T07:58:50+00:00\",\"breadcrumb\":{\"@id\":\"https:\\\/\\\/reiseblock.ch\\\/wordpress\\\/gemuetliche-innerschweiz\\\/#breadcrumb\"},\"inLanguage\":\"de\",\"potentialAction\":[{\"@type\":\"ReadAction\",\"target\":[\"https:\\\/\\\/reiseblock.ch\\\/wordpress\\\/gemuetliche-innerschweiz\\\/\"]}]},{\"@type\":\"ImageObject\",\"inLanguage\":\"de\",\"@id\":\"https:\\\/\\\/reiseblock.ch\\\/wordpress\\\/gemuetliche-innerschweiz\\\/#primaryimage\",\"url\":\"https:\\\/\\\/reiseblock.ch\\\/wordpress\\\/wp-content\\\/uploads\\\/2014\\\/02\\\/Beitrag_27-e1495612713682.jpg\",\"contentUrl\":\"https:\\\/\\\/reiseblock.ch\\\/wordpress\\\/wp-content\\\/uploads\\\/2014\\\/02\\\/Beitrag_27-e1495612713682.jpg\",\"width\":800,\"height\":600},{\"@type\":\"BreadcrumbList\",\"@id\":\"https:\\\/\\\/reiseblock.ch\\\/wordpress\\\/gemuetliche-innerschweiz\\\/#breadcrumb\",\"itemListElement\":[{\"@type\":\"ListItem\",\"position\":1,\"name\":\"Home\",\"item\":\"https:\\\/\\\/reiseblock.ch\\\/wordpress\\\/\"},{\"@type\":\"ListItem\",\"position\":2,\"name\":\"Fl\u00fchli bei S\u00f6renberg: Gem\u00fctliche Innerschweiz\"}]},{\"@type\":\"WebSite\",\"@id\":\"https:\\\/\\\/reiseblock.ch\\\/wordpress\\\/#website\",\"url\":\"https:\\\/\\\/reiseblock.ch\\\/wordpress\\\/\",\"name\":\"Reiseblock\",\"description\":\"Ursula Kohlers ReiseWeise\",\"publisher\":{\"@id\":\"https:\\\/\\\/reiseblock.ch\\\/wordpress\\\/#\\\/schema\\\/person\\\/eafba14374f16d5fa4f73efd49243014\"},\"potentialAction\":[{\"@type\":\"SearchAction\",\"target\":{\"@type\":\"EntryPoint\",\"urlTemplate\":\"https:\\\/\\\/reiseblock.ch\\\/wordpress\\\/?s={search_term_string}\"},\"query-input\":{\"@type\":\"PropertyValueSpecification\",\"valueRequired\":true,\"valueName\":\"search_term_string\"}}],\"inLanguage\":\"de\"},{\"@type\":[\"Person\",\"Organization\"],\"@id\":\"https:\\\/\\\/reiseblock.ch\\\/wordpress\\\/#\\\/schema\\\/person\\\/eafba14374f16d5fa4f73efd49243014\",\"name\":\"Ursula Kohler\",\"image\":{\"@type\":\"ImageObject\",\"inLanguage\":\"de\",\"@id\":\"https:\\\/\\\/secure.gravatar.com\\\/avatar\\\/014d9b9a971f617638f4298cbb55f92d20b3bf0d1c9cc32f65333b2769bcf867?s=96&d=blank&r=g\",\"url\":\"https:\\\/\\\/secure.gravatar.com\\\/avatar\\\/014d9b9a971f617638f4298cbb55f92d20b3bf0d1c9cc32f65333b2769bcf867?s=96&d=blank&r=g\",\"contentUrl\":\"https:\\\/\\\/secure.gravatar.com\\\/avatar\\\/014d9b9a971f617638f4298cbb55f92d20b3bf0d1c9cc32f65333b2769bcf867?s=96&d=blank&r=g\",\"caption\":\"Ursula Kohler\"},\"logo\":{\"@id\":\"https:\\\/\\\/secure.gravatar.com\\\/avatar\\\/014d9b9a971f617638f4298cbb55f92d20b3bf0d1c9cc32f65333b2769bcf867?s=96&d=blank&r=g\"}},{\"@type\":\"Person\",\"@id\":\"https:\\\/\\\/reiseblock.ch\\\/wordpress\\\/#\\\/schema\\\/person\\\/739b103f8e7941f579794d17e2187721\",\"name\":\"admin\",\"image\":{\"@type\":\"ImageObject\",\"inLanguage\":\"de\",\"@id\":\"https:\\\/\\\/secure.gravatar.com\\\/avatar\\\/a0f702f22ecd58ce02800a54cb2055cabe1fa8d7cf75ab377ce2f2b8503f188c?s=96&d=blank&r=g\",\"url\":\"https:\\\/\\\/secure.gravatar.com\\\/avatar\\\/a0f702f22ecd58ce02800a54cb2055cabe1fa8d7cf75ab377ce2f2b8503f188c?s=96&d=blank&r=g\",\"contentUrl\":\"https:\\\/\\\/secure.gravatar.com\\\/avatar\\\/a0f702f22ecd58ce02800a54cb2055cabe1fa8d7cf75ab377ce2f2b8503f188c?s=96&d=blank&r=g\",\"caption\":\"admin\"},\"url\":\"https:\\\/\\\/reiseblock.ch\\\/wordpress\\\/author\\\/admin\\\/\"}]}<\/script>\n<!-- \/ Yoast SEO plugin. -->","yoast_head_json":{"title":"Fl\u00fchli bei S\u00f6renberg: Gem\u00fctliche Innerschweiz &#8211; Reiseblock","robots":{"index":"index","follow":"follow","max-snippet":"max-snippet:-1","max-image-preview":"max-image-preview:large","max-video-preview":"max-video-preview:-1"},"canonical":"https:\/\/reiseblock.ch\/wordpress\/gemuetliche-innerschweiz\/","og_locale":"de_DE","og_type":"article","og_title":"Fl\u00fchli bei S\u00f6renberg: Gem\u00fctliche Innerschweiz &#8211; Reiseblock","og_description":"Vier Erwachsene, vier Kinder &#8211; nach zweimaligen Velorouten entscheiden wir uns diesmal \u00fcber Pfingsten f\u00fcr ein Haus. Begonnen haben die allj\u00e4hrlichen Ausfl\u00fcge vor einigen Jahren [...]","og_url":"https:\/\/reiseblock.ch\/wordpress\/gemuetliche-innerschweiz\/","og_site_name":"Reiseblock","article_published_time":"2010-07-10T07:23:45+00:00","article_modified_time":"2017-05-24T07:58:50+00:00","og_image":[{"width":800,"height":600,"url":"https:\/\/reiseblock.ch\/wordpress\/wp-content\/uploads\/2014\/02\/Beitrag_27-e1495612713682.jpg","type":"image\/jpeg"}],"author":"admin","twitter_misc":{"Verfasst von":"admin","Gesch\u00e4tzte Lesezeit":"1\u00a0Minute"},"schema":{"@context":"https:\/\/schema.org","@graph":[{"@type":"Article","@id":"https:\/\/reiseblock.ch\/wordpress\/gemuetliche-innerschweiz\/#article","isPartOf":{"@id":"https:\/\/reiseblock.ch\/wordpress\/gemuetliche-innerschweiz\/"},"author":{"name":"admin","@id":"https:\/\/reiseblock.ch\/wordpress\/#\/schema\/person\/739b103f8e7941f579794d17e2187721"},"headline":"Fl\u00fchli bei S\u00f6renberg: Gem\u00fctliche Innerschweiz","datePublished":"2010-07-10T07:23:45+00:00","dateModified":"2017-05-24T07:58:50+00:00","mainEntityOfPage":{"@id":"https:\/\/reiseblock.ch\/wordpress\/gemuetliche-innerschweiz\/"},"wordCount":138,"commentCount":0,"publisher":{"@id":"https:\/\/reiseblock.ch\/wordpress\/#\/schema\/person\/eafba14374f16d5fa4f73efd49243014"},"image":{"@id":"https:\/\/reiseblock.ch\/wordpress\/gemuetliche-innerschweiz\/#primaryimage"},"thumbnailUrl":"https:\/\/reiseblock.ch\/wordpress\/wp-content\/uploads\/2014\/02\/Beitrag_27-e1495612713682.jpg","keywords":["Famiilie","Fl\u00fchli S\u00f6renberg","Schweiz"],"articleSection":["Tipp"],"inLanguage":"de","potentialAction":[{"@type":"CommentAction","name":"Comment","target":["https:\/\/reiseblock.ch\/wordpress\/gemuetliche-innerschweiz\/#respond"]}]},{"@type":"WebPage","@id":"https:\/\/reiseblock.ch\/wordpress\/gemuetliche-innerschweiz\/","url":"https:\/\/reiseblock.ch\/wordpress\/gemuetliche-innerschweiz\/","name":"Fl\u00fchli bei S\u00f6renberg: Gem\u00fctliche Innerschweiz &#8211; Reiseblock","isPartOf":{"@id":"https:\/\/reiseblock.ch\/wordpress\/#website"},"primaryImageOfPage":{"@id":"https:\/\/reiseblock.ch\/wordpress\/gemuetliche-innerschweiz\/#primaryimage"},"image":{"@id":"https:\/\/reiseblock.ch\/wordpress\/gemuetliche-innerschweiz\/#primaryimage"},"thumbnailUrl":"https:\/\/reiseblock.ch\/wordpress\/wp-content\/uploads\/2014\/02\/Beitrag_27-e1495612713682.jpg","datePublished":"2010-07-10T07:23:45+00:00","dateModified":"2017-05-24T07:58:50+00:00","breadcrumb":{"@id":"https:\/\/reiseblock.ch\/wordpress\/gemuetliche-innerschweiz\/#breadcrumb"},"inLanguage":"de","potentialAction":[{"@type":"ReadAction","target":["https:\/\/reiseblock.ch\/wordpress\/gemuetliche-innerschweiz\/"]}]},{"@type":"ImageObject","inLanguage":"de","@id":"https:\/\/reiseblock.ch\/wordpress\/gemuetliche-innerschweiz\/#primaryimage","url":"https:\/\/reiseblock.ch\/wordpress\/wp-content\/uploads\/2014\/02\/Beitrag_27-e1495612713682.jpg","contentUrl":"https:\/\/reiseblock.ch\/wordpress\/wp-content\/uploads\/2014\/02\/Beitrag_27-e1495612713682.jpg","width":800,"height":600},{"@type":"BreadcrumbList","@id":"https:\/\/reiseblock.ch\/wordpress\/gemuetliche-innerschweiz\/#breadcrumb","itemListElement":[{"@type":"ListItem","position":1,"name":"Home","item":"https:\/\/reiseblock.ch\/wordpress\/"},{"@type":"ListItem","position":2,"name":"Fl\u00fchli bei S\u00f6renberg: Gem\u00fctliche Innerschweiz"}]},{"@type":"WebSite","@id":"https:\/\/reiseblock.ch\/wordpress\/#website","url":"https:\/\/reiseblock.ch\/wordpress\/","name":"Reiseblock","description":"Ursula Kohlers ReiseWeise","publisher":{"@id":"https:\/\/reiseblock.ch\/wordpress\/#\/schema\/person\/eafba14374f16d5fa4f73efd49243014"},"potentialAction":[{"@type":"SearchAction","target":{"@type":"EntryPoint","urlTemplate":"https:\/\/reiseblock.ch\/wordpress\/?s={search_term_string}"},"query-input":{"@type":"PropertyValueSpecification","valueRequired":true,"valueName":"search_term_string"}}],"inLanguage":"de"},{"@type":["Person","Organization"],"@id":"https:\/\/reiseblock.ch\/wordpress\/#\/schema\/person\/eafba14374f16d5fa4f73efd49243014","name":"Ursula Kohler","image":{"@type":"ImageObject","inLanguage":"de","@id":"https:\/\/secure.gravatar.com\/avatar\/014d9b9a971f617638f4298cbb55f92d20b3bf0d1c9cc32f65333b2769bcf867?s=96&d=blank&r=g","url":"https:\/\/secure.gravatar.com\/avatar\/014d9b9a971f617638f4298cbb55f92d20b3bf0d1c9cc32f65333b2769bcf867?s=96&d=blank&r=g","contentUrl":"https:\/\/secure.gravatar.com\/avatar\/014d9b9a971f617638f4298cbb55f92d20b3bf0d1c9cc32f65333b2769bcf867?s=96&d=blank&r=g","caption":"Ursula Kohler"},"logo":{"@id":"https:\/\/secure.gravatar.com\/avatar\/014d9b9a971f617638f4298cbb55f92d20b3bf0d1c9cc32f65333b2769bcf867?s=96&d=blank&r=g"}},{"@type":"Person","@id":"https:\/\/reiseblock.ch\/wordpress\/#\/schema\/person\/739b103f8e7941f579794d17e2187721","name":"admin","image":{"@type":"ImageObject","inLanguage":"de","@id":"https:\/\/secure.gravatar.com\/avatar\/a0f702f22ecd58ce02800a54cb2055cabe1fa8d7cf75ab377ce2f2b8503f188c?s=96&d=blank&r=g","url":"https:\/\/secure.gravatar.com\/avatar\/a0f702f22ecd58ce02800a54cb2055cabe1fa8d7cf75ab377ce2f2b8503f188c?s=96&d=blank&r=g","contentUrl":"https:\/\/secure.gravatar.com\/avatar\/a0f702f22ecd58ce02800a54cb2055cabe1fa8d7cf75ab377ce2f2b8503f188c?s=96&d=blank&r=g","caption":"admin"},"url":"https:\/\/reiseblock.ch\/wordpress\/author\/admin\/"}]}},"_links":{"self":[{"href":"https:\/\/reiseblock.ch\/wordpress\/wp-json\/wp\/v2\/posts\/163","targetHints":{"allow":["GET"]}}],"collection":[{"href":"https:\/\/reiseblock.ch\/wordpress\/wp-json\/wp\/v2\/posts"}],"about":[{"href":"https:\/\/reiseblock.ch\/wordpress\/wp-json\/wp\/v2\/types\/post"}],"author":[{"embeddable":true,"href":"https:\/\/reiseblock.ch\/wordpress\/wp-json\/wp\/v2\/users\/1"}],"replies":[{"embeddable":true,"href":"https:\/\/reiseblock.ch\/wordpress\/wp-json\/wp\/v2\/comments?post=163"}],"version-history":[{"count":6,"href":"https:\/\/reiseblock.ch\/wordpress\/wp-json\/wp\/v2\/posts\/163\/revisions"}],"predecessor-version":[{"id":1846,"href":"https:\/\/reiseblock.ch\/wordpress\/wp-json\/wp\/v2\/posts\/163\/revisions\/1846"}],"wp:featuredmedia":[{"embeddable":true,"href":"https:\/\/reiseblock.ch\/wordpress\/wp-json\/wp\/v2\/media\/139"}],"wp:attachment":[{"href":"https:\/\/reiseblock.ch\/wordpress\/wp-json\/wp\/v2\/media?parent=163"}],"wp:term":[{"taxonomy":"category","embeddable":true,"href":"https:\/\/reiseblock.ch\/wordpress\/wp-json\/wp\/v2\/categories?post=163"},{"taxonomy":"post_tag","embeddable":true,"href":"https:\/\/reiseblock.ch\/wordpress\/wp-json\/wp\/v2\/tags?post=163"}],"curies":[{"name":"wp","href":"https:\/\/api.w.org\/{rel}","templated":true}]}}