{"id":157,"date":"2009-08-28T07:18:16","date_gmt":"2009-08-28T07:18:16","guid":{"rendered":"http:\/\/reiseblock.ch\/wordpress\/?p=157"},"modified":"2017-05-24T10:03:31","modified_gmt":"2017-05-24T08:03:31","slug":"tag-und-nacht-am-bodensee","status":"publish","type":"post","link":"https:\/\/reiseblock.ch\/wordpress\/tag-und-nacht-am-bodensee\/","title":{"rendered":"Tag und Nacht am Bodensee"},"content":{"rendered":"<p><a href=\"http:\/\/reiseblock.ch\/wordpress\/wp-content\/uploads\/2014\/02\/Beitrag_24.jpg\"><img loading=\"lazy\" decoding=\"async\" class=\"aligncenter wp-image-136 size-full\" src=\"http:\/\/reiseblock.ch\/wordpress\/wp-content\/uploads\/2014\/02\/Beitrag_24-e1495612996480.jpg\" alt=\"Beitrag_24\" width=\"800\" height=\"435\" \/><\/a><span style=\"font-family: Book Antiqua,Palatino; font-size: 12pt;\">Ein Klassiker der Radtouren f\u00fchrt rund um den Bodensee. Das wollten wir mal ausprobieren. Mit Sack und Pack starten wir in Konstanz. Die ersten f\u00fcnf Kilometer sind nass, weit und schwer. Nach der Absage auf dem ersten Zeltplatz will keine rechte Ferienfreude aufkommen. Wir sind definitiv nicht alleine. <!--more--><\/span><\/p>\n<p><span style=\"font-family: Book Antiqua,Palatino; font-size: 12pt;\">Am dritten Tag, erst 20 Kilometer weiter, planen wir einen Ruhetag. Das schaffen wir wohl nie. Doch wir lernen dazu, auch wenn wir am liebsten ein Drittel des Gep\u00e4cks nach Hause schicken w\u00fcrden. 30 Kilometer pro Tag, Zeltplatz suchen, Zelt aufstellen, am n\u00e4chsten Morgen wieder alles auf die R\u00e4der. Alle Sehensw\u00fcrdigkeiten bleiben zwar links liegen, aber wir beginnen es zu geniessen, unterwegs zu sein, immer am See, in Deutschland, \u00d6sterreich und der Schweiz. Einen Ruhetag brauchen wir nicht mehr, erst als wir rundum sind, lassen wir uns in Kreuzlingen auf dem Campingplatz nieder.<\/span><\/p>\n","protected":false},"excerpt":{"rendered":"<p>Ein Klassiker der Radtouren f\u00fchrt rund um den Bodensee. Das wollten wir mal ausprobieren. Mit Sack und Pack starten wir in Konstanz. Die ersten f\u00fcnf [&#8230;]<\/p>\n","protected":false},"author":1,"featured_media":136,"comment_status":"open","ping_status":"open","sticky":false,"template":"","format":"standard","meta":{"footnotes":""},"categories":[10],"tags":[43,20,15],"class_list":["post-157","post","type-post","status-publish","format-standard","has-post-thumbnail","hentry","category-erlebt","tag-bodensee","tag-deutschland","tag-velo"],"yoast_head":"<!-- This site is optimized with the Yoast SEO plugin v27.8 - https:\/\/yoast.com\/product\/yoast-seo-wordpress\/ -->\n<title>Tag und Nacht am Bodensee &#8211; Reiseblock<\/title>\n<meta name=\"robots\" content=\"index, follow, max-snippet:-1, max-image-preview:large, max-video-preview:-1\" \/>\n<link rel=\"canonical\" href=\"https:\/\/reiseblock.ch\/wordpress\/tag-und-nacht-am-bodensee\/\" \/>\n<meta property=\"og:locale\" content=\"de_DE\" \/>\n<meta property=\"og:type\" content=\"article\" \/>\n<meta property=\"og:title\" content=\"Tag und Nacht am Bodensee &#8211; Reiseblock\" \/>\n<meta property=\"og:description\" content=\"Ein Klassiker der Radtouren f\u00fchrt rund um den Bodensee. Das wollten wir mal ausprobieren. Mit Sack und Pack starten wir in Konstanz. Die ersten f\u00fcnf [...]\" \/>\n<meta property=\"og:url\" content=\"https:\/\/reiseblock.ch\/wordpress\/tag-und-nacht-am-bodensee\/\" \/>\n<meta property=\"og:site_name\" content=\"Reiseblock\" \/>\n<meta property=\"article:published_time\" content=\"2009-08-28T07:18:16+00:00\" \/>\n<meta property=\"article:modified_time\" content=\"2017-05-24T08:03:31+00:00\" \/>\n<meta property=\"og:image\" content=\"https:\/\/reiseblock.ch\/wordpress\/wp-content\/uploads\/2014\/02\/Beitrag_24-e1495612996480.jpg\" \/>\n\t<meta property=\"og:image:width\" content=\"800\" \/>\n\t<meta property=\"og:image:height\" content=\"435\" \/>\n\t<meta property=\"og:image:type\" content=\"image\/jpeg\" \/>\n<meta name=\"author\" content=\"admin\" \/>\n<meta name=\"twitter:label1\" content=\"Verfasst von\" \/>\n\t<meta name=\"twitter:data1\" content=\"admin\" \/>\n\t<meta name=\"twitter:label2\" content=\"Gesch\u00e4tzte Lesezeit\" \/>\n\t<meta name=\"twitter:data2\" content=\"1\u00a0Minute\" \/>\n<script type=\"application\/ld+json\" class=\"yoast-schema-graph\">{\"@context\":\"https:\\\/\\\/schema.org\",\"@graph\":[{\"@type\":\"Article\",\"@id\":\"https:\\\/\\\/reiseblock.ch\\\/wordpress\\\/tag-und-nacht-am-bodensee\\\/#article\",\"isPartOf\":{\"@id\":\"https:\\\/\\\/reiseblock.ch\\\/wordpress\\\/tag-und-nacht-am-bodensee\\\/\"},\"author\":{\"name\":\"admin\",\"@id\":\"https:\\\/\\\/reiseblock.ch\\\/wordpress\\\/#\\\/schema\\\/person\\\/739b103f8e7941f579794d17e2187721\"},\"headline\":\"Tag und Nacht am Bodensee\",\"datePublished\":\"2009-08-28T07:18:16+00:00\",\"dateModified\":\"2017-05-24T08:03:31+00:00\",\"mainEntityOfPage\":{\"@id\":\"https:\\\/\\\/reiseblock.ch\\\/wordpress\\\/tag-und-nacht-am-bodensee\\\/\"},\"wordCount\":151,\"commentCount\":0,\"publisher\":{\"@id\":\"https:\\\/\\\/reiseblock.ch\\\/wordpress\\\/#\\\/schema\\\/person\\\/eafba14374f16d5fa4f73efd49243014\"},\"image\":{\"@id\":\"https:\\\/\\\/reiseblock.ch\\\/wordpress\\\/tag-und-nacht-am-bodensee\\\/#primaryimage\"},\"thumbnailUrl\":\"https:\\\/\\\/reiseblock.ch\\\/wordpress\\\/wp-content\\\/uploads\\\/2014\\\/02\\\/Beitrag_24-e1495612996480.jpg\",\"keywords\":[\"Bodensee\",\"Deutschland\",\"Velo\"],\"articleSection\":[\"Erlebt\"],\"inLanguage\":\"de\",\"potentialAction\":[{\"@type\":\"CommentAction\",\"name\":\"Comment\",\"target\":[\"https:\\\/\\\/reiseblock.ch\\\/wordpress\\\/tag-und-nacht-am-bodensee\\\/#respond\"]}]},{\"@type\":\"WebPage\",\"@id\":\"https:\\\/\\\/reiseblock.ch\\\/wordpress\\\/tag-und-nacht-am-bodensee\\\/\",\"url\":\"https:\\\/\\\/reiseblock.ch\\\/wordpress\\\/tag-und-nacht-am-bodensee\\\/\",\"name\":\"Tag und Nacht am Bodensee &#8211; Reiseblock\",\"isPartOf\":{\"@id\":\"https:\\\/\\\/reiseblock.ch\\\/wordpress\\\/#website\"},\"primaryImageOfPage\":{\"@id\":\"https:\\\/\\\/reiseblock.ch\\\/wordpress\\\/tag-und-nacht-am-bodensee\\\/#primaryimage\"},\"image\":{\"@id\":\"https:\\\/\\\/reiseblock.ch\\\/wordpress\\\/tag-und-nacht-am-bodensee\\\/#primaryimage\"},\"thumbnailUrl\":\"https:\\\/\\\/reiseblock.ch\\\/wordpress\\\/wp-content\\\/uploads\\\/2014\\\/02\\\/Beitrag_24-e1495612996480.jpg\",\"datePublished\":\"2009-08-28T07:18:16+00:00\",\"dateModified\":\"2017-05-24T08:03:31+00:00\",\"breadcrumb\":{\"@id\":\"https:\\\/\\\/reiseblock.ch\\\/wordpress\\\/tag-und-nacht-am-bodensee\\\/#breadcrumb\"},\"inLanguage\":\"de\",\"potentialAction\":[{\"@type\":\"ReadAction\",\"target\":[\"https:\\\/\\\/reiseblock.ch\\\/wordpress\\\/tag-und-nacht-am-bodensee\\\/\"]}]},{\"@type\":\"ImageObject\",\"inLanguage\":\"de\",\"@id\":\"https:\\\/\\\/reiseblock.ch\\\/wordpress\\\/tag-und-nacht-am-bodensee\\\/#primaryimage\",\"url\":\"https:\\\/\\\/reiseblock.ch\\\/wordpress\\\/wp-content\\\/uploads\\\/2014\\\/02\\\/Beitrag_24-e1495612996480.jpg\",\"contentUrl\":\"https:\\\/\\\/reiseblock.ch\\\/wordpress\\\/wp-content\\\/uploads\\\/2014\\\/02\\\/Beitrag_24-e1495612996480.jpg\",\"width\":800,\"height\":435},{\"@type\":\"BreadcrumbList\",\"@id\":\"https:\\\/\\\/reiseblock.ch\\\/wordpress\\\/tag-und-nacht-am-bodensee\\\/#breadcrumb\",\"itemListElement\":[{\"@type\":\"ListItem\",\"position\":1,\"name\":\"Home\",\"item\":\"https:\\\/\\\/reiseblock.ch\\\/wordpress\\\/\"},{\"@type\":\"ListItem\",\"position\":2,\"name\":\"Tag und Nacht am Bodensee\"}]},{\"@type\":\"WebSite\",\"@id\":\"https:\\\/\\\/reiseblock.ch\\\/wordpress\\\/#website\",\"url\":\"https:\\\/\\\/reiseblock.ch\\\/wordpress\\\/\",\"name\":\"Reiseblock\",\"description\":\"Ursula Kohlers ReiseWeise\",\"publisher\":{\"@id\":\"https:\\\/\\\/reiseblock.ch\\\/wordpress\\\/#\\\/schema\\\/person\\\/eafba14374f16d5fa4f73efd49243014\"},\"potentialAction\":[{\"@type\":\"SearchAction\",\"target\":{\"@type\":\"EntryPoint\",\"urlTemplate\":\"https:\\\/\\\/reiseblock.ch\\\/wordpress\\\/?s={search_term_string}\"},\"query-input\":{\"@type\":\"PropertyValueSpecification\",\"valueRequired\":true,\"valueName\":\"search_term_string\"}}],\"inLanguage\":\"de\"},{\"@type\":[\"Person\",\"Organization\"],\"@id\":\"https:\\\/\\\/reiseblock.ch\\\/wordpress\\\/#\\\/schema\\\/person\\\/eafba14374f16d5fa4f73efd49243014\",\"name\":\"Ursula Kohler\",\"image\":{\"@type\":\"ImageObject\",\"inLanguage\":\"de\",\"@id\":\"https:\\\/\\\/secure.gravatar.com\\\/avatar\\\/014d9b9a971f617638f4298cbb55f92d20b3bf0d1c9cc32f65333b2769bcf867?s=96&d=blank&r=g\",\"url\":\"https:\\\/\\\/secure.gravatar.com\\\/avatar\\\/014d9b9a971f617638f4298cbb55f92d20b3bf0d1c9cc32f65333b2769bcf867?s=96&d=blank&r=g\",\"contentUrl\":\"https:\\\/\\\/secure.gravatar.com\\\/avatar\\\/014d9b9a971f617638f4298cbb55f92d20b3bf0d1c9cc32f65333b2769bcf867?s=96&d=blank&r=g\",\"caption\":\"Ursula Kohler\"},\"logo\":{\"@id\":\"https:\\\/\\\/secure.gravatar.com\\\/avatar\\\/014d9b9a971f617638f4298cbb55f92d20b3bf0d1c9cc32f65333b2769bcf867?s=96&d=blank&r=g\"}},{\"@type\":\"Person\",\"@id\":\"https:\\\/\\\/reiseblock.ch\\\/wordpress\\\/#\\\/schema\\\/person\\\/739b103f8e7941f579794d17e2187721\",\"name\":\"admin\",\"image\":{\"@type\":\"ImageObject\",\"inLanguage\":\"de\",\"@id\":\"https:\\\/\\\/secure.gravatar.com\\\/avatar\\\/a0f702f22ecd58ce02800a54cb2055cabe1fa8d7cf75ab377ce2f2b8503f188c?s=96&d=blank&r=g\",\"url\":\"https:\\\/\\\/secure.gravatar.com\\\/avatar\\\/a0f702f22ecd58ce02800a54cb2055cabe1fa8d7cf75ab377ce2f2b8503f188c?s=96&d=blank&r=g\",\"contentUrl\":\"https:\\\/\\\/secure.gravatar.com\\\/avatar\\\/a0f702f22ecd58ce02800a54cb2055cabe1fa8d7cf75ab377ce2f2b8503f188c?s=96&d=blank&r=g\",\"caption\":\"admin\"},\"url\":\"https:\\\/\\\/reiseblock.ch\\\/wordpress\\\/author\\\/admin\\\/\"}]}<\/script>\n<!-- \/ Yoast SEO plugin. -->","yoast_head_json":{"title":"Tag und Nacht am Bodensee &#8211; Reiseblock","robots":{"index":"index","follow":"follow","max-snippet":"max-snippet:-1","max-image-preview":"max-image-preview:large","max-video-preview":"max-video-preview:-1"},"canonical":"https:\/\/reiseblock.ch\/wordpress\/tag-und-nacht-am-bodensee\/","og_locale":"de_DE","og_type":"article","og_title":"Tag und Nacht am Bodensee &#8211; Reiseblock","og_description":"Ein Klassiker der Radtouren f\u00fchrt rund um den Bodensee. Das wollten wir mal ausprobieren. Mit Sack und Pack starten wir in Konstanz. Die ersten f\u00fcnf [...]","og_url":"https:\/\/reiseblock.ch\/wordpress\/tag-und-nacht-am-bodensee\/","og_site_name":"Reiseblock","article_published_time":"2009-08-28T07:18:16+00:00","article_modified_time":"2017-05-24T08:03:31+00:00","og_image":[{"width":800,"height":435,"url":"https:\/\/reiseblock.ch\/wordpress\/wp-content\/uploads\/2014\/02\/Beitrag_24-e1495612996480.jpg","type":"image\/jpeg"}],"author":"admin","twitter_misc":{"Verfasst von":"admin","Gesch\u00e4tzte Lesezeit":"1\u00a0Minute"},"schema":{"@context":"https:\/\/schema.org","@graph":[{"@type":"Article","@id":"https:\/\/reiseblock.ch\/wordpress\/tag-und-nacht-am-bodensee\/#article","isPartOf":{"@id":"https:\/\/reiseblock.ch\/wordpress\/tag-und-nacht-am-bodensee\/"},"author":{"name":"admin","@id":"https:\/\/reiseblock.ch\/wordpress\/#\/schema\/person\/739b103f8e7941f579794d17e2187721"},"headline":"Tag und Nacht am Bodensee","datePublished":"2009-08-28T07:18:16+00:00","dateModified":"2017-05-24T08:03:31+00:00","mainEntityOfPage":{"@id":"https:\/\/reiseblock.ch\/wordpress\/tag-und-nacht-am-bodensee\/"},"wordCount":151,"commentCount":0,"publisher":{"@id":"https:\/\/reiseblock.ch\/wordpress\/#\/schema\/person\/eafba14374f16d5fa4f73efd49243014"},"image":{"@id":"https:\/\/reiseblock.ch\/wordpress\/tag-und-nacht-am-bodensee\/#primaryimage"},"thumbnailUrl":"https:\/\/reiseblock.ch\/wordpress\/wp-content\/uploads\/2014\/02\/Beitrag_24-e1495612996480.jpg","keywords":["Bodensee","Deutschland","Velo"],"articleSection":["Erlebt"],"inLanguage":"de","potentialAction":[{"@type":"CommentAction","name":"Comment","target":["https:\/\/reiseblock.ch\/wordpress\/tag-und-nacht-am-bodensee\/#respond"]}]},{"@type":"WebPage","@id":"https:\/\/reiseblock.ch\/wordpress\/tag-und-nacht-am-bodensee\/","url":"https:\/\/reiseblock.ch\/wordpress\/tag-und-nacht-am-bodensee\/","name":"Tag und Nacht am Bodensee &#8211; Reiseblock","isPartOf":{"@id":"https:\/\/reiseblock.ch\/wordpress\/#website"},"primaryImageOfPage":{"@id":"https:\/\/reiseblock.ch\/wordpress\/tag-und-nacht-am-bodensee\/#primaryimage"},"image":{"@id":"https:\/\/reiseblock.ch\/wordpress\/tag-und-nacht-am-bodensee\/#primaryimage"},"thumbnailUrl":"https:\/\/reiseblock.ch\/wordpress\/wp-content\/uploads\/2014\/02\/Beitrag_24-e1495612996480.jpg","datePublished":"2009-08-28T07:18:16+00:00","dateModified":"2017-05-24T08:03:31+00:00","breadcrumb":{"@id":"https:\/\/reiseblock.ch\/wordpress\/tag-und-nacht-am-bodensee\/#breadcrumb"},"inLanguage":"de","potentialAction":[{"@type":"ReadAction","target":["https:\/\/reiseblock.ch\/wordpress\/tag-und-nacht-am-bodensee\/"]}]},{"@type":"ImageObject","inLanguage":"de","@id":"https:\/\/reiseblock.ch\/wordpress\/tag-und-nacht-am-bodensee\/#primaryimage","url":"https:\/\/reiseblock.ch\/wordpress\/wp-content\/uploads\/2014\/02\/Beitrag_24-e1495612996480.jpg","contentUrl":"https:\/\/reiseblock.ch\/wordpress\/wp-content\/uploads\/2014\/02\/Beitrag_24-e1495612996480.jpg","width":800,"height":435},{"@type":"BreadcrumbList","@id":"https:\/\/reiseblock.ch\/wordpress\/tag-und-nacht-am-bodensee\/#breadcrumb","itemListElement":[{"@type":"ListItem","position":1,"name":"Home","item":"https:\/\/reiseblock.ch\/wordpress\/"},{"@type":"ListItem","position":2,"name":"Tag und Nacht am Bodensee"}]},{"@type":"WebSite","@id":"https:\/\/reiseblock.ch\/wordpress\/#website","url":"https:\/\/reiseblock.ch\/wordpress\/","name":"Reiseblock","description":"Ursula Kohlers ReiseWeise","publisher":{"@id":"https:\/\/reiseblock.ch\/wordpress\/#\/schema\/person\/eafba14374f16d5fa4f73efd49243014"},"potentialAction":[{"@type":"SearchAction","target":{"@type":"EntryPoint","urlTemplate":"https:\/\/reiseblock.ch\/wordpress\/?s={search_term_string}"},"query-input":{"@type":"PropertyValueSpecification","valueRequired":true,"valueName":"search_term_string"}}],"inLanguage":"de"},{"@type":["Person","Organization"],"@id":"https:\/\/reiseblock.ch\/wordpress\/#\/schema\/person\/eafba14374f16d5fa4f73efd49243014","name":"Ursula Kohler","image":{"@type":"ImageObject","inLanguage":"de","@id":"https:\/\/secure.gravatar.com\/avatar\/014d9b9a971f617638f4298cbb55f92d20b3bf0d1c9cc32f65333b2769bcf867?s=96&d=blank&r=g","url":"https:\/\/secure.gravatar.com\/avatar\/014d9b9a971f617638f4298cbb55f92d20b3bf0d1c9cc32f65333b2769bcf867?s=96&d=blank&r=g","contentUrl":"https:\/\/secure.gravatar.com\/avatar\/014d9b9a971f617638f4298cbb55f92d20b3bf0d1c9cc32f65333b2769bcf867?s=96&d=blank&r=g","caption":"Ursula Kohler"},"logo":{"@id":"https:\/\/secure.gravatar.com\/avatar\/014d9b9a971f617638f4298cbb55f92d20b3bf0d1c9cc32f65333b2769bcf867?s=96&d=blank&r=g"}},{"@type":"Person","@id":"https:\/\/reiseblock.ch\/wordpress\/#\/schema\/person\/739b103f8e7941f579794d17e2187721","name":"admin","image":{"@type":"ImageObject","inLanguage":"de","@id":"https:\/\/secure.gravatar.com\/avatar\/a0f702f22ecd58ce02800a54cb2055cabe1fa8d7cf75ab377ce2f2b8503f188c?s=96&d=blank&r=g","url":"https:\/\/secure.gravatar.com\/avatar\/a0f702f22ecd58ce02800a54cb2055cabe1fa8d7cf75ab377ce2f2b8503f188c?s=96&d=blank&r=g","contentUrl":"https:\/\/secure.gravatar.com\/avatar\/a0f702f22ecd58ce02800a54cb2055cabe1fa8d7cf75ab377ce2f2b8503f188c?s=96&d=blank&r=g","caption":"admin"},"url":"https:\/\/reiseblock.ch\/wordpress\/author\/admin\/"}]}},"_links":{"self":[{"href":"https:\/\/reiseblock.ch\/wordpress\/wp-json\/wp\/v2\/posts\/157","targetHints":{"allow":["GET"]}}],"collection":[{"href":"https:\/\/reiseblock.ch\/wordpress\/wp-json\/wp\/v2\/posts"}],"about":[{"href":"https:\/\/reiseblock.ch\/wordpress\/wp-json\/wp\/v2\/types\/post"}],"author":[{"embeddable":true,"href":"https:\/\/reiseblock.ch\/wordpress\/wp-json\/wp\/v2\/users\/1"}],"replies":[{"embeddable":true,"href":"https:\/\/reiseblock.ch\/wordpress\/wp-json\/wp\/v2\/comments?post=157"}],"version-history":[{"count":5,"href":"https:\/\/reiseblock.ch\/wordpress\/wp-json\/wp\/v2\/posts\/157\/revisions"}],"predecessor-version":[{"id":1851,"href":"https:\/\/reiseblock.ch\/wordpress\/wp-json\/wp\/v2\/posts\/157\/revisions\/1851"}],"wp:featuredmedia":[{"embeddable":true,"href":"https:\/\/reiseblock.ch\/wordpress\/wp-json\/wp\/v2\/media\/136"}],"wp:attachment":[{"href":"https:\/\/reiseblock.ch\/wordpress\/wp-json\/wp\/v2\/media?parent=157"}],"wp:term":[{"taxonomy":"category","embeddable":true,"href":"https:\/\/reiseblock.ch\/wordpress\/wp-json\/wp\/v2\/categories?post=157"},{"taxonomy":"post_tag","embeddable":true,"href":"https:\/\/reiseblock.ch\/wordpress\/wp-json\/wp\/v2\/tags?post=157"}],"curies":[{"name":"wp","href":"https:\/\/api.w.org\/{rel}","templated":true}]}}