{"id":1568,"date":"2016-03-14T08:21:04","date_gmt":"2016-03-14T07:21:04","guid":{"rendered":"http:\/\/reiseblock.ch\/wordpress\/?p=1568"},"modified":"2017-05-22T17:39:40","modified_gmt":"2017-05-22T15:39:40","slug":"vom-weisshorn-zum-bietschhorn","status":"publish","type":"post","link":"https:\/\/reiseblock.ch\/wordpress\/vom-weisshorn-zum-bietschhorn\/","title":{"rendered":"Panoramaweg: vom Weisshorn zum Bietschhorn"},"content":{"rendered":"<div id=\"attachment_1570\" style=\"width: 1010px\" class=\"wp-caption alignleft\"><a href=\"http:\/\/reiseblock.ch\/wordpress\/wp-content\/uploads\/2016\/03\/Aussicht_Web.jpg\" rel=\"attachment wp-att-1570\"><img loading=\"lazy\" decoding=\"async\" aria-describedby=\"caption-attachment-1570\" class=\"size-full wp-image-1570\" src=\"http:\/\/reiseblock.ch\/wordpress\/wp-content\/uploads\/2016\/03\/Aussicht_Web.jpg\" alt=\"Unterwegs auf dem Panoramaweg von Unterb\u00e4ch nach T\u00f6rbel\" width=\"1000\" height=\"750\" srcset=\"https:\/\/reiseblock.ch\/wordpress\/wp-content\/uploads\/2016\/03\/Aussicht_Web.jpg 1000w, https:\/\/reiseblock.ch\/wordpress\/wp-content\/uploads\/2016\/03\/Aussicht_Web-300x225.jpg 300w, https:\/\/reiseblock.ch\/wordpress\/wp-content\/uploads\/2016\/03\/Aussicht_Web-768x576.jpg 768w\" sizes=\"auto, (max-width: 1000px) 100vw, 1000px\" \/><\/a><p id=\"caption-attachment-1570\" class=\"wp-caption-text\">Unterwegs auf dem Panoramaweg von Unterb\u00e4ch nach T\u00f6rbel<\/p><\/div>\n<p><span style=\"font-size: 12pt; font-family: Book Antiqua,Palatino;\">Wer gerne im Winter wandert, sollte sich diesen Winterwanderweg nicht entgehen lassen. 12 Kilometer gut pr\u00e4parierte Wege locken Wanderer zwischen Unterb\u00e4ch und T\u00f6rbel im Wallis. Auch wer Weisshorn und Bietschhorn nicht identifizieren kann, geniesst die pr\u00e4chtige Aussicht. Doch es gibt auch lange Abschnitte durch die B\u00e4ume \u2013 besonders sch\u00f6n, wenn sie verschneit sind. <\/span><\/p>\n<p><span style=\"font-family: Book Antiqua,Palatino; font-size: 12pt;\"><!--more--><\/span><\/p>\n<div id=\"attachment_1572\" style=\"width: 1010px\" class=\"wp-caption alignleft\"><a href=\"http:\/\/reiseblock.ch\/wordpress\/wp-content\/uploads\/2016\/03\/Schild_Web.jpg\" rel=\"attachment wp-att-1572\"><img loading=\"lazy\" decoding=\"async\" aria-describedby=\"caption-attachment-1572\" class=\"size-full wp-image-1572\" src=\"http:\/\/reiseblock.ch\/wordpress\/wp-content\/uploads\/2016\/03\/Schild_Web.jpg\" alt=\"12 Kilometer lang auf die pinken Schilder achten, damit man nicht vom Weg abkommt\" width=\"1000\" height=\"750\" srcset=\"https:\/\/reiseblock.ch\/wordpress\/wp-content\/uploads\/2016\/03\/Schild_Web.jpg 1000w, https:\/\/reiseblock.ch\/wordpress\/wp-content\/uploads\/2016\/03\/Schild_Web-300x225.jpg 300w, https:\/\/reiseblock.ch\/wordpress\/wp-content\/uploads\/2016\/03\/Schild_Web-768x576.jpg 768w\" sizes=\"auto, (max-width: 1000px) 100vw, 1000px\" \/><\/a><p id=\"caption-attachment-1572\" class=\"wp-caption-text\"><span style=\"font-family: Book Antiqua,Palatino; font-size: 12pt;\">12 Kilometer lang auf die pinken Schilder achten, damit man nicht vom Weg abkommt<\/span><\/p><\/div>\n<p><span style=\"font-size: 12pt; font-family: Book Antiqua,Palatino;\">Die kleinen Skiorte Unterb\u00e4ch und B\u00fcrchen haben es neben den weltbekannten Walliser Skiorten nicht einfach. Aber dieser Panoramaweg kann es mit den ganz Grossen aufnehmen.\u00a0<\/span><br \/>\n<span style=\"font-size: 12pt; font-family: Book Antiqua,Palatino;\"> Wir sind in Unterb\u00e4ch auf der Brandalp gestartet, mitten im kleinen Skigebiet, an der Bergstation der Sesselbahn. Das erste Teilst\u00fcck bis B\u00fcrchen ist locker. In B\u00fcrchen verpassen wir den Weg, der eigentlich \u00fcber die Ronalp geht, finden dann aber den Einstieg via Zeneggen nach dem Dorf wieder. <\/span><\/p>\n<div id=\"attachment_1571\" style=\"width: 3708px\" class=\"wp-caption alignleft\"><a href=\"http:\/\/reiseblock.ch\/wordpress\/wp-content\/uploads\/2016\/03\/Postauto_2_Web.jpg\" rel=\"attachment wp-att-1571\"><img loading=\"lazy\" decoding=\"async\" aria-describedby=\"caption-attachment-1571\" class=\"size-full wp-image-1571\" src=\"http:\/\/reiseblock.ch\/wordpress\/wp-content\/uploads\/2016\/03\/Postauto_2_Web.jpg\" alt=\"Eine Postautostelle mitten auf dem Winterwanderweg\" width=\"3698\" height=\"2719\" srcset=\"https:\/\/reiseblock.ch\/wordpress\/wp-content\/uploads\/2016\/03\/Postauto_2_Web.jpg 3698w, https:\/\/reiseblock.ch\/wordpress\/wp-content\/uploads\/2016\/03\/Postauto_2_Web-300x221.jpg 300w, https:\/\/reiseblock.ch\/wordpress\/wp-content\/uploads\/2016\/03\/Postauto_2_Web-768x565.jpg 768w, https:\/\/reiseblock.ch\/wordpress\/wp-content\/uploads\/2016\/03\/Postauto_2_Web-1024x753.jpg 1024w\" sizes=\"auto, (max-width: 3698px) 100vw, 3698px\" \/><\/a><p id=\"caption-attachment-1571\" class=\"wp-caption-text\"><span style=\"font-family: Book Antiqua,Palatino; font-size: 12pt;\">Eine Postautostelle mitten auf dem Winterwanderweg<\/span><\/p><\/div>\n<p><span style=\"font-size: 12pt; font-family: Book Antiqua,Palatino;\">Was ist denn das? Eine Postautohaltestelle mitten im Schnee. Da kommt wohl im Winter keine Auto, auch kein Postauto, durch. Es handelt sich um die Sommerstrecke Visp \u2013 B\u00fcrchen \u2013 Moosalp. <\/span><br \/>\n<span style=\"font-family: Book Antiqua,Palatino; font-size: 12pt;\"> Wir beenden f\u00fcr dieses Mal die Wanderung in Zeneggen, leider bleibt gar keine Zeit f\u00fcr eine Besichtigung des Walliser Ortes, denn just in diesem Moment f\u00e4hrt das Postauto nach Visp, das am Nachmittag nur zweist\u00fcndlich f\u00e4hrt. Aber dieser Weg lockt n\u00e4chste Saison bestimmt nochmals, n\u00e4chstes Mal von T\u00f6rbel nach Unterb\u00e4ch. Die gesamte Strecke dauert gut 4,5 Stunden, wobei der Weg sowohl in Zeneggen wie B\u00fcrchen abgek\u00fcrzt werden kann. Weitere Informationen zum Panoramaweg<u> <\/u>finden sich auf der <a href=\"http:\/\/www.buerchen-unterbaech.ch\" target=\"_blank\" rel=\"noopener noreferrer\">Homepage<\/a> der Ferienorte.<\/span><\/p>\n<p><span style=\"font-size: 14pt;\">\u00a0<\/span><\/p>\n","protected":false},"excerpt":{"rendered":"<p>Wer gerne im Winter wandert, sollte sich diesen Winterwanderweg nicht entgehen lassen. 12 Kilometer gut pr\u00e4parierte Wege locken Wanderer zwischen Unterb\u00e4ch und T\u00f6rbel im Wallis. [&#8230;]<\/p>\n","protected":false},"author":1,"featured_media":1570,"comment_status":"open","ping_status":"open","sticky":false,"template":"","format":"standard","meta":{"footnotes":""},"categories":[10,8],"tags":[],"class_list":["post-1568","post","type-post","status-publish","format-standard","has-post-thumbnail","hentry","category-erlebt","category-tipp"],"yoast_head":"<!-- This site is optimized with the Yoast SEO plugin v27.8 - https:\/\/yoast.com\/product\/yoast-seo-wordpress\/ -->\n<title>Panoramaweg: vom Weisshorn zum Bietschhorn &#8211; Reiseblock<\/title>\n<meta name=\"description\" content=\"Der Panoramaweg vom Weisshorn zum Bietschhorn im Wallis ist im Winter eine gelungene Alternative zu anderen Schneeaktivit\u00e4ten.\" \/>\n<meta name=\"robots\" content=\"index, follow, max-snippet:-1, max-image-preview:large, max-video-preview:-1\" \/>\n<link rel=\"canonical\" href=\"https:\/\/reiseblock.ch\/wordpress\/vom-weisshorn-zum-bietschhorn\/\" \/>\n<meta property=\"og:locale\" content=\"de_DE\" \/>\n<meta property=\"og:type\" content=\"article\" \/>\n<meta property=\"og:title\" content=\"Panoramaweg: vom Weisshorn zum Bietschhorn &#8211; Reiseblock\" \/>\n<meta property=\"og:description\" content=\"Der Panoramaweg vom Weisshorn zum Bietschhorn im Wallis ist im Winter eine gelungene Alternative zu anderen Schneeaktivit\u00e4ten.\" \/>\n<meta property=\"og:url\" content=\"https:\/\/reiseblock.ch\/wordpress\/vom-weisshorn-zum-bietschhorn\/\" \/>\n<meta property=\"og:site_name\" content=\"Reiseblock\" \/>\n<meta property=\"article:published_time\" content=\"2016-03-14T07:21:04+00:00\" \/>\n<meta property=\"article:modified_time\" content=\"2017-05-22T15:39:40+00:00\" \/>\n<meta property=\"og:image\" content=\"https:\/\/reiseblock.ch\/wordpress\/wp-content\/uploads\/2016\/03\/Aussicht_Web.jpg\" \/>\n\t<meta property=\"og:image:width\" content=\"1000\" \/>\n\t<meta property=\"og:image:height\" content=\"750\" \/>\n\t<meta property=\"og:image:type\" content=\"image\/jpeg\" \/>\n<meta name=\"author\" content=\"admin\" \/>\n<meta name=\"twitter:label1\" content=\"Verfasst von\" \/>\n\t<meta name=\"twitter:data1\" content=\"admin\" \/>\n\t<meta name=\"twitter:label2\" content=\"Gesch\u00e4tzte Lesezeit\" \/>\n\t<meta name=\"twitter:data2\" content=\"2\u00a0Minuten\" \/>\n<script type=\"application\/ld+json\" class=\"yoast-schema-graph\">{\"@context\":\"https:\\\/\\\/schema.org\",\"@graph\":[{\"@type\":\"Article\",\"@id\":\"https:\\\/\\\/reiseblock.ch\\\/wordpress\\\/vom-weisshorn-zum-bietschhorn\\\/#article\",\"isPartOf\":{\"@id\":\"https:\\\/\\\/reiseblock.ch\\\/wordpress\\\/vom-weisshorn-zum-bietschhorn\\\/\"},\"author\":{\"name\":\"admin\",\"@id\":\"https:\\\/\\\/reiseblock.ch\\\/wordpress\\\/#\\\/schema\\\/person\\\/739b103f8e7941f579794d17e2187721\"},\"headline\":\"Panoramaweg: vom Weisshorn zum Bietschhorn\",\"datePublished\":\"2016-03-14T07:21:04+00:00\",\"dateModified\":\"2017-05-22T15:39:40+00:00\",\"mainEntityOfPage\":{\"@id\":\"https:\\\/\\\/reiseblock.ch\\\/wordpress\\\/vom-weisshorn-zum-bietschhorn\\\/\"},\"wordCount\":309,\"commentCount\":0,\"publisher\":{\"@id\":\"https:\\\/\\\/reiseblock.ch\\\/wordpress\\\/#\\\/schema\\\/person\\\/eafba14374f16d5fa4f73efd49243014\"},\"image\":{\"@id\":\"https:\\\/\\\/reiseblock.ch\\\/wordpress\\\/vom-weisshorn-zum-bietschhorn\\\/#primaryimage\"},\"thumbnailUrl\":\"https:\\\/\\\/reiseblock.ch\\\/wordpress\\\/wp-content\\\/uploads\\\/2016\\\/03\\\/Aussicht_Web.jpg\",\"articleSection\":[\"Erlebt\",\"Tipp\"],\"inLanguage\":\"de\",\"potentialAction\":[{\"@type\":\"CommentAction\",\"name\":\"Comment\",\"target\":[\"https:\\\/\\\/reiseblock.ch\\\/wordpress\\\/vom-weisshorn-zum-bietschhorn\\\/#respond\"]}]},{\"@type\":\"WebPage\",\"@id\":\"https:\\\/\\\/reiseblock.ch\\\/wordpress\\\/vom-weisshorn-zum-bietschhorn\\\/\",\"url\":\"https:\\\/\\\/reiseblock.ch\\\/wordpress\\\/vom-weisshorn-zum-bietschhorn\\\/\",\"name\":\"Panoramaweg: vom Weisshorn zum Bietschhorn &#8211; Reiseblock\",\"isPartOf\":{\"@id\":\"https:\\\/\\\/reiseblock.ch\\\/wordpress\\\/#website\"},\"primaryImageOfPage\":{\"@id\":\"https:\\\/\\\/reiseblock.ch\\\/wordpress\\\/vom-weisshorn-zum-bietschhorn\\\/#primaryimage\"},\"image\":{\"@id\":\"https:\\\/\\\/reiseblock.ch\\\/wordpress\\\/vom-weisshorn-zum-bietschhorn\\\/#primaryimage\"},\"thumbnailUrl\":\"https:\\\/\\\/reiseblock.ch\\\/wordpress\\\/wp-content\\\/uploads\\\/2016\\\/03\\\/Aussicht_Web.jpg\",\"datePublished\":\"2016-03-14T07:21:04+00:00\",\"dateModified\":\"2017-05-22T15:39:40+00:00\",\"description\":\"Der Panoramaweg vom Weisshorn zum Bietschhorn im Wallis ist im Winter eine gelungene Alternative zu anderen Schneeaktivit\u00e4ten.\",\"breadcrumb\":{\"@id\":\"https:\\\/\\\/reiseblock.ch\\\/wordpress\\\/vom-weisshorn-zum-bietschhorn\\\/#breadcrumb\"},\"inLanguage\":\"de\",\"potentialAction\":[{\"@type\":\"ReadAction\",\"target\":[\"https:\\\/\\\/reiseblock.ch\\\/wordpress\\\/vom-weisshorn-zum-bietschhorn\\\/\"]}]},{\"@type\":\"ImageObject\",\"inLanguage\":\"de\",\"@id\":\"https:\\\/\\\/reiseblock.ch\\\/wordpress\\\/vom-weisshorn-zum-bietschhorn\\\/#primaryimage\",\"url\":\"https:\\\/\\\/reiseblock.ch\\\/wordpress\\\/wp-content\\\/uploads\\\/2016\\\/03\\\/Aussicht_Web.jpg\",\"contentUrl\":\"https:\\\/\\\/reiseblock.ch\\\/wordpress\\\/wp-content\\\/uploads\\\/2016\\\/03\\\/Aussicht_Web.jpg\",\"width\":1000,\"height\":750,\"caption\":\"Unterwegs auf dem Panoramaweg von Unterb\u00e4ch nach T\u00f6rbel\"},{\"@type\":\"BreadcrumbList\",\"@id\":\"https:\\\/\\\/reiseblock.ch\\\/wordpress\\\/vom-weisshorn-zum-bietschhorn\\\/#breadcrumb\",\"itemListElement\":[{\"@type\":\"ListItem\",\"position\":1,\"name\":\"Home\",\"item\":\"https:\\\/\\\/reiseblock.ch\\\/wordpress\\\/\"},{\"@type\":\"ListItem\",\"position\":2,\"name\":\"Panoramaweg: vom Weisshorn zum Bietschhorn\"}]},{\"@type\":\"WebSite\",\"@id\":\"https:\\\/\\\/reiseblock.ch\\\/wordpress\\\/#website\",\"url\":\"https:\\\/\\\/reiseblock.ch\\\/wordpress\\\/\",\"name\":\"Reiseblock\",\"description\":\"Ursula Kohlers ReiseWeise\",\"publisher\":{\"@id\":\"https:\\\/\\\/reiseblock.ch\\\/wordpress\\\/#\\\/schema\\\/person\\\/eafba14374f16d5fa4f73efd49243014\"},\"potentialAction\":[{\"@type\":\"SearchAction\",\"target\":{\"@type\":\"EntryPoint\",\"urlTemplate\":\"https:\\\/\\\/reiseblock.ch\\\/wordpress\\\/?s={search_term_string}\"},\"query-input\":{\"@type\":\"PropertyValueSpecification\",\"valueRequired\":true,\"valueName\":\"search_term_string\"}}],\"inLanguage\":\"de\"},{\"@type\":[\"Person\",\"Organization\"],\"@id\":\"https:\\\/\\\/reiseblock.ch\\\/wordpress\\\/#\\\/schema\\\/person\\\/eafba14374f16d5fa4f73efd49243014\",\"name\":\"Ursula Kohler\",\"image\":{\"@type\":\"ImageObject\",\"inLanguage\":\"de\",\"@id\":\"https:\\\/\\\/secure.gravatar.com\\\/avatar\\\/014d9b9a971f617638f4298cbb55f92d20b3bf0d1c9cc32f65333b2769bcf867?s=96&d=blank&r=g\",\"url\":\"https:\\\/\\\/secure.gravatar.com\\\/avatar\\\/014d9b9a971f617638f4298cbb55f92d20b3bf0d1c9cc32f65333b2769bcf867?s=96&d=blank&r=g\",\"contentUrl\":\"https:\\\/\\\/secure.gravatar.com\\\/avatar\\\/014d9b9a971f617638f4298cbb55f92d20b3bf0d1c9cc32f65333b2769bcf867?s=96&d=blank&r=g\",\"caption\":\"Ursula Kohler\"},\"logo\":{\"@id\":\"https:\\\/\\\/secure.gravatar.com\\\/avatar\\\/014d9b9a971f617638f4298cbb55f92d20b3bf0d1c9cc32f65333b2769bcf867?s=96&d=blank&r=g\"}},{\"@type\":\"Person\",\"@id\":\"https:\\\/\\\/reiseblock.ch\\\/wordpress\\\/#\\\/schema\\\/person\\\/739b103f8e7941f579794d17e2187721\",\"name\":\"admin\",\"image\":{\"@type\":\"ImageObject\",\"inLanguage\":\"de\",\"@id\":\"https:\\\/\\\/secure.gravatar.com\\\/avatar\\\/a0f702f22ecd58ce02800a54cb2055cabe1fa8d7cf75ab377ce2f2b8503f188c?s=96&d=blank&r=g\",\"url\":\"https:\\\/\\\/secure.gravatar.com\\\/avatar\\\/a0f702f22ecd58ce02800a54cb2055cabe1fa8d7cf75ab377ce2f2b8503f188c?s=96&d=blank&r=g\",\"contentUrl\":\"https:\\\/\\\/secure.gravatar.com\\\/avatar\\\/a0f702f22ecd58ce02800a54cb2055cabe1fa8d7cf75ab377ce2f2b8503f188c?s=96&d=blank&r=g\",\"caption\":\"admin\"},\"url\":\"https:\\\/\\\/reiseblock.ch\\\/wordpress\\\/author\\\/admin\\\/\"}]}<\/script>\n<!-- \/ Yoast SEO plugin. -->","yoast_head_json":{"title":"Panoramaweg: vom Weisshorn zum Bietschhorn &#8211; Reiseblock","description":"Der Panoramaweg vom Weisshorn zum Bietschhorn im Wallis ist im Winter eine gelungene Alternative zu anderen Schneeaktivit\u00e4ten.","robots":{"index":"index","follow":"follow","max-snippet":"max-snippet:-1","max-image-preview":"max-image-preview:large","max-video-preview":"max-video-preview:-1"},"canonical":"https:\/\/reiseblock.ch\/wordpress\/vom-weisshorn-zum-bietschhorn\/","og_locale":"de_DE","og_type":"article","og_title":"Panoramaweg: vom Weisshorn zum Bietschhorn &#8211; Reiseblock","og_description":"Der Panoramaweg vom Weisshorn zum Bietschhorn im Wallis ist im Winter eine gelungene Alternative zu anderen Schneeaktivit\u00e4ten.","og_url":"https:\/\/reiseblock.ch\/wordpress\/vom-weisshorn-zum-bietschhorn\/","og_site_name":"Reiseblock","article_published_time":"2016-03-14T07:21:04+00:00","article_modified_time":"2017-05-22T15:39:40+00:00","og_image":[{"width":1000,"height":750,"url":"https:\/\/reiseblock.ch\/wordpress\/wp-content\/uploads\/2016\/03\/Aussicht_Web.jpg","type":"image\/jpeg"}],"author":"admin","twitter_misc":{"Verfasst von":"admin","Gesch\u00e4tzte Lesezeit":"2\u00a0Minuten"},"schema":{"@context":"https:\/\/schema.org","@graph":[{"@type":"Article","@id":"https:\/\/reiseblock.ch\/wordpress\/vom-weisshorn-zum-bietschhorn\/#article","isPartOf":{"@id":"https:\/\/reiseblock.ch\/wordpress\/vom-weisshorn-zum-bietschhorn\/"},"author":{"name":"admin","@id":"https:\/\/reiseblock.ch\/wordpress\/#\/schema\/person\/739b103f8e7941f579794d17e2187721"},"headline":"Panoramaweg: vom Weisshorn zum Bietschhorn","datePublished":"2016-03-14T07:21:04+00:00","dateModified":"2017-05-22T15:39:40+00:00","mainEntityOfPage":{"@id":"https:\/\/reiseblock.ch\/wordpress\/vom-weisshorn-zum-bietschhorn\/"},"wordCount":309,"commentCount":0,"publisher":{"@id":"https:\/\/reiseblock.ch\/wordpress\/#\/schema\/person\/eafba14374f16d5fa4f73efd49243014"},"image":{"@id":"https:\/\/reiseblock.ch\/wordpress\/vom-weisshorn-zum-bietschhorn\/#primaryimage"},"thumbnailUrl":"https:\/\/reiseblock.ch\/wordpress\/wp-content\/uploads\/2016\/03\/Aussicht_Web.jpg","articleSection":["Erlebt","Tipp"],"inLanguage":"de","potentialAction":[{"@type":"CommentAction","name":"Comment","target":["https:\/\/reiseblock.ch\/wordpress\/vom-weisshorn-zum-bietschhorn\/#respond"]}]},{"@type":"WebPage","@id":"https:\/\/reiseblock.ch\/wordpress\/vom-weisshorn-zum-bietschhorn\/","url":"https:\/\/reiseblock.ch\/wordpress\/vom-weisshorn-zum-bietschhorn\/","name":"Panoramaweg: vom Weisshorn zum Bietschhorn &#8211; Reiseblock","isPartOf":{"@id":"https:\/\/reiseblock.ch\/wordpress\/#website"},"primaryImageOfPage":{"@id":"https:\/\/reiseblock.ch\/wordpress\/vom-weisshorn-zum-bietschhorn\/#primaryimage"},"image":{"@id":"https:\/\/reiseblock.ch\/wordpress\/vom-weisshorn-zum-bietschhorn\/#primaryimage"},"thumbnailUrl":"https:\/\/reiseblock.ch\/wordpress\/wp-content\/uploads\/2016\/03\/Aussicht_Web.jpg","datePublished":"2016-03-14T07:21:04+00:00","dateModified":"2017-05-22T15:39:40+00:00","description":"Der Panoramaweg vom Weisshorn zum Bietschhorn im Wallis ist im Winter eine gelungene Alternative zu anderen Schneeaktivit\u00e4ten.","breadcrumb":{"@id":"https:\/\/reiseblock.ch\/wordpress\/vom-weisshorn-zum-bietschhorn\/#breadcrumb"},"inLanguage":"de","potentialAction":[{"@type":"ReadAction","target":["https:\/\/reiseblock.ch\/wordpress\/vom-weisshorn-zum-bietschhorn\/"]}]},{"@type":"ImageObject","inLanguage":"de","@id":"https:\/\/reiseblock.ch\/wordpress\/vom-weisshorn-zum-bietschhorn\/#primaryimage","url":"https:\/\/reiseblock.ch\/wordpress\/wp-content\/uploads\/2016\/03\/Aussicht_Web.jpg","contentUrl":"https:\/\/reiseblock.ch\/wordpress\/wp-content\/uploads\/2016\/03\/Aussicht_Web.jpg","width":1000,"height":750,"caption":"Unterwegs auf dem Panoramaweg von Unterb\u00e4ch nach T\u00f6rbel"},{"@type":"BreadcrumbList","@id":"https:\/\/reiseblock.ch\/wordpress\/vom-weisshorn-zum-bietschhorn\/#breadcrumb","itemListElement":[{"@type":"ListItem","position":1,"name":"Home","item":"https:\/\/reiseblock.ch\/wordpress\/"},{"@type":"ListItem","position":2,"name":"Panoramaweg: vom Weisshorn zum Bietschhorn"}]},{"@type":"WebSite","@id":"https:\/\/reiseblock.ch\/wordpress\/#website","url":"https:\/\/reiseblock.ch\/wordpress\/","name":"Reiseblock","description":"Ursula Kohlers ReiseWeise","publisher":{"@id":"https:\/\/reiseblock.ch\/wordpress\/#\/schema\/person\/eafba14374f16d5fa4f73efd49243014"},"potentialAction":[{"@type":"SearchAction","target":{"@type":"EntryPoint","urlTemplate":"https:\/\/reiseblock.ch\/wordpress\/?s={search_term_string}"},"query-input":{"@type":"PropertyValueSpecification","valueRequired":true,"valueName":"search_term_string"}}],"inLanguage":"de"},{"@type":["Person","Organization"],"@id":"https:\/\/reiseblock.ch\/wordpress\/#\/schema\/person\/eafba14374f16d5fa4f73efd49243014","name":"Ursula Kohler","image":{"@type":"ImageObject","inLanguage":"de","@id":"https:\/\/secure.gravatar.com\/avatar\/014d9b9a971f617638f4298cbb55f92d20b3bf0d1c9cc32f65333b2769bcf867?s=96&d=blank&r=g","url":"https:\/\/secure.gravatar.com\/avatar\/014d9b9a971f617638f4298cbb55f92d20b3bf0d1c9cc32f65333b2769bcf867?s=96&d=blank&r=g","contentUrl":"https:\/\/secure.gravatar.com\/avatar\/014d9b9a971f617638f4298cbb55f92d20b3bf0d1c9cc32f65333b2769bcf867?s=96&d=blank&r=g","caption":"Ursula Kohler"},"logo":{"@id":"https:\/\/secure.gravatar.com\/avatar\/014d9b9a971f617638f4298cbb55f92d20b3bf0d1c9cc32f65333b2769bcf867?s=96&d=blank&r=g"}},{"@type":"Person","@id":"https:\/\/reiseblock.ch\/wordpress\/#\/schema\/person\/739b103f8e7941f579794d17e2187721","name":"admin","image":{"@type":"ImageObject","inLanguage":"de","@id":"https:\/\/secure.gravatar.com\/avatar\/a0f702f22ecd58ce02800a54cb2055cabe1fa8d7cf75ab377ce2f2b8503f188c?s=96&d=blank&r=g","url":"https:\/\/secure.gravatar.com\/avatar\/a0f702f22ecd58ce02800a54cb2055cabe1fa8d7cf75ab377ce2f2b8503f188c?s=96&d=blank&r=g","contentUrl":"https:\/\/secure.gravatar.com\/avatar\/a0f702f22ecd58ce02800a54cb2055cabe1fa8d7cf75ab377ce2f2b8503f188c?s=96&d=blank&r=g","caption":"admin"},"url":"https:\/\/reiseblock.ch\/wordpress\/author\/admin\/"}]}},"_links":{"self":[{"href":"https:\/\/reiseblock.ch\/wordpress\/wp-json\/wp\/v2\/posts\/1568","targetHints":{"allow":["GET"]}}],"collection":[{"href":"https:\/\/reiseblock.ch\/wordpress\/wp-json\/wp\/v2\/posts"}],"about":[{"href":"https:\/\/reiseblock.ch\/wordpress\/wp-json\/wp\/v2\/types\/post"}],"author":[{"embeddable":true,"href":"https:\/\/reiseblock.ch\/wordpress\/wp-json\/wp\/v2\/users\/1"}],"replies":[{"embeddable":true,"href":"https:\/\/reiseblock.ch\/wordpress\/wp-json\/wp\/v2\/comments?post=1568"}],"version-history":[{"count":7,"href":"https:\/\/reiseblock.ch\/wordpress\/wp-json\/wp\/v2\/posts\/1568\/revisions"}],"predecessor-version":[{"id":1762,"href":"https:\/\/reiseblock.ch\/wordpress\/wp-json\/wp\/v2\/posts\/1568\/revisions\/1762"}],"wp:featuredmedia":[{"embeddable":true,"href":"https:\/\/reiseblock.ch\/wordpress\/wp-json\/wp\/v2\/media\/1570"}],"wp:attachment":[{"href":"https:\/\/reiseblock.ch\/wordpress\/wp-json\/wp\/v2\/media?parent=1568"}],"wp:term":[{"taxonomy":"category","embeddable":true,"href":"https:\/\/reiseblock.ch\/wordpress\/wp-json\/wp\/v2\/categories?post=1568"},{"taxonomy":"post_tag","embeddable":true,"href":"https:\/\/reiseblock.ch\/wordpress\/wp-json\/wp\/v2\/tags?post=1568"}],"curies":[{"name":"wp","href":"https:\/\/api.w.org\/{rel}","templated":true}]}}