{"id":1556,"date":"2016-02-29T09:21:03","date_gmt":"2016-02-29T08:21:03","guid":{"rendered":"http:\/\/reiseblock.ch\/wordpress\/?p=1556"},"modified":"2017-05-22T17:41:27","modified_gmt":"2017-05-22T15:41:27","slug":"das-oberengadin-zeigt-sich-von-seiner-glaenzenden-seite","status":"publish","type":"post","link":"https:\/\/reiseblock.ch\/wordpress\/das-oberengadin-zeigt-sich-von-seiner-glaenzenden-seite\/","title":{"rendered":"Das Oberengadin zeigt sich von seiner gl\u00e4nzenden Seite"},"content":{"rendered":"<div id=\"attachment_1557\" style=\"width: 1010px\" class=\"wp-caption alignleft\"><a href=\"http:\/\/reiseblock.ch\/wordpress\/wp-content\/uploads\/2016\/02\/Engadin.jpg\" rel=\"attachment wp-att-1557\"><img loading=\"lazy\" decoding=\"async\" aria-describedby=\"caption-attachment-1557\" class=\"wp-image-1557 size-full\" src=\"http:\/\/reiseblock.ch\/wordpress\/wp-content\/uploads\/2016\/02\/Engadin.jpg\" alt=\"Im Oberengadin: Der Silsersee Richtung Maloja: eine begehbare Fl\u00e4che im Winter\" width=\"1000\" height=\"667\" srcset=\"https:\/\/reiseblock.ch\/wordpress\/wp-content\/uploads\/2016\/02\/Engadin.jpg 1000w, https:\/\/reiseblock.ch\/wordpress\/wp-content\/uploads\/2016\/02\/Engadin-300x200.jpg 300w, https:\/\/reiseblock.ch\/wordpress\/wp-content\/uploads\/2016\/02\/Engadin-768x512.jpg 768w\" sizes=\"auto, (max-width: 1000px) 100vw, 1000px\" \/><\/a><p id=\"caption-attachment-1557\" class=\"wp-caption-text\">Im Oberengadin: Der Silsersee Richtung Maloja: eine begehbare Fl\u00e4che im Winter<\/p><\/div>\n<p><span style=\"font-size: 12pt; font-family: Book Antiqua,Palatino;\">Das Hochtal des <a href=\"http:\/\/www.engadin.stmoritz.ch\/winter\/de\/\" target=\"_blank\" rel=\"noopener noreferrer\">Oberengadins<\/a> mit seiner Seenplatte ist faszinierend. Im Sommer heben sich die blauen Gew\u00e4sser von der Umgebung ab, wohingegen sie sich im Winter, wenn sie zugefroren sind, den weissen Bergen rundherum anpassen. Sie passen sich in den Wintermonaten so weit an, dass man kaum sieht, dass es sich bei den grossen Fl\u00e4chen um Seen handelt. <\/span><\/p>\n<p><span style=\"font-family: Book Antiqua,Palatino; font-size: 12pt;\"><!--more--><\/span><\/p>\n<p><span style=\"font-size: 12pt;\"><span style=\"font-family: Book Antiqua,Palatino;\">Dies umso mehr, als die Seen begehbar sind. Ein ganz besonderes Vergn\u00fcgen, f\u00fcr Fussg\u00e4nger, aber auch Langl\u00e4ufer.<\/span><br \/>\n<\/span><\/p>\n<p><span style=\"font-size: 12pt;\"><span style=\"font-family: Book Antiqua,Palatino;\">Unheimlich ist es zwar, wenn man das Grummeln unter der Wasseroberfl\u00e4che h\u00f6rt, aber zumindest weiss man dann doch, dass man sich eben nicht auf \u00abfestem\u00bb Boden befindet.<\/span><br \/>\n<span style=\"font-family: Book Antiqua,Palatino;\"> Wer kennt die einzelnen Seen? Es handelt sich um den Silsersee (Lej da Segl), den Silvaplanersee (Lej da Silvaplauna), den Champfersee (Lej da Champf\u00e8r) sowie den St. Moritzersee (Lej da S. Murezzan). Der gr\u00f6sste See des ganzen Graub\u00fcndens ist dabei der Silsersee.<\/span><br \/>\n<\/span><\/p>\n<p><span style=\"font-size: 12pt;\"><span style=\"font-family: Book Antiqua,Palatino;\">Stundenlang k\u00f6nnte man auf den Seen unterwegs sein, gut zu begehen mit einer (pr\u00e4parierten) Schneeschicht, damit es nicht zu rutschig ist \u2013 und das ist es auch nicht. Doch da gibt es etwas anderes zu beachten. Wann sind die Seen \u00fcberhaupt begehbar? Die <a href=\"http:\/\/www.engadin.stmoritz.ch\/winter\/de\/aktivitaeten\/bergerlebnis\/winterwandern\/winterwanderwege-auf-den-seen\/winterwandern-maloja-sils-silvaplana\/\" target=\"_blank\" rel=\"noopener noreferrer\">interaktive Karte<\/a> des Oberengadins zeigt genau an, welche Wege offen und welche gesperrt sind. Rot gleich gesperrt, gr\u00fcn gleich offen. Schaut man beispielsweise am 29. Februar 2016 auf der Karte nach, sieht man, dass die Wege auf Silsersee und Champfersee gr\u00fcn markiert sind, nicht jedoch auf dem Silvaplanersee und St. Moritzersee. Fazit: Die Zeit nutzen, solange die Seen (teilweise) noch offen sind.<\/span> <\/span><\/p>\n","protected":false},"excerpt":{"rendered":"<p>Das Hochtal des Oberengadins mit seiner Seenplatte ist faszinierend. Im Sommer heben sich die blauen Gew\u00e4sser von der Umgebung ab, wohingegen sie sich im Winter, [&#8230;]<\/p>\n","protected":false},"author":1,"featured_media":1557,"comment_status":"open","ping_status":"open","sticky":false,"template":"","format":"standard","meta":{"footnotes":""},"categories":[8],"tags":[201,202,203],"class_list":["post-1556","post","type-post","status-publish","format-standard","has-post-thumbnail","hentry","category-tipp","tag-oberengadin","tag-silsersee","tag-winterwandern"],"yoast_head":"<!-- This site is optimized with the Yoast SEO plugin v27.8 - https:\/\/yoast.com\/product\/yoast-seo-wordpress\/ -->\n<title>Das Oberengadin zeigt sich von seiner gl\u00e4nzenden Seite &#8211; Reiseblock<\/title>\n<meta name=\"description\" content=\"Winterwandern auf der Seenplatte des\u00a0 Oberengadins ist ein besonderes Erlebnis.\" \/>\n<meta name=\"robots\" content=\"index, follow, max-snippet:-1, max-image-preview:large, max-video-preview:-1\" \/>\n<link rel=\"canonical\" href=\"https:\/\/reiseblock.ch\/wordpress\/das-oberengadin-zeigt-sich-von-seiner-glaenzenden-seite\/\" \/>\n<meta property=\"og:locale\" content=\"de_DE\" \/>\n<meta property=\"og:type\" content=\"article\" \/>\n<meta property=\"og:title\" content=\"Das Oberengadin zeigt sich von seiner gl\u00e4nzenden Seite &#8211; Reiseblock\" \/>\n<meta property=\"og:description\" content=\"Winterwandern auf der Seenplatte des\u00a0 Oberengadins ist ein besonderes Erlebnis.\" \/>\n<meta property=\"og:url\" content=\"https:\/\/reiseblock.ch\/wordpress\/das-oberengadin-zeigt-sich-von-seiner-glaenzenden-seite\/\" \/>\n<meta property=\"og:site_name\" content=\"Reiseblock\" \/>\n<meta property=\"article:published_time\" content=\"2016-02-29T08:21:03+00:00\" \/>\n<meta property=\"article:modified_time\" content=\"2017-05-22T15:41:27+00:00\" \/>\n<meta property=\"og:image\" content=\"https:\/\/reiseblock.ch\/wordpress\/wp-content\/uploads\/2016\/02\/Engadin.jpg\" \/>\n\t<meta property=\"og:image:width\" content=\"1000\" \/>\n\t<meta property=\"og:image:height\" content=\"667\" \/>\n\t<meta property=\"og:image:type\" content=\"image\/jpeg\" \/>\n<meta name=\"author\" content=\"admin\" \/>\n<meta name=\"twitter:label1\" content=\"Verfasst von\" \/>\n\t<meta name=\"twitter:data1\" content=\"admin\" \/>\n\t<meta name=\"twitter:label2\" content=\"Gesch\u00e4tzte Lesezeit\" \/>\n\t<meta name=\"twitter:data2\" content=\"1\u00a0Minute\" \/>\n<script type=\"application\/ld+json\" class=\"yoast-schema-graph\">{\"@context\":\"https:\\\/\\\/schema.org\",\"@graph\":[{\"@type\":\"Article\",\"@id\":\"https:\\\/\\\/reiseblock.ch\\\/wordpress\\\/das-oberengadin-zeigt-sich-von-seiner-glaenzenden-seite\\\/#article\",\"isPartOf\":{\"@id\":\"https:\\\/\\\/reiseblock.ch\\\/wordpress\\\/das-oberengadin-zeigt-sich-von-seiner-glaenzenden-seite\\\/\"},\"author\":{\"name\":\"admin\",\"@id\":\"https:\\\/\\\/reiseblock.ch\\\/wordpress\\\/#\\\/schema\\\/person\\\/739b103f8e7941f579794d17e2187721\"},\"headline\":\"Das Oberengadin zeigt sich von seiner gl\u00e4nzenden Seite\",\"datePublished\":\"2016-02-29T08:21:03+00:00\",\"dateModified\":\"2017-05-22T15:41:27+00:00\",\"mainEntityOfPage\":{\"@id\":\"https:\\\/\\\/reiseblock.ch\\\/wordpress\\\/das-oberengadin-zeigt-sich-von-seiner-glaenzenden-seite\\\/\"},\"wordCount\":288,\"commentCount\":0,\"publisher\":{\"@id\":\"https:\\\/\\\/reiseblock.ch\\\/wordpress\\\/#\\\/schema\\\/person\\\/eafba14374f16d5fa4f73efd49243014\"},\"image\":{\"@id\":\"https:\\\/\\\/reiseblock.ch\\\/wordpress\\\/das-oberengadin-zeigt-sich-von-seiner-glaenzenden-seite\\\/#primaryimage\"},\"thumbnailUrl\":\"https:\\\/\\\/reiseblock.ch\\\/wordpress\\\/wp-content\\\/uploads\\\/2016\\\/02\\\/Engadin.jpg\",\"keywords\":[\"Oberengadin\",\"Silsersee\",\"Winterwandern\"],\"articleSection\":[\"Tipp\"],\"inLanguage\":\"de\",\"potentialAction\":[{\"@type\":\"CommentAction\",\"name\":\"Comment\",\"target\":[\"https:\\\/\\\/reiseblock.ch\\\/wordpress\\\/das-oberengadin-zeigt-sich-von-seiner-glaenzenden-seite\\\/#respond\"]}]},{\"@type\":\"WebPage\",\"@id\":\"https:\\\/\\\/reiseblock.ch\\\/wordpress\\\/das-oberengadin-zeigt-sich-von-seiner-glaenzenden-seite\\\/\",\"url\":\"https:\\\/\\\/reiseblock.ch\\\/wordpress\\\/das-oberengadin-zeigt-sich-von-seiner-glaenzenden-seite\\\/\",\"name\":\"Das Oberengadin zeigt sich von seiner gl\u00e4nzenden Seite &#8211; Reiseblock\",\"isPartOf\":{\"@id\":\"https:\\\/\\\/reiseblock.ch\\\/wordpress\\\/#website\"},\"primaryImageOfPage\":{\"@id\":\"https:\\\/\\\/reiseblock.ch\\\/wordpress\\\/das-oberengadin-zeigt-sich-von-seiner-glaenzenden-seite\\\/#primaryimage\"},\"image\":{\"@id\":\"https:\\\/\\\/reiseblock.ch\\\/wordpress\\\/das-oberengadin-zeigt-sich-von-seiner-glaenzenden-seite\\\/#primaryimage\"},\"thumbnailUrl\":\"https:\\\/\\\/reiseblock.ch\\\/wordpress\\\/wp-content\\\/uploads\\\/2016\\\/02\\\/Engadin.jpg\",\"datePublished\":\"2016-02-29T08:21:03+00:00\",\"dateModified\":\"2017-05-22T15:41:27+00:00\",\"description\":\"Winterwandern auf der Seenplatte des\u00a0 Oberengadins ist ein besonderes Erlebnis.\",\"breadcrumb\":{\"@id\":\"https:\\\/\\\/reiseblock.ch\\\/wordpress\\\/das-oberengadin-zeigt-sich-von-seiner-glaenzenden-seite\\\/#breadcrumb\"},\"inLanguage\":\"de\",\"potentialAction\":[{\"@type\":\"ReadAction\",\"target\":[\"https:\\\/\\\/reiseblock.ch\\\/wordpress\\\/das-oberengadin-zeigt-sich-von-seiner-glaenzenden-seite\\\/\"]}]},{\"@type\":\"ImageObject\",\"inLanguage\":\"de\",\"@id\":\"https:\\\/\\\/reiseblock.ch\\\/wordpress\\\/das-oberengadin-zeigt-sich-von-seiner-glaenzenden-seite\\\/#primaryimage\",\"url\":\"https:\\\/\\\/reiseblock.ch\\\/wordpress\\\/wp-content\\\/uploads\\\/2016\\\/02\\\/Engadin.jpg\",\"contentUrl\":\"https:\\\/\\\/reiseblock.ch\\\/wordpress\\\/wp-content\\\/uploads\\\/2016\\\/02\\\/Engadin.jpg\",\"width\":1000,\"height\":667,\"caption\":\"Der Silsersee Richtung Maloja: eine begehbare Fl\u00e4che im Winter\"},{\"@type\":\"BreadcrumbList\",\"@id\":\"https:\\\/\\\/reiseblock.ch\\\/wordpress\\\/das-oberengadin-zeigt-sich-von-seiner-glaenzenden-seite\\\/#breadcrumb\",\"itemListElement\":[{\"@type\":\"ListItem\",\"position\":1,\"name\":\"Home\",\"item\":\"https:\\\/\\\/reiseblock.ch\\\/wordpress\\\/\"},{\"@type\":\"ListItem\",\"position\":2,\"name\":\"Das Oberengadin zeigt sich von seiner gl\u00e4nzenden Seite\"}]},{\"@type\":\"WebSite\",\"@id\":\"https:\\\/\\\/reiseblock.ch\\\/wordpress\\\/#website\",\"url\":\"https:\\\/\\\/reiseblock.ch\\\/wordpress\\\/\",\"name\":\"Reiseblock\",\"description\":\"Ursula Kohlers ReiseWeise\",\"publisher\":{\"@id\":\"https:\\\/\\\/reiseblock.ch\\\/wordpress\\\/#\\\/schema\\\/person\\\/eafba14374f16d5fa4f73efd49243014\"},\"potentialAction\":[{\"@type\":\"SearchAction\",\"target\":{\"@type\":\"EntryPoint\",\"urlTemplate\":\"https:\\\/\\\/reiseblock.ch\\\/wordpress\\\/?s={search_term_string}\"},\"query-input\":{\"@type\":\"PropertyValueSpecification\",\"valueRequired\":true,\"valueName\":\"search_term_string\"}}],\"inLanguage\":\"de\"},{\"@type\":[\"Person\",\"Organization\"],\"@id\":\"https:\\\/\\\/reiseblock.ch\\\/wordpress\\\/#\\\/schema\\\/person\\\/eafba14374f16d5fa4f73efd49243014\",\"name\":\"Ursula Kohler\",\"image\":{\"@type\":\"ImageObject\",\"inLanguage\":\"de\",\"@id\":\"https:\\\/\\\/secure.gravatar.com\\\/avatar\\\/014d9b9a971f617638f4298cbb55f92d20b3bf0d1c9cc32f65333b2769bcf867?s=96&d=blank&r=g\",\"url\":\"https:\\\/\\\/secure.gravatar.com\\\/avatar\\\/014d9b9a971f617638f4298cbb55f92d20b3bf0d1c9cc32f65333b2769bcf867?s=96&d=blank&r=g\",\"contentUrl\":\"https:\\\/\\\/secure.gravatar.com\\\/avatar\\\/014d9b9a971f617638f4298cbb55f92d20b3bf0d1c9cc32f65333b2769bcf867?s=96&d=blank&r=g\",\"caption\":\"Ursula Kohler\"},\"logo\":{\"@id\":\"https:\\\/\\\/secure.gravatar.com\\\/avatar\\\/014d9b9a971f617638f4298cbb55f92d20b3bf0d1c9cc32f65333b2769bcf867?s=96&d=blank&r=g\"}},{\"@type\":\"Person\",\"@id\":\"https:\\\/\\\/reiseblock.ch\\\/wordpress\\\/#\\\/schema\\\/person\\\/739b103f8e7941f579794d17e2187721\",\"name\":\"admin\",\"image\":{\"@type\":\"ImageObject\",\"inLanguage\":\"de\",\"@id\":\"https:\\\/\\\/secure.gravatar.com\\\/avatar\\\/a0f702f22ecd58ce02800a54cb2055cabe1fa8d7cf75ab377ce2f2b8503f188c?s=96&d=blank&r=g\",\"url\":\"https:\\\/\\\/secure.gravatar.com\\\/avatar\\\/a0f702f22ecd58ce02800a54cb2055cabe1fa8d7cf75ab377ce2f2b8503f188c?s=96&d=blank&r=g\",\"contentUrl\":\"https:\\\/\\\/secure.gravatar.com\\\/avatar\\\/a0f702f22ecd58ce02800a54cb2055cabe1fa8d7cf75ab377ce2f2b8503f188c?s=96&d=blank&r=g\",\"caption\":\"admin\"},\"url\":\"https:\\\/\\\/reiseblock.ch\\\/wordpress\\\/author\\\/admin\\\/\"}]}<\/script>\n<!-- \/ Yoast SEO plugin. -->","yoast_head_json":{"title":"Das Oberengadin zeigt sich von seiner gl\u00e4nzenden Seite &#8211; Reiseblock","description":"Winterwandern auf der Seenplatte des\u00a0 Oberengadins ist ein besonderes Erlebnis.","robots":{"index":"index","follow":"follow","max-snippet":"max-snippet:-1","max-image-preview":"max-image-preview:large","max-video-preview":"max-video-preview:-1"},"canonical":"https:\/\/reiseblock.ch\/wordpress\/das-oberengadin-zeigt-sich-von-seiner-glaenzenden-seite\/","og_locale":"de_DE","og_type":"article","og_title":"Das Oberengadin zeigt sich von seiner gl\u00e4nzenden Seite &#8211; Reiseblock","og_description":"Winterwandern auf der Seenplatte des\u00a0 Oberengadins ist ein besonderes Erlebnis.","og_url":"https:\/\/reiseblock.ch\/wordpress\/das-oberengadin-zeigt-sich-von-seiner-glaenzenden-seite\/","og_site_name":"Reiseblock","article_published_time":"2016-02-29T08:21:03+00:00","article_modified_time":"2017-05-22T15:41:27+00:00","og_image":[{"width":1000,"height":667,"url":"https:\/\/reiseblock.ch\/wordpress\/wp-content\/uploads\/2016\/02\/Engadin.jpg","type":"image\/jpeg"}],"author":"admin","twitter_misc":{"Verfasst von":"admin","Gesch\u00e4tzte Lesezeit":"1\u00a0Minute"},"schema":{"@context":"https:\/\/schema.org","@graph":[{"@type":"Article","@id":"https:\/\/reiseblock.ch\/wordpress\/das-oberengadin-zeigt-sich-von-seiner-glaenzenden-seite\/#article","isPartOf":{"@id":"https:\/\/reiseblock.ch\/wordpress\/das-oberengadin-zeigt-sich-von-seiner-glaenzenden-seite\/"},"author":{"name":"admin","@id":"https:\/\/reiseblock.ch\/wordpress\/#\/schema\/person\/739b103f8e7941f579794d17e2187721"},"headline":"Das Oberengadin zeigt sich von seiner gl\u00e4nzenden Seite","datePublished":"2016-02-29T08:21:03+00:00","dateModified":"2017-05-22T15:41:27+00:00","mainEntityOfPage":{"@id":"https:\/\/reiseblock.ch\/wordpress\/das-oberengadin-zeigt-sich-von-seiner-glaenzenden-seite\/"},"wordCount":288,"commentCount":0,"publisher":{"@id":"https:\/\/reiseblock.ch\/wordpress\/#\/schema\/person\/eafba14374f16d5fa4f73efd49243014"},"image":{"@id":"https:\/\/reiseblock.ch\/wordpress\/das-oberengadin-zeigt-sich-von-seiner-glaenzenden-seite\/#primaryimage"},"thumbnailUrl":"https:\/\/reiseblock.ch\/wordpress\/wp-content\/uploads\/2016\/02\/Engadin.jpg","keywords":["Oberengadin","Silsersee","Winterwandern"],"articleSection":["Tipp"],"inLanguage":"de","potentialAction":[{"@type":"CommentAction","name":"Comment","target":["https:\/\/reiseblock.ch\/wordpress\/das-oberengadin-zeigt-sich-von-seiner-glaenzenden-seite\/#respond"]}]},{"@type":"WebPage","@id":"https:\/\/reiseblock.ch\/wordpress\/das-oberengadin-zeigt-sich-von-seiner-glaenzenden-seite\/","url":"https:\/\/reiseblock.ch\/wordpress\/das-oberengadin-zeigt-sich-von-seiner-glaenzenden-seite\/","name":"Das Oberengadin zeigt sich von seiner gl\u00e4nzenden Seite &#8211; Reiseblock","isPartOf":{"@id":"https:\/\/reiseblock.ch\/wordpress\/#website"},"primaryImageOfPage":{"@id":"https:\/\/reiseblock.ch\/wordpress\/das-oberengadin-zeigt-sich-von-seiner-glaenzenden-seite\/#primaryimage"},"image":{"@id":"https:\/\/reiseblock.ch\/wordpress\/das-oberengadin-zeigt-sich-von-seiner-glaenzenden-seite\/#primaryimage"},"thumbnailUrl":"https:\/\/reiseblock.ch\/wordpress\/wp-content\/uploads\/2016\/02\/Engadin.jpg","datePublished":"2016-02-29T08:21:03+00:00","dateModified":"2017-05-22T15:41:27+00:00","description":"Winterwandern auf der Seenplatte des\u00a0 Oberengadins ist ein besonderes Erlebnis.","breadcrumb":{"@id":"https:\/\/reiseblock.ch\/wordpress\/das-oberengadin-zeigt-sich-von-seiner-glaenzenden-seite\/#breadcrumb"},"inLanguage":"de","potentialAction":[{"@type":"ReadAction","target":["https:\/\/reiseblock.ch\/wordpress\/das-oberengadin-zeigt-sich-von-seiner-glaenzenden-seite\/"]}]},{"@type":"ImageObject","inLanguage":"de","@id":"https:\/\/reiseblock.ch\/wordpress\/das-oberengadin-zeigt-sich-von-seiner-glaenzenden-seite\/#primaryimage","url":"https:\/\/reiseblock.ch\/wordpress\/wp-content\/uploads\/2016\/02\/Engadin.jpg","contentUrl":"https:\/\/reiseblock.ch\/wordpress\/wp-content\/uploads\/2016\/02\/Engadin.jpg","width":1000,"height":667,"caption":"Der Silsersee Richtung Maloja: eine begehbare Fl\u00e4che im Winter"},{"@type":"BreadcrumbList","@id":"https:\/\/reiseblock.ch\/wordpress\/das-oberengadin-zeigt-sich-von-seiner-glaenzenden-seite\/#breadcrumb","itemListElement":[{"@type":"ListItem","position":1,"name":"Home","item":"https:\/\/reiseblock.ch\/wordpress\/"},{"@type":"ListItem","position":2,"name":"Das Oberengadin zeigt sich von seiner gl\u00e4nzenden Seite"}]},{"@type":"WebSite","@id":"https:\/\/reiseblock.ch\/wordpress\/#website","url":"https:\/\/reiseblock.ch\/wordpress\/","name":"Reiseblock","description":"Ursula Kohlers ReiseWeise","publisher":{"@id":"https:\/\/reiseblock.ch\/wordpress\/#\/schema\/person\/eafba14374f16d5fa4f73efd49243014"},"potentialAction":[{"@type":"SearchAction","target":{"@type":"EntryPoint","urlTemplate":"https:\/\/reiseblock.ch\/wordpress\/?s={search_term_string}"},"query-input":{"@type":"PropertyValueSpecification","valueRequired":true,"valueName":"search_term_string"}}],"inLanguage":"de"},{"@type":["Person","Organization"],"@id":"https:\/\/reiseblock.ch\/wordpress\/#\/schema\/person\/eafba14374f16d5fa4f73efd49243014","name":"Ursula Kohler","image":{"@type":"ImageObject","inLanguage":"de","@id":"https:\/\/secure.gravatar.com\/avatar\/014d9b9a971f617638f4298cbb55f92d20b3bf0d1c9cc32f65333b2769bcf867?s=96&d=blank&r=g","url":"https:\/\/secure.gravatar.com\/avatar\/014d9b9a971f617638f4298cbb55f92d20b3bf0d1c9cc32f65333b2769bcf867?s=96&d=blank&r=g","contentUrl":"https:\/\/secure.gravatar.com\/avatar\/014d9b9a971f617638f4298cbb55f92d20b3bf0d1c9cc32f65333b2769bcf867?s=96&d=blank&r=g","caption":"Ursula Kohler"},"logo":{"@id":"https:\/\/secure.gravatar.com\/avatar\/014d9b9a971f617638f4298cbb55f92d20b3bf0d1c9cc32f65333b2769bcf867?s=96&d=blank&r=g"}},{"@type":"Person","@id":"https:\/\/reiseblock.ch\/wordpress\/#\/schema\/person\/739b103f8e7941f579794d17e2187721","name":"admin","image":{"@type":"ImageObject","inLanguage":"de","@id":"https:\/\/secure.gravatar.com\/avatar\/a0f702f22ecd58ce02800a54cb2055cabe1fa8d7cf75ab377ce2f2b8503f188c?s=96&d=blank&r=g","url":"https:\/\/secure.gravatar.com\/avatar\/a0f702f22ecd58ce02800a54cb2055cabe1fa8d7cf75ab377ce2f2b8503f188c?s=96&d=blank&r=g","contentUrl":"https:\/\/secure.gravatar.com\/avatar\/a0f702f22ecd58ce02800a54cb2055cabe1fa8d7cf75ab377ce2f2b8503f188c?s=96&d=blank&r=g","caption":"admin"},"url":"https:\/\/reiseblock.ch\/wordpress\/author\/admin\/"}]}},"_links":{"self":[{"href":"https:\/\/reiseblock.ch\/wordpress\/wp-json\/wp\/v2\/posts\/1556","targetHints":{"allow":["GET"]}}],"collection":[{"href":"https:\/\/reiseblock.ch\/wordpress\/wp-json\/wp\/v2\/posts"}],"about":[{"href":"https:\/\/reiseblock.ch\/wordpress\/wp-json\/wp\/v2\/types\/post"}],"author":[{"embeddable":true,"href":"https:\/\/reiseblock.ch\/wordpress\/wp-json\/wp\/v2\/users\/1"}],"replies":[{"embeddable":true,"href":"https:\/\/reiseblock.ch\/wordpress\/wp-json\/wp\/v2\/comments?post=1556"}],"version-history":[{"count":5,"href":"https:\/\/reiseblock.ch\/wordpress\/wp-json\/wp\/v2\/posts\/1556\/revisions"}],"predecessor-version":[{"id":1763,"href":"https:\/\/reiseblock.ch\/wordpress\/wp-json\/wp\/v2\/posts\/1556\/revisions\/1763"}],"wp:featuredmedia":[{"embeddable":true,"href":"https:\/\/reiseblock.ch\/wordpress\/wp-json\/wp\/v2\/media\/1557"}],"wp:attachment":[{"href":"https:\/\/reiseblock.ch\/wordpress\/wp-json\/wp\/v2\/media?parent=1556"}],"wp:term":[{"taxonomy":"category","embeddable":true,"href":"https:\/\/reiseblock.ch\/wordpress\/wp-json\/wp\/v2\/categories?post=1556"},{"taxonomy":"post_tag","embeddable":true,"href":"https:\/\/reiseblock.ch\/wordpress\/wp-json\/wp\/v2\/tags?post=1556"}],"curies":[{"name":"wp","href":"https:\/\/api.w.org\/{rel}","templated":true}]}}