{"id":1498,"date":"2015-12-02T22:31:33","date_gmt":"2015-12-02T21:31:33","guid":{"rendered":"http:\/\/reiseblock.ch\/wordpress\/?p=1498"},"modified":"2017-05-22T17:46:56","modified_gmt":"2017-05-22T15:46:56","slug":"lausanne-ein-herbstlich-winterlicher-staedtetrip","status":"publish","type":"post","link":"https:\/\/reiseblock.ch\/wordpress\/lausanne-ein-herbstlich-winterlicher-staedtetrip\/","title":{"rendered":"Lausanne \u2013 ein herbstlich-winterlicher St\u00e4dtetrip"},"content":{"rendered":"<div id=\"attachment_1503\" style=\"width: 1010px\" class=\"wp-caption alignleft\"><a href=\"http:\/\/reiseblock.ch\/wordpress\/wp-content\/uploads\/2015\/12\/philosophes_2.jpg\"><img loading=\"lazy\" decoding=\"async\" aria-describedby=\"caption-attachment-1503\" class=\"size-full wp-image-1503\" src=\"http:\/\/reiseblock.ch\/wordpress\/wp-content\/uploads\/2015\/12\/philosophes_2.jpg\" alt=\"Lausanne \u2013 mitten in der Altstadt\" width=\"1000\" height=\"667\" srcset=\"https:\/\/reiseblock.ch\/wordpress\/wp-content\/uploads\/2015\/12\/philosophes_2.jpg 1000w, https:\/\/reiseblock.ch\/wordpress\/wp-content\/uploads\/2015\/12\/philosophes_2-300x200.jpg 300w\" sizes=\"auto, (max-width: 1000px) 100vw, 1000px\" \/><\/a><p id=\"caption-attachment-1503\" class=\"wp-caption-text\"><span style=\"font-family: Book Antiqua,Palatino;\">Lausanne \u2013 mitten in der Altstadt beim Cafe des Philosophes<\/span><\/p><\/div>\n<p><span style=\"font-size: 12pt; font-family: Book Antiqua,Palatino;\">Im Dezember beginnt in vielen Bergregionen die Skisaison. Aber nicht alle m\u00f6chten gleich zu Beginn auf die Skis steigen. Es gibt Alternativen. In den meisten Schweizer St\u00e4dten finden Weihnachtsm\u00e4rkte statt, so zum Beispiel in Lausanne. <\/span><\/p>\n<p><span style=\"font-family: Book Antiqua,Palatino;\"><!--more--><\/span><\/p>\n<p><span style=\"font-size: 12pt;\"><span style=\"font-family: Book Antiqua,Palatino;\">Der <a href=\"http:\/\/www.lausanne-tourisme.ch\/de\/medias\/news-mensuelles\/marche-noel.html\" target=\"_blank\" rel=\"noopener noreferrer\">Markt<\/a> gl\u00e4nzt dieses Jahr ganz neu: An der Place Saint-Fran\u00e7ois kann man unter einer Glaskuppe durch die St\u00e4nde schlendern. Im Flon-Quartier gibts erstmals einen Markt mit lokalen Erzeugnissen inklusive Winzerprodukten. Und die Place Pepinet ist der Schmuck- und Designerb\u00f6rse gewidmet.<\/span><br \/>\n<\/span><\/p>\n<div id=\"attachment_1504\" style=\"width: 310px\" class=\"wp-caption alignleft\"><a href=\"http:\/\/reiseblock.ch\/wordpress\/wp-content\/uploads\/2015\/12\/voyageurs_lausanne.jpg\"><img loading=\"lazy\" decoding=\"async\" aria-describedby=\"caption-attachment-1504\" class=\"size-medium wp-image-1504\" src=\"http:\/\/reiseblock.ch\/wordpress\/wp-content\/uploads\/2015\/12\/voyageurs_lausanne-300x200.jpg\" alt=\"Gute Adresse in Lausanne: H\u00f4tel des Voyageurs\" width=\"300\" height=\"200\" srcset=\"https:\/\/reiseblock.ch\/wordpress\/wp-content\/uploads\/2015\/12\/voyageurs_lausanne-300x200.jpg 300w, https:\/\/reiseblock.ch\/wordpress\/wp-content\/uploads\/2015\/12\/voyageurs_lausanne.jpg 1000w\" sizes=\"auto, (max-width: 300px) 100vw, 300px\" \/><\/a><p id=\"caption-attachment-1504\" class=\"wp-caption-text\"><span style=\"font-family: Book Antiqua,Palatino;\">Gute Adresse in Lausanne: H\u00f4tel des Voyageurs<\/span><\/p><\/div>\n<p><span style=\"font-size: 12pt; font-family: Book Antiqua,Palatino;\">Aber <a href=\"http:\/\/www.lausanne-tourisme.ch\/de\/\" target=\"_blank\" rel=\"noopener noreferrer\">die Stadt <\/a>braucht nicht mal einen Weihnachtsmarkt, um besuchenswert zu sein. Gew\u00f6hnungsbed\u00fcrftig ist die Lage der Stadt. Sie liegt am Hang und erst mal muss man sich orientieren. Denn zwei Hotspots liegen ganz sch\u00f6n auseinander, die reizende Altstadt in der H\u00f6he und die bekannte Seepromenade Ouchy. Zum Gl\u00fcck sind sie mit der Metro verbunden.<br \/>\n<\/span><\/p>\n<p><span style=\"font-size: 12pt; font-family: Book Antiqua,Palatino;\">Das ideale Weekend in Lausanne sieht folgendermassen aus (Reihenfolge beachten, aus eigener Erfahrung gesprochen): Am Samstag ankommen, die Stadt besuchen, ob als Weihnachtsmarktbegeisterte oder nicht, in einem netten Hotel \u00fcbernachten \u2013 absolut empfehlenswert: <a href=\"http:\/\/www.voyageurs.ch\/?lang=de\" target=\"_blank\" rel=\"noopener noreferrer\">H\u00f4tel des Voyageurs<\/a> \u2013 und am n\u00e4chsten Tag das <a href=\"http:\/\/www.lavaux.ch\/de\/\" target=\"_blank\" rel=\"noopener noreferrer\">Weltkulturerbe Lavaux<\/a> besuchen. <\/span><\/p>\n<div id=\"attachment_1505\" style=\"width: 310px\" class=\"wp-caption alignleft\"><a href=\"http:\/\/reiseblock.ch\/wordpress\/wp-content\/uploads\/2015\/12\/Lavaux_web.jpg\"><img loading=\"lazy\" decoding=\"async\" aria-describedby=\"caption-attachment-1505\" class=\"size-medium wp-image-1505\" src=\"http:\/\/reiseblock.ch\/wordpress\/wp-content\/uploads\/2015\/12\/Lavaux_web-300x200.jpg\" alt=\"Lavaux\u2013 UNESCO-Kulturerbe\" width=\"300\" height=\"200\" srcset=\"https:\/\/reiseblock.ch\/wordpress\/wp-content\/uploads\/2015\/12\/Lavaux_web-300x200.jpg 300w, https:\/\/reiseblock.ch\/wordpress\/wp-content\/uploads\/2015\/12\/Lavaux_web.jpg 1000w\" sizes=\"auto, (max-width: 300px) 100vw, 300px\" \/><\/a><p id=\"caption-attachment-1505\" class=\"wp-caption-text\"><\/span> <span style=\"font-family: Book Antiqua,Palatino;\">Lavaux\u2013 UNESCO-Kulturerbe<\/span><\/p><\/div>\n<p><span style=\"font-size: 12pt;\"><span style=\"font-family: Book Antiqua,Palatino;\">Das Weinbaugebiet erstreckt sich das Seeufer entlang. Unter dem Namen <i>Weinterrassen von Lavaux mit Blick auf den See und die Alpen<\/i> wurde das Gebiet 2007 ins Inventar des UNESCO-Weltkulturerbe aufgenommen. Mitten durch die Rebberge gibt es zahlreiche Wanderwege \u2013 wenn auch auf Asphalt, so geht man doch durch eine fantastische Landschaft. Von Lutry aus startet zum Beispiel der Weg <a href=\"http:\/\/www.wanderland.ch\/de\/routen\/route-0113.html\" target=\"_blank\" rel=\"noopener noreferrer\">Terrasses de Lavaux<\/a>, der in gut 3 Stunden nach St. Saphorin f\u00fchrt. Der Blick in die Berge ist fantastisch.<\/span><br \/>\n<\/span><\/p>\n","protected":false},"excerpt":{"rendered":"<p>Im Dezember beginnt in vielen Bergregionen die Skisaison. Aber nicht alle m\u00f6chten gleich zu Beginn auf die Skis steigen. Es gibt Alternativen. In den meisten [&#8230;]<\/p>\n","protected":false},"author":1,"featured_media":1509,"comment_status":"open","ping_status":"open","sticky":false,"template":"","format":"standard","meta":{"footnotes":""},"categories":[8],"tags":[191,192,193],"class_list":["post-1498","post","type-post","status-publish","format-standard","has-post-thumbnail","hentry","category-tipp","tag-lausanne","tag-lavaux","tag-weihnachtsmarkt"],"yoast_head":"<!-- This site is optimized with the Yoast SEO plugin v27.8 - https:\/\/yoast.com\/product\/yoast-seo-wordpress\/ -->\n<title>Lausanne \u2013 ein herbstlich-winterlicher St\u00e4dtetrip &#8211; Reiseblock<\/title>\n<meta name=\"description\" content=\"Lausanne ist eine h\u00fcbsche Westschweizer Stadt, die zu jeder Jahreszeit einen Besuch wert ist \u2013 gerade auch im Winter.\" \/>\n<meta name=\"robots\" content=\"index, follow, max-snippet:-1, max-image-preview:large, max-video-preview:-1\" \/>\n<link rel=\"canonical\" href=\"https:\/\/reiseblock.ch\/wordpress\/lausanne-ein-herbstlich-winterlicher-staedtetrip\/\" \/>\n<meta property=\"og:locale\" content=\"de_DE\" \/>\n<meta property=\"og:type\" content=\"article\" \/>\n<meta property=\"og:title\" content=\"Lausanne \u2013 ein herbstlich-winterlicher St\u00e4dtetrip &#8211; Reiseblock\" \/>\n<meta property=\"og:description\" content=\"Lausanne ist eine h\u00fcbsche Westschweizer Stadt, die zu jeder Jahreszeit einen Besuch wert ist \u2013 gerade auch im Winter.\" \/>\n<meta property=\"og:url\" content=\"https:\/\/reiseblock.ch\/wordpress\/lausanne-ein-herbstlich-winterlicher-staedtetrip\/\" \/>\n<meta property=\"og:site_name\" content=\"Reiseblock\" \/>\n<meta property=\"article:published_time\" content=\"2015-12-02T21:31:33+00:00\" \/>\n<meta property=\"article:modified_time\" content=\"2017-05-22T15:46:56+00:00\" \/>\n<meta property=\"og:image\" content=\"https:\/\/reiseblock.ch\/wordpress\/wp-content\/uploads\/2015\/12\/konservatorium.jpg\" \/>\n\t<meta property=\"og:image:width\" content=\"1000\" \/>\n\t<meta property=\"og:image:height\" content=\"667\" \/>\n\t<meta property=\"og:image:type\" content=\"image\/jpeg\" \/>\n<meta name=\"author\" content=\"admin\" \/>\n<meta name=\"twitter:label1\" content=\"Verfasst von\" \/>\n\t<meta name=\"twitter:data1\" content=\"admin\" \/>\n\t<meta name=\"twitter:label2\" content=\"Gesch\u00e4tzte Lesezeit\" \/>\n\t<meta name=\"twitter:data2\" content=\"2\u00a0Minuten\" \/>\n<script type=\"application\/ld+json\" class=\"yoast-schema-graph\">{\"@context\":\"https:\\\/\\\/schema.org\",\"@graph\":[{\"@type\":\"Article\",\"@id\":\"https:\\\/\\\/reiseblock.ch\\\/wordpress\\\/lausanne-ein-herbstlich-winterlicher-staedtetrip\\\/#article\",\"isPartOf\":{\"@id\":\"https:\\\/\\\/reiseblock.ch\\\/wordpress\\\/lausanne-ein-herbstlich-winterlicher-staedtetrip\\\/\"},\"author\":{\"name\":\"admin\",\"@id\":\"https:\\\/\\\/reiseblock.ch\\\/wordpress\\\/#\\\/schema\\\/person\\\/739b103f8e7941f579794d17e2187721\"},\"headline\":\"Lausanne \u2013 ein herbstlich-winterlicher St\u00e4dtetrip\",\"datePublished\":\"2015-12-02T21:31:33+00:00\",\"dateModified\":\"2017-05-22T15:46:56+00:00\",\"mainEntityOfPage\":{\"@id\":\"https:\\\/\\\/reiseblock.ch\\\/wordpress\\\/lausanne-ein-herbstlich-winterlicher-staedtetrip\\\/\"},\"wordCount\":309,\"commentCount\":0,\"publisher\":{\"@id\":\"https:\\\/\\\/reiseblock.ch\\\/wordpress\\\/#\\\/schema\\\/person\\\/eafba14374f16d5fa4f73efd49243014\"},\"image\":{\"@id\":\"https:\\\/\\\/reiseblock.ch\\\/wordpress\\\/lausanne-ein-herbstlich-winterlicher-staedtetrip\\\/#primaryimage\"},\"thumbnailUrl\":\"https:\\\/\\\/reiseblock.ch\\\/wordpress\\\/wp-content\\\/uploads\\\/2015\\\/12\\\/konservatorium.jpg\",\"keywords\":[\"Lausanne\",\"Lavaux\",\"Weihnachtsmarkt\"],\"articleSection\":[\"Tipp\"],\"inLanguage\":\"de\",\"potentialAction\":[{\"@type\":\"CommentAction\",\"name\":\"Comment\",\"target\":[\"https:\\\/\\\/reiseblock.ch\\\/wordpress\\\/lausanne-ein-herbstlich-winterlicher-staedtetrip\\\/#respond\"]}]},{\"@type\":\"WebPage\",\"@id\":\"https:\\\/\\\/reiseblock.ch\\\/wordpress\\\/lausanne-ein-herbstlich-winterlicher-staedtetrip\\\/\",\"url\":\"https:\\\/\\\/reiseblock.ch\\\/wordpress\\\/lausanne-ein-herbstlich-winterlicher-staedtetrip\\\/\",\"name\":\"Lausanne \u2013 ein herbstlich-winterlicher St\u00e4dtetrip &#8211; Reiseblock\",\"isPartOf\":{\"@id\":\"https:\\\/\\\/reiseblock.ch\\\/wordpress\\\/#website\"},\"primaryImageOfPage\":{\"@id\":\"https:\\\/\\\/reiseblock.ch\\\/wordpress\\\/lausanne-ein-herbstlich-winterlicher-staedtetrip\\\/#primaryimage\"},\"image\":{\"@id\":\"https:\\\/\\\/reiseblock.ch\\\/wordpress\\\/lausanne-ein-herbstlich-winterlicher-staedtetrip\\\/#primaryimage\"},\"thumbnailUrl\":\"https:\\\/\\\/reiseblock.ch\\\/wordpress\\\/wp-content\\\/uploads\\\/2015\\\/12\\\/konservatorium.jpg\",\"datePublished\":\"2015-12-02T21:31:33+00:00\",\"dateModified\":\"2017-05-22T15:46:56+00:00\",\"description\":\"Lausanne ist eine h\u00fcbsche Westschweizer Stadt, die zu jeder Jahreszeit einen Besuch wert ist \u2013 gerade auch im Winter.\",\"breadcrumb\":{\"@id\":\"https:\\\/\\\/reiseblock.ch\\\/wordpress\\\/lausanne-ein-herbstlich-winterlicher-staedtetrip\\\/#breadcrumb\"},\"inLanguage\":\"de\",\"potentialAction\":[{\"@type\":\"ReadAction\",\"target\":[\"https:\\\/\\\/reiseblock.ch\\\/wordpress\\\/lausanne-ein-herbstlich-winterlicher-staedtetrip\\\/\"]}]},{\"@type\":\"ImageObject\",\"inLanguage\":\"de\",\"@id\":\"https:\\\/\\\/reiseblock.ch\\\/wordpress\\\/lausanne-ein-herbstlich-winterlicher-staedtetrip\\\/#primaryimage\",\"url\":\"https:\\\/\\\/reiseblock.ch\\\/wordpress\\\/wp-content\\\/uploads\\\/2015\\\/12\\\/konservatorium.jpg\",\"contentUrl\":\"https:\\\/\\\/reiseblock.ch\\\/wordpress\\\/wp-content\\\/uploads\\\/2015\\\/12\\\/konservatorium.jpg\",\"width\":1000,\"height\":667},{\"@type\":\"BreadcrumbList\",\"@id\":\"https:\\\/\\\/reiseblock.ch\\\/wordpress\\\/lausanne-ein-herbstlich-winterlicher-staedtetrip\\\/#breadcrumb\",\"itemListElement\":[{\"@type\":\"ListItem\",\"position\":1,\"name\":\"Home\",\"item\":\"https:\\\/\\\/reiseblock.ch\\\/wordpress\\\/\"},{\"@type\":\"ListItem\",\"position\":2,\"name\":\"Lausanne \u2013 ein herbstlich-winterlicher St\u00e4dtetrip\"}]},{\"@type\":\"WebSite\",\"@id\":\"https:\\\/\\\/reiseblock.ch\\\/wordpress\\\/#website\",\"url\":\"https:\\\/\\\/reiseblock.ch\\\/wordpress\\\/\",\"name\":\"Reiseblock\",\"description\":\"Ursula Kohlers ReiseWeise\",\"publisher\":{\"@id\":\"https:\\\/\\\/reiseblock.ch\\\/wordpress\\\/#\\\/schema\\\/person\\\/eafba14374f16d5fa4f73efd49243014\"},\"potentialAction\":[{\"@type\":\"SearchAction\",\"target\":{\"@type\":\"EntryPoint\",\"urlTemplate\":\"https:\\\/\\\/reiseblock.ch\\\/wordpress\\\/?s={search_term_string}\"},\"query-input\":{\"@type\":\"PropertyValueSpecification\",\"valueRequired\":true,\"valueName\":\"search_term_string\"}}],\"inLanguage\":\"de\"},{\"@type\":[\"Person\",\"Organization\"],\"@id\":\"https:\\\/\\\/reiseblock.ch\\\/wordpress\\\/#\\\/schema\\\/person\\\/eafba14374f16d5fa4f73efd49243014\",\"name\":\"Ursula Kohler\",\"image\":{\"@type\":\"ImageObject\",\"inLanguage\":\"de\",\"@id\":\"https:\\\/\\\/secure.gravatar.com\\\/avatar\\\/014d9b9a971f617638f4298cbb55f92d20b3bf0d1c9cc32f65333b2769bcf867?s=96&d=blank&r=g\",\"url\":\"https:\\\/\\\/secure.gravatar.com\\\/avatar\\\/014d9b9a971f617638f4298cbb55f92d20b3bf0d1c9cc32f65333b2769bcf867?s=96&d=blank&r=g\",\"contentUrl\":\"https:\\\/\\\/secure.gravatar.com\\\/avatar\\\/014d9b9a971f617638f4298cbb55f92d20b3bf0d1c9cc32f65333b2769bcf867?s=96&d=blank&r=g\",\"caption\":\"Ursula Kohler\"},\"logo\":{\"@id\":\"https:\\\/\\\/secure.gravatar.com\\\/avatar\\\/014d9b9a971f617638f4298cbb55f92d20b3bf0d1c9cc32f65333b2769bcf867?s=96&d=blank&r=g\"}},{\"@type\":\"Person\",\"@id\":\"https:\\\/\\\/reiseblock.ch\\\/wordpress\\\/#\\\/schema\\\/person\\\/739b103f8e7941f579794d17e2187721\",\"name\":\"admin\",\"image\":{\"@type\":\"ImageObject\",\"inLanguage\":\"de\",\"@id\":\"https:\\\/\\\/secure.gravatar.com\\\/avatar\\\/a0f702f22ecd58ce02800a54cb2055cabe1fa8d7cf75ab377ce2f2b8503f188c?s=96&d=blank&r=g\",\"url\":\"https:\\\/\\\/secure.gravatar.com\\\/avatar\\\/a0f702f22ecd58ce02800a54cb2055cabe1fa8d7cf75ab377ce2f2b8503f188c?s=96&d=blank&r=g\",\"contentUrl\":\"https:\\\/\\\/secure.gravatar.com\\\/avatar\\\/a0f702f22ecd58ce02800a54cb2055cabe1fa8d7cf75ab377ce2f2b8503f188c?s=96&d=blank&r=g\",\"caption\":\"admin\"},\"url\":\"https:\\\/\\\/reiseblock.ch\\\/wordpress\\\/author\\\/admin\\\/\"}]}<\/script>\n<!-- \/ Yoast SEO plugin. -->","yoast_head_json":{"title":"Lausanne \u2013 ein herbstlich-winterlicher St\u00e4dtetrip &#8211; Reiseblock","description":"Lausanne ist eine h\u00fcbsche Westschweizer Stadt, die zu jeder Jahreszeit einen Besuch wert ist \u2013 gerade auch im Winter.","robots":{"index":"index","follow":"follow","max-snippet":"max-snippet:-1","max-image-preview":"max-image-preview:large","max-video-preview":"max-video-preview:-1"},"canonical":"https:\/\/reiseblock.ch\/wordpress\/lausanne-ein-herbstlich-winterlicher-staedtetrip\/","og_locale":"de_DE","og_type":"article","og_title":"Lausanne \u2013 ein herbstlich-winterlicher St\u00e4dtetrip &#8211; Reiseblock","og_description":"Lausanne ist eine h\u00fcbsche Westschweizer Stadt, die zu jeder Jahreszeit einen Besuch wert ist \u2013 gerade auch im Winter.","og_url":"https:\/\/reiseblock.ch\/wordpress\/lausanne-ein-herbstlich-winterlicher-staedtetrip\/","og_site_name":"Reiseblock","article_published_time":"2015-12-02T21:31:33+00:00","article_modified_time":"2017-05-22T15:46:56+00:00","og_image":[{"width":1000,"height":667,"url":"https:\/\/reiseblock.ch\/wordpress\/wp-content\/uploads\/2015\/12\/konservatorium.jpg","type":"image\/jpeg"}],"author":"admin","twitter_misc":{"Verfasst von":"admin","Gesch\u00e4tzte Lesezeit":"2\u00a0Minuten"},"schema":{"@context":"https:\/\/schema.org","@graph":[{"@type":"Article","@id":"https:\/\/reiseblock.ch\/wordpress\/lausanne-ein-herbstlich-winterlicher-staedtetrip\/#article","isPartOf":{"@id":"https:\/\/reiseblock.ch\/wordpress\/lausanne-ein-herbstlich-winterlicher-staedtetrip\/"},"author":{"name":"admin","@id":"https:\/\/reiseblock.ch\/wordpress\/#\/schema\/person\/739b103f8e7941f579794d17e2187721"},"headline":"Lausanne \u2013 ein herbstlich-winterlicher St\u00e4dtetrip","datePublished":"2015-12-02T21:31:33+00:00","dateModified":"2017-05-22T15:46:56+00:00","mainEntityOfPage":{"@id":"https:\/\/reiseblock.ch\/wordpress\/lausanne-ein-herbstlich-winterlicher-staedtetrip\/"},"wordCount":309,"commentCount":0,"publisher":{"@id":"https:\/\/reiseblock.ch\/wordpress\/#\/schema\/person\/eafba14374f16d5fa4f73efd49243014"},"image":{"@id":"https:\/\/reiseblock.ch\/wordpress\/lausanne-ein-herbstlich-winterlicher-staedtetrip\/#primaryimage"},"thumbnailUrl":"https:\/\/reiseblock.ch\/wordpress\/wp-content\/uploads\/2015\/12\/konservatorium.jpg","keywords":["Lausanne","Lavaux","Weihnachtsmarkt"],"articleSection":["Tipp"],"inLanguage":"de","potentialAction":[{"@type":"CommentAction","name":"Comment","target":["https:\/\/reiseblock.ch\/wordpress\/lausanne-ein-herbstlich-winterlicher-staedtetrip\/#respond"]}]},{"@type":"WebPage","@id":"https:\/\/reiseblock.ch\/wordpress\/lausanne-ein-herbstlich-winterlicher-staedtetrip\/","url":"https:\/\/reiseblock.ch\/wordpress\/lausanne-ein-herbstlich-winterlicher-staedtetrip\/","name":"Lausanne \u2013 ein herbstlich-winterlicher St\u00e4dtetrip &#8211; Reiseblock","isPartOf":{"@id":"https:\/\/reiseblock.ch\/wordpress\/#website"},"primaryImageOfPage":{"@id":"https:\/\/reiseblock.ch\/wordpress\/lausanne-ein-herbstlich-winterlicher-staedtetrip\/#primaryimage"},"image":{"@id":"https:\/\/reiseblock.ch\/wordpress\/lausanne-ein-herbstlich-winterlicher-staedtetrip\/#primaryimage"},"thumbnailUrl":"https:\/\/reiseblock.ch\/wordpress\/wp-content\/uploads\/2015\/12\/konservatorium.jpg","datePublished":"2015-12-02T21:31:33+00:00","dateModified":"2017-05-22T15:46:56+00:00","description":"Lausanne ist eine h\u00fcbsche Westschweizer Stadt, die zu jeder Jahreszeit einen Besuch wert ist \u2013 gerade auch im Winter.","breadcrumb":{"@id":"https:\/\/reiseblock.ch\/wordpress\/lausanne-ein-herbstlich-winterlicher-staedtetrip\/#breadcrumb"},"inLanguage":"de","potentialAction":[{"@type":"ReadAction","target":["https:\/\/reiseblock.ch\/wordpress\/lausanne-ein-herbstlich-winterlicher-staedtetrip\/"]}]},{"@type":"ImageObject","inLanguage":"de","@id":"https:\/\/reiseblock.ch\/wordpress\/lausanne-ein-herbstlich-winterlicher-staedtetrip\/#primaryimage","url":"https:\/\/reiseblock.ch\/wordpress\/wp-content\/uploads\/2015\/12\/konservatorium.jpg","contentUrl":"https:\/\/reiseblock.ch\/wordpress\/wp-content\/uploads\/2015\/12\/konservatorium.jpg","width":1000,"height":667},{"@type":"BreadcrumbList","@id":"https:\/\/reiseblock.ch\/wordpress\/lausanne-ein-herbstlich-winterlicher-staedtetrip\/#breadcrumb","itemListElement":[{"@type":"ListItem","position":1,"name":"Home","item":"https:\/\/reiseblock.ch\/wordpress\/"},{"@type":"ListItem","position":2,"name":"Lausanne \u2013 ein herbstlich-winterlicher St\u00e4dtetrip"}]},{"@type":"WebSite","@id":"https:\/\/reiseblock.ch\/wordpress\/#website","url":"https:\/\/reiseblock.ch\/wordpress\/","name":"Reiseblock","description":"Ursula Kohlers ReiseWeise","publisher":{"@id":"https:\/\/reiseblock.ch\/wordpress\/#\/schema\/person\/eafba14374f16d5fa4f73efd49243014"},"potentialAction":[{"@type":"SearchAction","target":{"@type":"EntryPoint","urlTemplate":"https:\/\/reiseblock.ch\/wordpress\/?s={search_term_string}"},"query-input":{"@type":"PropertyValueSpecification","valueRequired":true,"valueName":"search_term_string"}}],"inLanguage":"de"},{"@type":["Person","Organization"],"@id":"https:\/\/reiseblock.ch\/wordpress\/#\/schema\/person\/eafba14374f16d5fa4f73efd49243014","name":"Ursula Kohler","image":{"@type":"ImageObject","inLanguage":"de","@id":"https:\/\/secure.gravatar.com\/avatar\/014d9b9a971f617638f4298cbb55f92d20b3bf0d1c9cc32f65333b2769bcf867?s=96&d=blank&r=g","url":"https:\/\/secure.gravatar.com\/avatar\/014d9b9a971f617638f4298cbb55f92d20b3bf0d1c9cc32f65333b2769bcf867?s=96&d=blank&r=g","contentUrl":"https:\/\/secure.gravatar.com\/avatar\/014d9b9a971f617638f4298cbb55f92d20b3bf0d1c9cc32f65333b2769bcf867?s=96&d=blank&r=g","caption":"Ursula Kohler"},"logo":{"@id":"https:\/\/secure.gravatar.com\/avatar\/014d9b9a971f617638f4298cbb55f92d20b3bf0d1c9cc32f65333b2769bcf867?s=96&d=blank&r=g"}},{"@type":"Person","@id":"https:\/\/reiseblock.ch\/wordpress\/#\/schema\/person\/739b103f8e7941f579794d17e2187721","name":"admin","image":{"@type":"ImageObject","inLanguage":"de","@id":"https:\/\/secure.gravatar.com\/avatar\/a0f702f22ecd58ce02800a54cb2055cabe1fa8d7cf75ab377ce2f2b8503f188c?s=96&d=blank&r=g","url":"https:\/\/secure.gravatar.com\/avatar\/a0f702f22ecd58ce02800a54cb2055cabe1fa8d7cf75ab377ce2f2b8503f188c?s=96&d=blank&r=g","contentUrl":"https:\/\/secure.gravatar.com\/avatar\/a0f702f22ecd58ce02800a54cb2055cabe1fa8d7cf75ab377ce2f2b8503f188c?s=96&d=blank&r=g","caption":"admin"},"url":"https:\/\/reiseblock.ch\/wordpress\/author\/admin\/"}]}},"_links":{"self":[{"href":"https:\/\/reiseblock.ch\/wordpress\/wp-json\/wp\/v2\/posts\/1498","targetHints":{"allow":["GET"]}}],"collection":[{"href":"https:\/\/reiseblock.ch\/wordpress\/wp-json\/wp\/v2\/posts"}],"about":[{"href":"https:\/\/reiseblock.ch\/wordpress\/wp-json\/wp\/v2\/types\/post"}],"author":[{"embeddable":true,"href":"https:\/\/reiseblock.ch\/wordpress\/wp-json\/wp\/v2\/users\/1"}],"replies":[{"embeddable":true,"href":"https:\/\/reiseblock.ch\/wordpress\/wp-json\/wp\/v2\/comments?post=1498"}],"version-history":[{"count":8,"href":"https:\/\/reiseblock.ch\/wordpress\/wp-json\/wp\/v2\/posts\/1498\/revisions"}],"predecessor-version":[{"id":1767,"href":"https:\/\/reiseblock.ch\/wordpress\/wp-json\/wp\/v2\/posts\/1498\/revisions\/1767"}],"wp:featuredmedia":[{"embeddable":true,"href":"https:\/\/reiseblock.ch\/wordpress\/wp-json\/wp\/v2\/media\/1509"}],"wp:attachment":[{"href":"https:\/\/reiseblock.ch\/wordpress\/wp-json\/wp\/v2\/media?parent=1498"}],"wp:term":[{"taxonomy":"category","embeddable":true,"href":"https:\/\/reiseblock.ch\/wordpress\/wp-json\/wp\/v2\/categories?post=1498"},{"taxonomy":"post_tag","embeddable":true,"href":"https:\/\/reiseblock.ch\/wordpress\/wp-json\/wp\/v2\/tags?post=1498"}],"curies":[{"name":"wp","href":"https:\/\/api.w.org\/{rel}","templated":true}]}}