{"id":1467,"date":"2015-11-09T14:42:03","date_gmt":"2015-11-09T13:42:03","guid":{"rendered":"http:\/\/reiseblock.ch\/wordpress\/?p=1467"},"modified":"2017-05-22T17:52:38","modified_gmt":"2017-05-22T15:52:38","slug":"die-riederalp-im-november","status":"publish","type":"post","link":"https:\/\/reiseblock.ch\/wordpress\/die-riederalp-im-november\/","title":{"rendered":"Die Riederalp im November"},"content":{"rendered":"<div id=\"attachment_1471\" style=\"width: 710px\" class=\"wp-caption alignleft\"><a href=\"http:\/\/reiseblock.ch\/wordpress\/wp-content\/uploads\/2015\/11\/Riederalp_Aussicht.jpg\"><img loading=\"lazy\" decoding=\"async\" aria-describedby=\"caption-attachment-1471\" class=\"wp-image-1471 size-large\" src=\"http:\/\/reiseblock.ch\/wordpress\/wp-content\/uploads\/2015\/11\/Riederalp_Aussicht-1024x683.jpg\" alt=\"Riederalp_Aussicht\" width=\"700\" height=\"467\" srcset=\"https:\/\/reiseblock.ch\/wordpress\/wp-content\/uploads\/2015\/11\/Riederalp_Aussicht-1024x683.jpg 1024w, https:\/\/reiseblock.ch\/wordpress\/wp-content\/uploads\/2015\/11\/Riederalp_Aussicht-300x200.jpg 300w\" sizes=\"auto, (max-width: 700px) 100vw, 700px\" \/><\/a><p id=\"caption-attachment-1471\" class=\"wp-caption-text\">Auf dem Panoramaweg zwischen Riederalp und Bettmeralp<\/p><\/div>\n<p><span style=\"font-size: 12pt; font-family: Book Antiqua,Palatino;\">Es gibt in den Bergen im Jahresablauf eine Sommer- und Wintersaison und je eine Zwischensaison. Klar, wer Skifahren will, geniesst die Berge im Winter, wer wandern will, in der Regel im Sommer und Herbst. Dann kommt die Zeit der Revision und die Vorbereitung auf die Wintersaison. <\/span><\/p>\n<p><span style=\"font-family: Book Antiqua,Palatino;\"><!--more--><\/span><\/p>\n<p><span style=\"font-family: Book Antiqua,Palatino;\"><span style=\"font-size: 12pt;\">Viele Orte wirken in dieser Zeit wie ausgestorben \u2013 abgesehen nat\u00fcrlich von all den Menschen, die arbeiten, damit andere wiederum Ferien machen k\u00f6nnen. So auch auf der <a href=\"https:\/\/www.aletscharena.ch\/destination\/orte\/riederalp\/\" target=\"_blank\" rel=\"noopener noreferrer\">Riederalp im Wallis<\/a>.<br \/>\n<\/span><\/span><\/p>\n<p><span style=\"font-family: Book Antiqua,Palatino;\"><span style=\"font-size: 12pt;\">Aber dieses Jahr ist ein speziell milder Herbst. Auf dieser H\u00f6he \u2013 2000 \u00fcber Meer \u2013 k\u00f6nnte zu dieser Jahreszeit auch schon der erste Schnee liegen. Doch nun kann man sogar ohne Jacke herumwandern. Zum Beispiel auf die benachbarte <a href=\"https:\/\/www.aletscharena.ch\/destination\/orte\/bettmeralp\/\" target=\"_blank\" rel=\"noopener noreferrer\">Bettmeralp<\/a>, ein Panoramaweg. Zwischensaisons haben auch ihren ganz speziellen Reiz. Man muss sich etwas besser organisieren, weil einiges geschlossen ist. Aber daf\u00fcr ist es ruhig, vielleicht kriegt man eine spezielle Unterkunft zu einem interessanten Preis, kommt mit jemandem vom Ort ins Gespr\u00e4ch, der noch nicht vom Ansturm der G\u00e4ste m\u00fcde ist \u2026<\/span><\/span><\/p>\n<p><span style=\"font-size: 12pt; font-family: Book Antiqua,Palatino;\">Auf der Plattform der Riederalp kann man bequem nach einer Unterkunft suchen \u2013 oder, mein pers\u00f6nlicher Tipp, direkt bei Familie Kummer unter <a href=\"http:\/\/www.aletsch-apartments.com\" target=\"_blank\" rel=\"noopener noreferrer\">www.aletsch-apartments.com<\/a> \u2013 und vom Balkon eines der angebotenen Apartments die traumhafte Aussicht geniessen \u2013 Matterhorn inklusive!<\/span><\/p>\n<div style=\"width: 860px;\" class=\"wp-video\"><video class=\"wp-video-shortcode\" id=\"video-1467-1\" width=\"860\" height=\"484\" preload=\"metadata\" controls=\"controls\"><source type=\"video\/mp4\" src=\"http:\/\/reiseblock.ch\/wordpress\/wp-content\/uploads\/2015\/11\/Riederalp_2.mp4?_=1\" \/><a href=\"http:\/\/reiseblock.ch\/wordpress\/wp-content\/uploads\/2015\/11\/Riederalp_2.mp4\">http:\/\/reiseblock.ch\/wordpress\/wp-content\/uploads\/2015\/11\/Riederalp_2.mp4<\/a><\/video><\/div>\n","protected":false},"excerpt":{"rendered":"<p>Es gibt in den Bergen im Jahresablauf eine Sommer- und Wintersaison und je eine Zwischensaison. Klar, wer Skifahren will, geniesst die Berge im Winter, wer [&#8230;]<\/p>\n","protected":false},"author":1,"featured_media":1471,"comment_status":"open","ping_status":"open","sticky":false,"template":"","format":"standard","meta":{"footnotes":""},"categories":[8],"tags":[188,63,187],"class_list":["post-1467","post","type-post","status-publish","format-standard","has-post-thumbnail","hentry","category-tipp","tag-bettmeralp","tag-matterhorn","tag-riederalp"],"yoast_head":"<!-- This site is optimized with the Yoast SEO plugin v27.8 - https:\/\/yoast.com\/product\/yoast-seo-wordpress\/ -->\n<title>Die Riederalp im November &#8211; Reiseblock<\/title>\n<meta name=\"description\" content=\"Der autofreie Ferienort Riederalp inmitten der herrlichen Bergwelt ist auch im Sp\u00e4therbst einen Besuch wert.\" \/>\n<meta name=\"robots\" content=\"index, follow, max-snippet:-1, max-image-preview:large, max-video-preview:-1\" \/>\n<link rel=\"canonical\" href=\"https:\/\/reiseblock.ch\/wordpress\/die-riederalp-im-november\/\" \/>\n<meta property=\"og:locale\" content=\"de_DE\" \/>\n<meta property=\"og:type\" content=\"article\" \/>\n<meta property=\"og:title\" content=\"Die Riederalp im November &#8211; Reiseblock\" \/>\n<meta property=\"og:description\" content=\"Der autofreie Ferienort Riederalp inmitten der herrlichen Bergwelt ist auch im Sp\u00e4therbst einen Besuch wert.\" \/>\n<meta property=\"og:url\" content=\"https:\/\/reiseblock.ch\/wordpress\/die-riederalp-im-november\/\" \/>\n<meta property=\"og:site_name\" content=\"Reiseblock\" \/>\n<meta property=\"article:published_time\" content=\"2015-11-09T13:42:03+00:00\" \/>\n<meta property=\"article:modified_time\" content=\"2017-05-22T15:52:38+00:00\" \/>\n<meta property=\"og:image\" content=\"https:\/\/reiseblock.ch\/wordpress\/wp-content\/uploads\/2015\/11\/Riederalp_Aussicht-1024x683.jpg\" \/>\n\t<meta property=\"og:image:width\" content=\"1024\" \/>\n\t<meta property=\"og:image:height\" content=\"683\" \/>\n\t<meta property=\"og:image:type\" content=\"image\/jpeg\" \/>\n<meta name=\"author\" content=\"admin\" \/>\n<meta name=\"twitter:label1\" content=\"Verfasst von\" \/>\n\t<meta name=\"twitter:data1\" content=\"admin\" \/>\n\t<meta name=\"twitter:label2\" content=\"Gesch\u00e4tzte Lesezeit\" \/>\n\t<meta name=\"twitter:data2\" content=\"1\u00a0Minute\" \/>\n<script type=\"application\/ld+json\" class=\"yoast-schema-graph\">{\"@context\":\"https:\\\/\\\/schema.org\",\"@graph\":[{\"@type\":\"Article\",\"@id\":\"https:\\\/\\\/reiseblock.ch\\\/wordpress\\\/die-riederalp-im-november\\\/#article\",\"isPartOf\":{\"@id\":\"https:\\\/\\\/reiseblock.ch\\\/wordpress\\\/die-riederalp-im-november\\\/\"},\"author\":{\"name\":\"admin\",\"@id\":\"https:\\\/\\\/reiseblock.ch\\\/wordpress\\\/#\\\/schema\\\/person\\\/739b103f8e7941f579794d17e2187721\"},\"headline\":\"Die Riederalp im November\",\"datePublished\":\"2015-11-09T13:42:03+00:00\",\"dateModified\":\"2017-05-22T15:52:38+00:00\",\"mainEntityOfPage\":{\"@id\":\"https:\\\/\\\/reiseblock.ch\\\/wordpress\\\/die-riederalp-im-november\\\/\"},\"wordCount\":239,\"commentCount\":0,\"publisher\":{\"@id\":\"https:\\\/\\\/reiseblock.ch\\\/wordpress\\\/#\\\/schema\\\/person\\\/eafba14374f16d5fa4f73efd49243014\"},\"image\":{\"@id\":\"https:\\\/\\\/reiseblock.ch\\\/wordpress\\\/die-riederalp-im-november\\\/#primaryimage\"},\"thumbnailUrl\":\"https:\\\/\\\/reiseblock.ch\\\/wordpress\\\/wp-content\\\/uploads\\\/2015\\\/11\\\/Riederalp_Aussicht.jpg\",\"keywords\":[\"Bettmeralp\",\"Matterhorn\",\"Riederalp\"],\"articleSection\":[\"Tipp\"],\"inLanguage\":\"de\",\"potentialAction\":[{\"@type\":\"CommentAction\",\"name\":\"Comment\",\"target\":[\"https:\\\/\\\/reiseblock.ch\\\/wordpress\\\/die-riederalp-im-november\\\/#respond\"]}]},{\"@type\":\"WebPage\",\"@id\":\"https:\\\/\\\/reiseblock.ch\\\/wordpress\\\/die-riederalp-im-november\\\/\",\"url\":\"https:\\\/\\\/reiseblock.ch\\\/wordpress\\\/die-riederalp-im-november\\\/\",\"name\":\"Die Riederalp im November &#8211; Reiseblock\",\"isPartOf\":{\"@id\":\"https:\\\/\\\/reiseblock.ch\\\/wordpress\\\/#website\"},\"primaryImageOfPage\":{\"@id\":\"https:\\\/\\\/reiseblock.ch\\\/wordpress\\\/die-riederalp-im-november\\\/#primaryimage\"},\"image\":{\"@id\":\"https:\\\/\\\/reiseblock.ch\\\/wordpress\\\/die-riederalp-im-november\\\/#primaryimage\"},\"thumbnailUrl\":\"https:\\\/\\\/reiseblock.ch\\\/wordpress\\\/wp-content\\\/uploads\\\/2015\\\/11\\\/Riederalp_Aussicht.jpg\",\"datePublished\":\"2015-11-09T13:42:03+00:00\",\"dateModified\":\"2017-05-22T15:52:38+00:00\",\"description\":\"Der autofreie Ferienort Riederalp inmitten der herrlichen Bergwelt ist auch im Sp\u00e4therbst einen Besuch wert.\",\"breadcrumb\":{\"@id\":\"https:\\\/\\\/reiseblock.ch\\\/wordpress\\\/die-riederalp-im-november\\\/#breadcrumb\"},\"inLanguage\":\"de\",\"potentialAction\":[{\"@type\":\"ReadAction\",\"target\":[\"https:\\\/\\\/reiseblock.ch\\\/wordpress\\\/die-riederalp-im-november\\\/\"]}]},{\"@type\":\"ImageObject\",\"inLanguage\":\"de\",\"@id\":\"https:\\\/\\\/reiseblock.ch\\\/wordpress\\\/die-riederalp-im-november\\\/#primaryimage\",\"url\":\"https:\\\/\\\/reiseblock.ch\\\/wordpress\\\/wp-content\\\/uploads\\\/2015\\\/11\\\/Riederalp_Aussicht.jpg\",\"contentUrl\":\"https:\\\/\\\/reiseblock.ch\\\/wordpress\\\/wp-content\\\/uploads\\\/2015\\\/11\\\/Riederalp_Aussicht.jpg\",\"width\":5184,\"height\":3456,\"caption\":\"Auf dem Panoramaweg zwischen Riederalp und Bettmeralp\"},{\"@type\":\"BreadcrumbList\",\"@id\":\"https:\\\/\\\/reiseblock.ch\\\/wordpress\\\/die-riederalp-im-november\\\/#breadcrumb\",\"itemListElement\":[{\"@type\":\"ListItem\",\"position\":1,\"name\":\"Home\",\"item\":\"https:\\\/\\\/reiseblock.ch\\\/wordpress\\\/\"},{\"@type\":\"ListItem\",\"position\":2,\"name\":\"Die Riederalp im November\"}]},{\"@type\":\"WebSite\",\"@id\":\"https:\\\/\\\/reiseblock.ch\\\/wordpress\\\/#website\",\"url\":\"https:\\\/\\\/reiseblock.ch\\\/wordpress\\\/\",\"name\":\"Reiseblock\",\"description\":\"Ursula Kohlers ReiseWeise\",\"publisher\":{\"@id\":\"https:\\\/\\\/reiseblock.ch\\\/wordpress\\\/#\\\/schema\\\/person\\\/eafba14374f16d5fa4f73efd49243014\"},\"potentialAction\":[{\"@type\":\"SearchAction\",\"target\":{\"@type\":\"EntryPoint\",\"urlTemplate\":\"https:\\\/\\\/reiseblock.ch\\\/wordpress\\\/?s={search_term_string}\"},\"query-input\":{\"@type\":\"PropertyValueSpecification\",\"valueRequired\":true,\"valueName\":\"search_term_string\"}}],\"inLanguage\":\"de\"},{\"@type\":[\"Person\",\"Organization\"],\"@id\":\"https:\\\/\\\/reiseblock.ch\\\/wordpress\\\/#\\\/schema\\\/person\\\/eafba14374f16d5fa4f73efd49243014\",\"name\":\"Ursula Kohler\",\"image\":{\"@type\":\"ImageObject\",\"inLanguage\":\"de\",\"@id\":\"https:\\\/\\\/secure.gravatar.com\\\/avatar\\\/014d9b9a971f617638f4298cbb55f92d20b3bf0d1c9cc32f65333b2769bcf867?s=96&d=blank&r=g\",\"url\":\"https:\\\/\\\/secure.gravatar.com\\\/avatar\\\/014d9b9a971f617638f4298cbb55f92d20b3bf0d1c9cc32f65333b2769bcf867?s=96&d=blank&r=g\",\"contentUrl\":\"https:\\\/\\\/secure.gravatar.com\\\/avatar\\\/014d9b9a971f617638f4298cbb55f92d20b3bf0d1c9cc32f65333b2769bcf867?s=96&d=blank&r=g\",\"caption\":\"Ursula Kohler\"},\"logo\":{\"@id\":\"https:\\\/\\\/secure.gravatar.com\\\/avatar\\\/014d9b9a971f617638f4298cbb55f92d20b3bf0d1c9cc32f65333b2769bcf867?s=96&d=blank&r=g\"}},{\"@type\":\"Person\",\"@id\":\"https:\\\/\\\/reiseblock.ch\\\/wordpress\\\/#\\\/schema\\\/person\\\/739b103f8e7941f579794d17e2187721\",\"name\":\"admin\",\"image\":{\"@type\":\"ImageObject\",\"inLanguage\":\"de\",\"@id\":\"https:\\\/\\\/secure.gravatar.com\\\/avatar\\\/a0f702f22ecd58ce02800a54cb2055cabe1fa8d7cf75ab377ce2f2b8503f188c?s=96&d=blank&r=g\",\"url\":\"https:\\\/\\\/secure.gravatar.com\\\/avatar\\\/a0f702f22ecd58ce02800a54cb2055cabe1fa8d7cf75ab377ce2f2b8503f188c?s=96&d=blank&r=g\",\"contentUrl\":\"https:\\\/\\\/secure.gravatar.com\\\/avatar\\\/a0f702f22ecd58ce02800a54cb2055cabe1fa8d7cf75ab377ce2f2b8503f188c?s=96&d=blank&r=g\",\"caption\":\"admin\"},\"url\":\"https:\\\/\\\/reiseblock.ch\\\/wordpress\\\/author\\\/admin\\\/\"}]}<\/script>\n<!-- \/ Yoast SEO plugin. -->","yoast_head_json":{"title":"Die Riederalp im November &#8211; Reiseblock","description":"Der autofreie Ferienort Riederalp inmitten der herrlichen Bergwelt ist auch im Sp\u00e4therbst einen Besuch wert.","robots":{"index":"index","follow":"follow","max-snippet":"max-snippet:-1","max-image-preview":"max-image-preview:large","max-video-preview":"max-video-preview:-1"},"canonical":"https:\/\/reiseblock.ch\/wordpress\/die-riederalp-im-november\/","og_locale":"de_DE","og_type":"article","og_title":"Die Riederalp im November &#8211; Reiseblock","og_description":"Der autofreie Ferienort Riederalp inmitten der herrlichen Bergwelt ist auch im Sp\u00e4therbst einen Besuch wert.","og_url":"https:\/\/reiseblock.ch\/wordpress\/die-riederalp-im-november\/","og_site_name":"Reiseblock","article_published_time":"2015-11-09T13:42:03+00:00","article_modified_time":"2017-05-22T15:52:38+00:00","og_image":[{"width":1024,"height":683,"url":"https:\/\/reiseblock.ch\/wordpress\/wp-content\/uploads\/2015\/11\/Riederalp_Aussicht-1024x683.jpg","type":"image\/jpeg"}],"author":"admin","twitter_misc":{"Verfasst von":"admin","Gesch\u00e4tzte Lesezeit":"1\u00a0Minute"},"schema":{"@context":"https:\/\/schema.org","@graph":[{"@type":"Article","@id":"https:\/\/reiseblock.ch\/wordpress\/die-riederalp-im-november\/#article","isPartOf":{"@id":"https:\/\/reiseblock.ch\/wordpress\/die-riederalp-im-november\/"},"author":{"name":"admin","@id":"https:\/\/reiseblock.ch\/wordpress\/#\/schema\/person\/739b103f8e7941f579794d17e2187721"},"headline":"Die Riederalp im November","datePublished":"2015-11-09T13:42:03+00:00","dateModified":"2017-05-22T15:52:38+00:00","mainEntityOfPage":{"@id":"https:\/\/reiseblock.ch\/wordpress\/die-riederalp-im-november\/"},"wordCount":239,"commentCount":0,"publisher":{"@id":"https:\/\/reiseblock.ch\/wordpress\/#\/schema\/person\/eafba14374f16d5fa4f73efd49243014"},"image":{"@id":"https:\/\/reiseblock.ch\/wordpress\/die-riederalp-im-november\/#primaryimage"},"thumbnailUrl":"https:\/\/reiseblock.ch\/wordpress\/wp-content\/uploads\/2015\/11\/Riederalp_Aussicht.jpg","keywords":["Bettmeralp","Matterhorn","Riederalp"],"articleSection":["Tipp"],"inLanguage":"de","potentialAction":[{"@type":"CommentAction","name":"Comment","target":["https:\/\/reiseblock.ch\/wordpress\/die-riederalp-im-november\/#respond"]}]},{"@type":"WebPage","@id":"https:\/\/reiseblock.ch\/wordpress\/die-riederalp-im-november\/","url":"https:\/\/reiseblock.ch\/wordpress\/die-riederalp-im-november\/","name":"Die Riederalp im November &#8211; Reiseblock","isPartOf":{"@id":"https:\/\/reiseblock.ch\/wordpress\/#website"},"primaryImageOfPage":{"@id":"https:\/\/reiseblock.ch\/wordpress\/die-riederalp-im-november\/#primaryimage"},"image":{"@id":"https:\/\/reiseblock.ch\/wordpress\/die-riederalp-im-november\/#primaryimage"},"thumbnailUrl":"https:\/\/reiseblock.ch\/wordpress\/wp-content\/uploads\/2015\/11\/Riederalp_Aussicht.jpg","datePublished":"2015-11-09T13:42:03+00:00","dateModified":"2017-05-22T15:52:38+00:00","description":"Der autofreie Ferienort Riederalp inmitten der herrlichen Bergwelt ist auch im Sp\u00e4therbst einen Besuch wert.","breadcrumb":{"@id":"https:\/\/reiseblock.ch\/wordpress\/die-riederalp-im-november\/#breadcrumb"},"inLanguage":"de","potentialAction":[{"@type":"ReadAction","target":["https:\/\/reiseblock.ch\/wordpress\/die-riederalp-im-november\/"]}]},{"@type":"ImageObject","inLanguage":"de","@id":"https:\/\/reiseblock.ch\/wordpress\/die-riederalp-im-november\/#primaryimage","url":"https:\/\/reiseblock.ch\/wordpress\/wp-content\/uploads\/2015\/11\/Riederalp_Aussicht.jpg","contentUrl":"https:\/\/reiseblock.ch\/wordpress\/wp-content\/uploads\/2015\/11\/Riederalp_Aussicht.jpg","width":5184,"height":3456,"caption":"Auf dem Panoramaweg zwischen Riederalp und Bettmeralp"},{"@type":"BreadcrumbList","@id":"https:\/\/reiseblock.ch\/wordpress\/die-riederalp-im-november\/#breadcrumb","itemListElement":[{"@type":"ListItem","position":1,"name":"Home","item":"https:\/\/reiseblock.ch\/wordpress\/"},{"@type":"ListItem","position":2,"name":"Die Riederalp im November"}]},{"@type":"WebSite","@id":"https:\/\/reiseblock.ch\/wordpress\/#website","url":"https:\/\/reiseblock.ch\/wordpress\/","name":"Reiseblock","description":"Ursula Kohlers ReiseWeise","publisher":{"@id":"https:\/\/reiseblock.ch\/wordpress\/#\/schema\/person\/eafba14374f16d5fa4f73efd49243014"},"potentialAction":[{"@type":"SearchAction","target":{"@type":"EntryPoint","urlTemplate":"https:\/\/reiseblock.ch\/wordpress\/?s={search_term_string}"},"query-input":{"@type":"PropertyValueSpecification","valueRequired":true,"valueName":"search_term_string"}}],"inLanguage":"de"},{"@type":["Person","Organization"],"@id":"https:\/\/reiseblock.ch\/wordpress\/#\/schema\/person\/eafba14374f16d5fa4f73efd49243014","name":"Ursula Kohler","image":{"@type":"ImageObject","inLanguage":"de","@id":"https:\/\/secure.gravatar.com\/avatar\/014d9b9a971f617638f4298cbb55f92d20b3bf0d1c9cc32f65333b2769bcf867?s=96&d=blank&r=g","url":"https:\/\/secure.gravatar.com\/avatar\/014d9b9a971f617638f4298cbb55f92d20b3bf0d1c9cc32f65333b2769bcf867?s=96&d=blank&r=g","contentUrl":"https:\/\/secure.gravatar.com\/avatar\/014d9b9a971f617638f4298cbb55f92d20b3bf0d1c9cc32f65333b2769bcf867?s=96&d=blank&r=g","caption":"Ursula Kohler"},"logo":{"@id":"https:\/\/secure.gravatar.com\/avatar\/014d9b9a971f617638f4298cbb55f92d20b3bf0d1c9cc32f65333b2769bcf867?s=96&d=blank&r=g"}},{"@type":"Person","@id":"https:\/\/reiseblock.ch\/wordpress\/#\/schema\/person\/739b103f8e7941f579794d17e2187721","name":"admin","image":{"@type":"ImageObject","inLanguage":"de","@id":"https:\/\/secure.gravatar.com\/avatar\/a0f702f22ecd58ce02800a54cb2055cabe1fa8d7cf75ab377ce2f2b8503f188c?s=96&d=blank&r=g","url":"https:\/\/secure.gravatar.com\/avatar\/a0f702f22ecd58ce02800a54cb2055cabe1fa8d7cf75ab377ce2f2b8503f188c?s=96&d=blank&r=g","contentUrl":"https:\/\/secure.gravatar.com\/avatar\/a0f702f22ecd58ce02800a54cb2055cabe1fa8d7cf75ab377ce2f2b8503f188c?s=96&d=blank&r=g","caption":"admin"},"url":"https:\/\/reiseblock.ch\/wordpress\/author\/admin\/"}]}},"_links":{"self":[{"href":"https:\/\/reiseblock.ch\/wordpress\/wp-json\/wp\/v2\/posts\/1467","targetHints":{"allow":["GET"]}}],"collection":[{"href":"https:\/\/reiseblock.ch\/wordpress\/wp-json\/wp\/v2\/posts"}],"about":[{"href":"https:\/\/reiseblock.ch\/wordpress\/wp-json\/wp\/v2\/types\/post"}],"author":[{"embeddable":true,"href":"https:\/\/reiseblock.ch\/wordpress\/wp-json\/wp\/v2\/users\/1"}],"replies":[{"embeddable":true,"href":"https:\/\/reiseblock.ch\/wordpress\/wp-json\/wp\/v2\/comments?post=1467"}],"version-history":[{"count":6,"href":"https:\/\/reiseblock.ch\/wordpress\/wp-json\/wp\/v2\/posts\/1467\/revisions"}],"predecessor-version":[{"id":1771,"href":"https:\/\/reiseblock.ch\/wordpress\/wp-json\/wp\/v2\/posts\/1467\/revisions\/1771"}],"wp:featuredmedia":[{"embeddable":true,"href":"https:\/\/reiseblock.ch\/wordpress\/wp-json\/wp\/v2\/media\/1471"}],"wp:attachment":[{"href":"https:\/\/reiseblock.ch\/wordpress\/wp-json\/wp\/v2\/media?parent=1467"}],"wp:term":[{"taxonomy":"category","embeddable":true,"href":"https:\/\/reiseblock.ch\/wordpress\/wp-json\/wp\/v2\/categories?post=1467"},{"taxonomy":"post_tag","embeddable":true,"href":"https:\/\/reiseblock.ch\/wordpress\/wp-json\/wp\/v2\/tags?post=1467"}],"curies":[{"name":"wp","href":"https:\/\/api.w.org\/{rel}","templated":true}]}}