{"id":14,"date":"2008-05-08T13:16:25","date_gmt":"2008-05-08T13:16:25","guid":{"rendered":"http:\/\/reiseblock.ch\/wordpress\/?p=14"},"modified":"2017-05-24T11:05:26","modified_gmt":"2017-05-24T09:05:26","slug":"14","status":"publish","type":"post","link":"https:\/\/reiseblock.ch\/wordpress\/14\/","title":{"rendered":"Fr\u00fchlingsbrise am Lago Maggiore"},"content":{"rendered":"<p><span style=\"font-family: Verdana,Geneva; font-size: small;\"><a href=\"http:\/\/reiseblock.ch\/wordpress\/wp-content\/uploads\/2008\/05\/Beitrag_2.jpg\"><img loading=\"lazy\" decoding=\"async\" class=\"aligncenter wp-image-33 size-large\" src=\"http:\/\/reiseblock.ch\/wordpress\/wp-content\/uploads\/2008\/05\/Beitrag_2-1024x768.jpg\" alt=\"Beitrag_2\" width=\"700\" height=\"525\" \/><\/a><span style=\"font-family: Book Antiqua,Palatino; font-size: 12pt;\">Nicht weit von der schweizerisch-italienischen Grenze befindet sich direkt am Lago Maggiore der Ferienort Verbania. Ob Hotel, Ferienwohnung oder Campingplatz &#8211; hier findet jeder und jede eine geeignete Unterkunft. <\/span><\/span><span style=\"font-family: Book Antiqua,Palatino; font-size: 12pt;\"><!--more--><\/span><\/p>\n<p><span style=\"font-family: Book Antiqua,Palatino; font-size: 12pt;\">Wir haben uns f\u00fcr einen Maxicomfort a lago auf dem Campingplatz Isolino entschieden &#8211; eine gute Wahl. Auf dem Topplatz findet man alles f\u00fcr einen komfortablen Campurlaub: Swimmingpool, Gesch\u00e4ft, verschiedenste Unterk\u00fcnfte, viel Platz, Spielplatz, eine langgezogenes Seeufer zum Relaxen und Baden &#8211; wenn denn Wetter zum Baden w\u00e4re. Dass der Fr\u00fchling dazu keine Garantie bietet, haben wir Ende April erfahren. Fr\u00f6steln, Regen, Winterjacke und Stiefel &#8211; und ab und zu doch so viel Sonne, dass wir es uns am Swimmingpool gem\u00fctlich machen konnten. Die Kinder hats eh nicht gest\u00f6rt, Wasser ist Wasser &#8230;<\/span><\/p>\n<p><span style=\"font-family: Book Antiqua,Palatino; font-size: 12pt;\">Die Umgebung um Verbania hat einiges zu bieten. Villen und G\u00e4rten erz\u00e4hlen von einer Bl\u00fctezeit im 19. Jahrhundert. Heute sind die Pal\u00e4ste und Blumenpracht Anziehungspunkte f\u00fcr Touristen. Besonders bekannt sind die Borrom\u00e4ischen Inseln &#8211; Isola Madre, Isola Bella und Isola dei Pescatori. Kleine Seen wie der Lago di Mergozzo und der Lago d&#8217;Orta bieten gem\u00fctliche Alternativen zum Langensee, wie der grosse See zwischen der Schweiz und Italien (selten) auf Deutsch genannt wird. Wer Berge und Natur liebt, wird im nahen Hinterland f\u00fcndig, vom Botanischen Garten Alpina oberhalb Stresa \u00fcber den Nationalpark Val Grande bei Verbania bis zum Valle Anasca unterhalb des \u00fcber 4600 Meter hohen Monte Rosa.<\/span><\/p>\n<p><span style=\"font-family: Book Antiqua,Palatino; font-size: 12pt;\">Fazit nach sieben Tagen Fr\u00fchlingsflair am Lago Maggiore: Wir werden wiederkommen, wenn nicht im Fr\u00fchling, dann bestimmt im Sommer.<\/span><\/p>\n<p><span style=\"font-family: Book Antiqua,Palatino; font-size: 12pt;\">Info: <a href=\"http:\/\/verbania-turismo.it\" target=\"_blank\" rel=\"noopener noreferrer\">Verbania Tourismus<\/a><\/span><\/p>\n","protected":false},"excerpt":{"rendered":"<p>Nicht weit von der schweizerisch-italienischen Grenze befindet sich direkt am Lago Maggiore der Ferienort Verbania. Ob Hotel, Ferienwohnung oder Campingplatz &#8211; hier findet jeder und [&#8230;]<\/p>\n","protected":false},"author":1,"featured_media":33,"comment_status":"open","ping_status":"open","sticky":false,"template":"","format":"standard","meta":{"footnotes":""},"categories":[8],"tags":[128,36,129],"class_list":["post-14","post","type-post","status-publish","format-standard","has-post-thumbnail","hentry","category-tipp","tag-camping","tag-lago-maggiore","tag-verbania"],"yoast_head":"<!-- This site is optimized with the Yoast SEO plugin v27.8 - https:\/\/yoast.com\/product\/yoast-seo-wordpress\/ -->\n<title>Fr\u00fchlingsbrise am Lago Maggiore &#8211; Reiseblock<\/title>\n<meta name=\"robots\" content=\"index, follow, max-snippet:-1, max-image-preview:large, max-video-preview:-1\" \/>\n<link rel=\"canonical\" href=\"https:\/\/reiseblock.ch\/wordpress\/14\/\" \/>\n<meta property=\"og:locale\" content=\"de_DE\" \/>\n<meta property=\"og:type\" content=\"article\" \/>\n<meta property=\"og:title\" content=\"Fr\u00fchlingsbrise am Lago Maggiore &#8211; Reiseblock\" \/>\n<meta property=\"og:description\" content=\"Nicht weit von der schweizerisch-italienischen Grenze befindet sich direkt am Lago Maggiore der Ferienort Verbania. Ob Hotel, Ferienwohnung oder Campingplatz &#8211; hier findet jeder und [...]\" \/>\n<meta property=\"og:url\" content=\"https:\/\/reiseblock.ch\/wordpress\/14\/\" \/>\n<meta property=\"og:site_name\" content=\"Reiseblock\" \/>\n<meta property=\"article:published_time\" content=\"2008-05-08T13:16:25+00:00\" \/>\n<meta property=\"article:modified_time\" content=\"2017-05-24T09:05:26+00:00\" \/>\n<meta property=\"og:image\" content=\"https:\/\/reiseblock.ch\/wordpress\/wp-content\/uploads\/2008\/05\/Beitrag_2-e1495616712871.jpg\" \/>\n\t<meta property=\"og:image:width\" content=\"800\" \/>\n\t<meta property=\"og:image:height\" content=\"600\" \/>\n\t<meta property=\"og:image:type\" content=\"image\/jpeg\" \/>\n<meta name=\"author\" content=\"admin\" \/>\n<meta name=\"twitter:label1\" content=\"Verfasst von\" \/>\n\t<meta name=\"twitter:data1\" content=\"admin\" \/>\n\t<meta name=\"twitter:label2\" content=\"Gesch\u00e4tzte Lesezeit\" \/>\n\t<meta name=\"twitter:data2\" content=\"1\u00a0Minute\" \/>\n<script type=\"application\/ld+json\" class=\"yoast-schema-graph\">{\"@context\":\"https:\\\/\\\/schema.org\",\"@graph\":[{\"@type\":\"Article\",\"@id\":\"https:\\\/\\\/reiseblock.ch\\\/wordpress\\\/14\\\/#article\",\"isPartOf\":{\"@id\":\"https:\\\/\\\/reiseblock.ch\\\/wordpress\\\/14\\\/\"},\"author\":{\"name\":\"admin\",\"@id\":\"https:\\\/\\\/reiseblock.ch\\\/wordpress\\\/#\\\/schema\\\/person\\\/739b103f8e7941f579794d17e2187721\"},\"headline\":\"Fr\u00fchlingsbrise am Lago Maggiore\",\"datePublished\":\"2008-05-08T13:16:25+00:00\",\"dateModified\":\"2017-05-24T09:05:26+00:00\",\"mainEntityOfPage\":{\"@id\":\"https:\\\/\\\/reiseblock.ch\\\/wordpress\\\/14\\\/\"},\"wordCount\":273,\"commentCount\":1,\"publisher\":{\"@id\":\"https:\\\/\\\/reiseblock.ch\\\/wordpress\\\/#\\\/schema\\\/person\\\/eafba14374f16d5fa4f73efd49243014\"},\"image\":{\"@id\":\"https:\\\/\\\/reiseblock.ch\\\/wordpress\\\/14\\\/#primaryimage\"},\"thumbnailUrl\":\"https:\\\/\\\/reiseblock.ch\\\/wordpress\\\/wp-content\\\/uploads\\\/2008\\\/05\\\/Beitrag_2-e1495616712871.jpg\",\"keywords\":[\"Camping\",\"Lago Maggiore\",\"Verbania\"],\"articleSection\":[\"Tipp\"],\"inLanguage\":\"de\",\"potentialAction\":[{\"@type\":\"CommentAction\",\"name\":\"Comment\",\"target\":[\"https:\\\/\\\/reiseblock.ch\\\/wordpress\\\/14\\\/#respond\"]}]},{\"@type\":\"WebPage\",\"@id\":\"https:\\\/\\\/reiseblock.ch\\\/wordpress\\\/14\\\/\",\"url\":\"https:\\\/\\\/reiseblock.ch\\\/wordpress\\\/14\\\/\",\"name\":\"Fr\u00fchlingsbrise am Lago Maggiore &#8211; Reiseblock\",\"isPartOf\":{\"@id\":\"https:\\\/\\\/reiseblock.ch\\\/wordpress\\\/#website\"},\"primaryImageOfPage\":{\"@id\":\"https:\\\/\\\/reiseblock.ch\\\/wordpress\\\/14\\\/#primaryimage\"},\"image\":{\"@id\":\"https:\\\/\\\/reiseblock.ch\\\/wordpress\\\/14\\\/#primaryimage\"},\"thumbnailUrl\":\"https:\\\/\\\/reiseblock.ch\\\/wordpress\\\/wp-content\\\/uploads\\\/2008\\\/05\\\/Beitrag_2-e1495616712871.jpg\",\"datePublished\":\"2008-05-08T13:16:25+00:00\",\"dateModified\":\"2017-05-24T09:05:26+00:00\",\"breadcrumb\":{\"@id\":\"https:\\\/\\\/reiseblock.ch\\\/wordpress\\\/14\\\/#breadcrumb\"},\"inLanguage\":\"de\",\"potentialAction\":[{\"@type\":\"ReadAction\",\"target\":[\"https:\\\/\\\/reiseblock.ch\\\/wordpress\\\/14\\\/\"]}]},{\"@type\":\"ImageObject\",\"inLanguage\":\"de\",\"@id\":\"https:\\\/\\\/reiseblock.ch\\\/wordpress\\\/14\\\/#primaryimage\",\"url\":\"https:\\\/\\\/reiseblock.ch\\\/wordpress\\\/wp-content\\\/uploads\\\/2008\\\/05\\\/Beitrag_2-e1495616712871.jpg\",\"contentUrl\":\"https:\\\/\\\/reiseblock.ch\\\/wordpress\\\/wp-content\\\/uploads\\\/2008\\\/05\\\/Beitrag_2-e1495616712871.jpg\",\"width\":800,\"height\":600},{\"@type\":\"BreadcrumbList\",\"@id\":\"https:\\\/\\\/reiseblock.ch\\\/wordpress\\\/14\\\/#breadcrumb\",\"itemListElement\":[{\"@type\":\"ListItem\",\"position\":1,\"name\":\"Home\",\"item\":\"https:\\\/\\\/reiseblock.ch\\\/wordpress\\\/\"},{\"@type\":\"ListItem\",\"position\":2,\"name\":\"Fr\u00fchlingsbrise am Lago Maggiore\"}]},{\"@type\":\"WebSite\",\"@id\":\"https:\\\/\\\/reiseblock.ch\\\/wordpress\\\/#website\",\"url\":\"https:\\\/\\\/reiseblock.ch\\\/wordpress\\\/\",\"name\":\"Reiseblock\",\"description\":\"Ursula Kohlers ReiseWeise\",\"publisher\":{\"@id\":\"https:\\\/\\\/reiseblock.ch\\\/wordpress\\\/#\\\/schema\\\/person\\\/eafba14374f16d5fa4f73efd49243014\"},\"potentialAction\":[{\"@type\":\"SearchAction\",\"target\":{\"@type\":\"EntryPoint\",\"urlTemplate\":\"https:\\\/\\\/reiseblock.ch\\\/wordpress\\\/?s={search_term_string}\"},\"query-input\":{\"@type\":\"PropertyValueSpecification\",\"valueRequired\":true,\"valueName\":\"search_term_string\"}}],\"inLanguage\":\"de\"},{\"@type\":[\"Person\",\"Organization\"],\"@id\":\"https:\\\/\\\/reiseblock.ch\\\/wordpress\\\/#\\\/schema\\\/person\\\/eafba14374f16d5fa4f73efd49243014\",\"name\":\"Ursula Kohler\",\"image\":{\"@type\":\"ImageObject\",\"inLanguage\":\"de\",\"@id\":\"https:\\\/\\\/secure.gravatar.com\\\/avatar\\\/014d9b9a971f617638f4298cbb55f92d20b3bf0d1c9cc32f65333b2769bcf867?s=96&d=blank&r=g\",\"url\":\"https:\\\/\\\/secure.gravatar.com\\\/avatar\\\/014d9b9a971f617638f4298cbb55f92d20b3bf0d1c9cc32f65333b2769bcf867?s=96&d=blank&r=g\",\"contentUrl\":\"https:\\\/\\\/secure.gravatar.com\\\/avatar\\\/014d9b9a971f617638f4298cbb55f92d20b3bf0d1c9cc32f65333b2769bcf867?s=96&d=blank&r=g\",\"caption\":\"Ursula Kohler\"},\"logo\":{\"@id\":\"https:\\\/\\\/secure.gravatar.com\\\/avatar\\\/014d9b9a971f617638f4298cbb55f92d20b3bf0d1c9cc32f65333b2769bcf867?s=96&d=blank&r=g\"}},{\"@type\":\"Person\",\"@id\":\"https:\\\/\\\/reiseblock.ch\\\/wordpress\\\/#\\\/schema\\\/person\\\/739b103f8e7941f579794d17e2187721\",\"name\":\"admin\",\"image\":{\"@type\":\"ImageObject\",\"inLanguage\":\"de\",\"@id\":\"https:\\\/\\\/secure.gravatar.com\\\/avatar\\\/a0f702f22ecd58ce02800a54cb2055cabe1fa8d7cf75ab377ce2f2b8503f188c?s=96&d=blank&r=g\",\"url\":\"https:\\\/\\\/secure.gravatar.com\\\/avatar\\\/a0f702f22ecd58ce02800a54cb2055cabe1fa8d7cf75ab377ce2f2b8503f188c?s=96&d=blank&r=g\",\"contentUrl\":\"https:\\\/\\\/secure.gravatar.com\\\/avatar\\\/a0f702f22ecd58ce02800a54cb2055cabe1fa8d7cf75ab377ce2f2b8503f188c?s=96&d=blank&r=g\",\"caption\":\"admin\"},\"url\":\"https:\\\/\\\/reiseblock.ch\\\/wordpress\\\/author\\\/admin\\\/\"}]}<\/script>\n<!-- \/ Yoast SEO plugin. -->","yoast_head_json":{"title":"Fr\u00fchlingsbrise am Lago Maggiore &#8211; Reiseblock","robots":{"index":"index","follow":"follow","max-snippet":"max-snippet:-1","max-image-preview":"max-image-preview:large","max-video-preview":"max-video-preview:-1"},"canonical":"https:\/\/reiseblock.ch\/wordpress\/14\/","og_locale":"de_DE","og_type":"article","og_title":"Fr\u00fchlingsbrise am Lago Maggiore &#8211; Reiseblock","og_description":"Nicht weit von der schweizerisch-italienischen Grenze befindet sich direkt am Lago Maggiore der Ferienort Verbania. Ob Hotel, Ferienwohnung oder Campingplatz &#8211; hier findet jeder und [...]","og_url":"https:\/\/reiseblock.ch\/wordpress\/14\/","og_site_name":"Reiseblock","article_published_time":"2008-05-08T13:16:25+00:00","article_modified_time":"2017-05-24T09:05:26+00:00","og_image":[{"width":800,"height":600,"url":"https:\/\/reiseblock.ch\/wordpress\/wp-content\/uploads\/2008\/05\/Beitrag_2-e1495616712871.jpg","type":"image\/jpeg"}],"author":"admin","twitter_misc":{"Verfasst von":"admin","Gesch\u00e4tzte Lesezeit":"1\u00a0Minute"},"schema":{"@context":"https:\/\/schema.org","@graph":[{"@type":"Article","@id":"https:\/\/reiseblock.ch\/wordpress\/14\/#article","isPartOf":{"@id":"https:\/\/reiseblock.ch\/wordpress\/14\/"},"author":{"name":"admin","@id":"https:\/\/reiseblock.ch\/wordpress\/#\/schema\/person\/739b103f8e7941f579794d17e2187721"},"headline":"Fr\u00fchlingsbrise am Lago Maggiore","datePublished":"2008-05-08T13:16:25+00:00","dateModified":"2017-05-24T09:05:26+00:00","mainEntityOfPage":{"@id":"https:\/\/reiseblock.ch\/wordpress\/14\/"},"wordCount":273,"commentCount":1,"publisher":{"@id":"https:\/\/reiseblock.ch\/wordpress\/#\/schema\/person\/eafba14374f16d5fa4f73efd49243014"},"image":{"@id":"https:\/\/reiseblock.ch\/wordpress\/14\/#primaryimage"},"thumbnailUrl":"https:\/\/reiseblock.ch\/wordpress\/wp-content\/uploads\/2008\/05\/Beitrag_2-e1495616712871.jpg","keywords":["Camping","Lago Maggiore","Verbania"],"articleSection":["Tipp"],"inLanguage":"de","potentialAction":[{"@type":"CommentAction","name":"Comment","target":["https:\/\/reiseblock.ch\/wordpress\/14\/#respond"]}]},{"@type":"WebPage","@id":"https:\/\/reiseblock.ch\/wordpress\/14\/","url":"https:\/\/reiseblock.ch\/wordpress\/14\/","name":"Fr\u00fchlingsbrise am Lago Maggiore &#8211; Reiseblock","isPartOf":{"@id":"https:\/\/reiseblock.ch\/wordpress\/#website"},"primaryImageOfPage":{"@id":"https:\/\/reiseblock.ch\/wordpress\/14\/#primaryimage"},"image":{"@id":"https:\/\/reiseblock.ch\/wordpress\/14\/#primaryimage"},"thumbnailUrl":"https:\/\/reiseblock.ch\/wordpress\/wp-content\/uploads\/2008\/05\/Beitrag_2-e1495616712871.jpg","datePublished":"2008-05-08T13:16:25+00:00","dateModified":"2017-05-24T09:05:26+00:00","breadcrumb":{"@id":"https:\/\/reiseblock.ch\/wordpress\/14\/#breadcrumb"},"inLanguage":"de","potentialAction":[{"@type":"ReadAction","target":["https:\/\/reiseblock.ch\/wordpress\/14\/"]}]},{"@type":"ImageObject","inLanguage":"de","@id":"https:\/\/reiseblock.ch\/wordpress\/14\/#primaryimage","url":"https:\/\/reiseblock.ch\/wordpress\/wp-content\/uploads\/2008\/05\/Beitrag_2-e1495616712871.jpg","contentUrl":"https:\/\/reiseblock.ch\/wordpress\/wp-content\/uploads\/2008\/05\/Beitrag_2-e1495616712871.jpg","width":800,"height":600},{"@type":"BreadcrumbList","@id":"https:\/\/reiseblock.ch\/wordpress\/14\/#breadcrumb","itemListElement":[{"@type":"ListItem","position":1,"name":"Home","item":"https:\/\/reiseblock.ch\/wordpress\/"},{"@type":"ListItem","position":2,"name":"Fr\u00fchlingsbrise am Lago Maggiore"}]},{"@type":"WebSite","@id":"https:\/\/reiseblock.ch\/wordpress\/#website","url":"https:\/\/reiseblock.ch\/wordpress\/","name":"Reiseblock","description":"Ursula Kohlers ReiseWeise","publisher":{"@id":"https:\/\/reiseblock.ch\/wordpress\/#\/schema\/person\/eafba14374f16d5fa4f73efd49243014"},"potentialAction":[{"@type":"SearchAction","target":{"@type":"EntryPoint","urlTemplate":"https:\/\/reiseblock.ch\/wordpress\/?s={search_term_string}"},"query-input":{"@type":"PropertyValueSpecification","valueRequired":true,"valueName":"search_term_string"}}],"inLanguage":"de"},{"@type":["Person","Organization"],"@id":"https:\/\/reiseblock.ch\/wordpress\/#\/schema\/person\/eafba14374f16d5fa4f73efd49243014","name":"Ursula Kohler","image":{"@type":"ImageObject","inLanguage":"de","@id":"https:\/\/secure.gravatar.com\/avatar\/014d9b9a971f617638f4298cbb55f92d20b3bf0d1c9cc32f65333b2769bcf867?s=96&d=blank&r=g","url":"https:\/\/secure.gravatar.com\/avatar\/014d9b9a971f617638f4298cbb55f92d20b3bf0d1c9cc32f65333b2769bcf867?s=96&d=blank&r=g","contentUrl":"https:\/\/secure.gravatar.com\/avatar\/014d9b9a971f617638f4298cbb55f92d20b3bf0d1c9cc32f65333b2769bcf867?s=96&d=blank&r=g","caption":"Ursula Kohler"},"logo":{"@id":"https:\/\/secure.gravatar.com\/avatar\/014d9b9a971f617638f4298cbb55f92d20b3bf0d1c9cc32f65333b2769bcf867?s=96&d=blank&r=g"}},{"@type":"Person","@id":"https:\/\/reiseblock.ch\/wordpress\/#\/schema\/person\/739b103f8e7941f579794d17e2187721","name":"admin","image":{"@type":"ImageObject","inLanguage":"de","@id":"https:\/\/secure.gravatar.com\/avatar\/a0f702f22ecd58ce02800a54cb2055cabe1fa8d7cf75ab377ce2f2b8503f188c?s=96&d=blank&r=g","url":"https:\/\/secure.gravatar.com\/avatar\/a0f702f22ecd58ce02800a54cb2055cabe1fa8d7cf75ab377ce2f2b8503f188c?s=96&d=blank&r=g","contentUrl":"https:\/\/secure.gravatar.com\/avatar\/a0f702f22ecd58ce02800a54cb2055cabe1fa8d7cf75ab377ce2f2b8503f188c?s=96&d=blank&r=g","caption":"admin"},"url":"https:\/\/reiseblock.ch\/wordpress\/author\/admin\/"}]}},"_links":{"self":[{"href":"https:\/\/reiseblock.ch\/wordpress\/wp-json\/wp\/v2\/posts\/14","targetHints":{"allow":["GET"]}}],"collection":[{"href":"https:\/\/reiseblock.ch\/wordpress\/wp-json\/wp\/v2\/posts"}],"about":[{"href":"https:\/\/reiseblock.ch\/wordpress\/wp-json\/wp\/v2\/types\/post"}],"author":[{"embeddable":true,"href":"https:\/\/reiseblock.ch\/wordpress\/wp-json\/wp\/v2\/users\/1"}],"replies":[{"embeddable":true,"href":"https:\/\/reiseblock.ch\/wordpress\/wp-json\/wp\/v2\/comments?post=14"}],"version-history":[{"count":9,"href":"https:\/\/reiseblock.ch\/wordpress\/wp-json\/wp\/v2\/posts\/14\/revisions"}],"predecessor-version":[{"id":1889,"href":"https:\/\/reiseblock.ch\/wordpress\/wp-json\/wp\/v2\/posts\/14\/revisions\/1889"}],"wp:featuredmedia":[{"embeddable":true,"href":"https:\/\/reiseblock.ch\/wordpress\/wp-json\/wp\/v2\/media\/33"}],"wp:attachment":[{"href":"https:\/\/reiseblock.ch\/wordpress\/wp-json\/wp\/v2\/media?parent=14"}],"wp:term":[{"taxonomy":"category","embeddable":true,"href":"https:\/\/reiseblock.ch\/wordpress\/wp-json\/wp\/v2\/categories?post=14"},{"taxonomy":"post_tag","embeddable":true,"href":"https:\/\/reiseblock.ch\/wordpress\/wp-json\/wp\/v2\/tags?post=14"}],"curies":[{"name":"wp","href":"https:\/\/api.w.org\/{rel}","templated":true}]}}