{"id":1352,"date":"2015-09-02T09:03:28","date_gmt":"2015-09-02T07:03:28","guid":{"rendered":"http:\/\/reiseblock.ch\/wordpress\/?p=1352"},"modified":"2017-05-23T17:52:25","modified_gmt":"2017-05-23T15:52:25","slug":"vielseitiges-bergell-erwandern","status":"publish","type":"post","link":"https:\/\/reiseblock.ch\/wordpress\/vielseitiges-bergell-erwandern\/","title":{"rendered":"Bergell: vielseitig erwandern"},"content":{"rendered":"<div id=\"attachment_1353\" style=\"width: 710px\" class=\"wp-caption alignleft\"><a href=\"http:\/\/reiseblock.ch\/wordpress\/wp-content\/uploads\/2015\/09\/Bondo-e1441176824377.jpg\"><img loading=\"lazy\" decoding=\"async\" aria-describedby=\"caption-attachment-1353\" class=\"size-large wp-image-1353\" src=\"http:\/\/reiseblock.ch\/wordpress\/wp-content\/uploads\/2015\/09\/Bondo-1024x683.jpg\" alt=\"Der historische Wanderweg f\u00fchrt mitten durch die Bergeller D\u00f6rfer wie hier Bondo\" width=\"700\" height=\"467\" \/><\/a><p id=\"caption-attachment-1353\" class=\"wp-caption-text\"><span style=\"font-size: 12pt; font-family: Book Antiqua,Palatino;\">Der historische Wanderweg f\u00fchrt mitten durch die Bergeller D\u00f6rfer wie hier Bondo<\/span><\/p><\/div>\n<p><span style=\"font-size: 12pt; font-family: Book Antiqua,Palatino;\">Zugegeben \u2013 von vielen Ausgangsorten der Schweiz aus ist <a href=\"http:\/\/www.bregaglia.ch\/de\" target=\"_blank\" rel=\"noopener noreferrer\">Bergell<\/a> nicht schnell zu erreichen. Doch das ganze Tal ist eine Entdeckung \u2013 und gerne kehrt man wieder zur\u00fcck. Wanderm\u00f6glichkeiten gibt es zuhauf, neben dem Panoramaweg und zahlreichen Gipfelzielen verblasst der Talweg, eine Etappe der ViaSett, fast ein wenig \u2013 aber nur auf den ersten Blick. <\/span><\/p>\n<p><span style=\"font-family: Book Antiqua,Palatino; font-size: 12pt;\"><!--more--><\/span><\/p>\n<p><span style=\"font-size: 12pt; font-family: Book Antiqua,Palatino;\">Kaum je haben wir eine derart abwechslungsreiche und sch\u00f6ne Talwanderung gemacht. Insgesamt beinhaltet die <a href=\"http:\/\/www.wanderland.ch\/de\/routen\/route-064.html\" target=\"_blank\" rel=\"noopener noreferrer\">ViaSett<\/a> f\u00fcnf Etappen: Start in Thusis, Ziel im italienischen Chiavenna. Die historische Route f\u00fchrt \u00fcber den alten, schon zu R\u00f6merzeiten begangenen Septimerpass, ein Highlight. Doch auch wer sich nur aufs Bergell konzentrieren m\u00f6chte, wird belohnt. <\/span><\/p>\n<p><span style=\"font-size: 12pt; font-family: Book Antiqua,Palatino;\">Das Gute an dieser Etappe: Wir k\u00f6nnen Start- und Entpunkt praktisch frei w\u00e4hlen. Denn die ganze Strecke ist mit \u00fcber 6 Stunden doch etwas lang. Kommt hinzu, dass man in den D\u00f6rfern mal eine kleine Pause einlegen m\u00f6chte: Vicosoprano, Borgonovo, Stampa, die Weiler Coltura und Caccior, Promontogno, Bondo, Castasegna &#8230; Ber\u00fchmte K\u00fcnstler wie Giacometti und Segantini haben die Sch\u00f6nheit des Bergells festgehalten. Die Verkn\u00fcpfung von Natur und Kultur macht das Bergell zu einem inspirierenden Ort.<\/span><\/p>\n","protected":false},"excerpt":{"rendered":"<p>Zugegeben \u2013 von vielen Ausgangsorten der Schweiz aus ist Bergell nicht schnell zu erreichen. Doch das ganze Tal ist eine Entdeckung \u2013 und gerne kehrt [&#8230;]<\/p>\n","protected":false},"author":1,"featured_media":1353,"comment_status":"open","ping_status":"open","sticky":false,"template":"","format":"standard","meta":{"footnotes":""},"categories":[8],"tags":[175,177,176],"class_list":["post-1352","post","type-post","status-publish","format-standard","has-post-thumbnail","hentry","category-tipp","tag-bergell","tag-graubuenden","tag-viasett"],"yoast_head":"<!-- This site is optimized with the Yoast SEO plugin v27.8 - https:\/\/yoast.com\/product\/yoast-seo-wordpress\/ -->\n<title>Bergell: vielseitig erwandern &#8211; Reiseblock<\/title>\n<meta name=\"description\" content=\"Das Bergell ist zu jeder Jahreszeit einen Ausflug wert\" \/>\n<meta name=\"robots\" content=\"index, follow, max-snippet:-1, max-image-preview:large, max-video-preview:-1\" \/>\n<link rel=\"canonical\" href=\"https:\/\/reiseblock.ch\/wordpress\/vielseitiges-bergell-erwandern\/\" \/>\n<meta property=\"og:locale\" content=\"de_DE\" \/>\n<meta property=\"og:type\" content=\"article\" \/>\n<meta property=\"og:title\" content=\"Bergell: vielseitig erwandern &#8211; Reiseblock\" \/>\n<meta property=\"og:description\" content=\"Das Bergell ist zu jeder Jahreszeit einen Ausflug wert\" \/>\n<meta property=\"og:url\" content=\"https:\/\/reiseblock.ch\/wordpress\/vielseitiges-bergell-erwandern\/\" \/>\n<meta property=\"og:site_name\" content=\"Reiseblock\" \/>\n<meta property=\"article:published_time\" content=\"2015-09-02T07:03:28+00:00\" \/>\n<meta property=\"article:modified_time\" content=\"2017-05-23T15:52:25+00:00\" \/>\n<meta property=\"og:image\" content=\"https:\/\/reiseblock.ch\/wordpress\/wp-content\/uploads\/2015\/09\/Bondo-e1441176824377.jpg\" \/>\n\t<meta property=\"og:image:width\" content=\"1000\" \/>\n\t<meta property=\"og:image:height\" content=\"667\" \/>\n\t<meta property=\"og:image:type\" content=\"image\/jpeg\" \/>\n<meta name=\"author\" content=\"admin\" \/>\n<meta name=\"twitter:label1\" content=\"Verfasst von\" \/>\n\t<meta name=\"twitter:data1\" content=\"admin\" \/>\n\t<meta name=\"twitter:label2\" content=\"Gesch\u00e4tzte Lesezeit\" \/>\n\t<meta name=\"twitter:data2\" content=\"1\u00a0Minute\" \/>\n<script type=\"application\/ld+json\" class=\"yoast-schema-graph\">{\"@context\":\"https:\\\/\\\/schema.org\",\"@graph\":[{\"@type\":\"Article\",\"@id\":\"https:\\\/\\\/reiseblock.ch\\\/wordpress\\\/vielseitiges-bergell-erwandern\\\/#article\",\"isPartOf\":{\"@id\":\"https:\\\/\\\/reiseblock.ch\\\/wordpress\\\/vielseitiges-bergell-erwandern\\\/\"},\"author\":{\"name\":\"admin\",\"@id\":\"https:\\\/\\\/reiseblock.ch\\\/wordpress\\\/#\\\/schema\\\/person\\\/739b103f8e7941f579794d17e2187721\"},\"headline\":\"Bergell: vielseitig erwandern\",\"datePublished\":\"2015-09-02T07:03:28+00:00\",\"dateModified\":\"2017-05-23T15:52:25+00:00\",\"mainEntityOfPage\":{\"@id\":\"https:\\\/\\\/reiseblock.ch\\\/wordpress\\\/vielseitiges-bergell-erwandern\\\/\"},\"wordCount\":213,\"commentCount\":0,\"publisher\":{\"@id\":\"https:\\\/\\\/reiseblock.ch\\\/wordpress\\\/#\\\/schema\\\/person\\\/eafba14374f16d5fa4f73efd49243014\"},\"image\":{\"@id\":\"https:\\\/\\\/reiseblock.ch\\\/wordpress\\\/vielseitiges-bergell-erwandern\\\/#primaryimage\"},\"thumbnailUrl\":\"https:\\\/\\\/reiseblock.ch\\\/wordpress\\\/wp-content\\\/uploads\\\/2015\\\/09\\\/Bondo-e1441176824377.jpg\",\"keywords\":[\"Bergell\",\"Graub\u00fcnden\",\"ViaSett\"],\"articleSection\":[\"Tipp\"],\"inLanguage\":\"de\",\"potentialAction\":[{\"@type\":\"CommentAction\",\"name\":\"Comment\",\"target\":[\"https:\\\/\\\/reiseblock.ch\\\/wordpress\\\/vielseitiges-bergell-erwandern\\\/#respond\"]}]},{\"@type\":\"WebPage\",\"@id\":\"https:\\\/\\\/reiseblock.ch\\\/wordpress\\\/vielseitiges-bergell-erwandern\\\/\",\"url\":\"https:\\\/\\\/reiseblock.ch\\\/wordpress\\\/vielseitiges-bergell-erwandern\\\/\",\"name\":\"Bergell: vielseitig erwandern &#8211; Reiseblock\",\"isPartOf\":{\"@id\":\"https:\\\/\\\/reiseblock.ch\\\/wordpress\\\/#website\"},\"primaryImageOfPage\":{\"@id\":\"https:\\\/\\\/reiseblock.ch\\\/wordpress\\\/vielseitiges-bergell-erwandern\\\/#primaryimage\"},\"image\":{\"@id\":\"https:\\\/\\\/reiseblock.ch\\\/wordpress\\\/vielseitiges-bergell-erwandern\\\/#primaryimage\"},\"thumbnailUrl\":\"https:\\\/\\\/reiseblock.ch\\\/wordpress\\\/wp-content\\\/uploads\\\/2015\\\/09\\\/Bondo-e1441176824377.jpg\",\"datePublished\":\"2015-09-02T07:03:28+00:00\",\"dateModified\":\"2017-05-23T15:52:25+00:00\",\"description\":\"Das Bergell ist zu jeder Jahreszeit einen Ausflug wert\",\"breadcrumb\":{\"@id\":\"https:\\\/\\\/reiseblock.ch\\\/wordpress\\\/vielseitiges-bergell-erwandern\\\/#breadcrumb\"},\"inLanguage\":\"de\",\"potentialAction\":[{\"@type\":\"ReadAction\",\"target\":[\"https:\\\/\\\/reiseblock.ch\\\/wordpress\\\/vielseitiges-bergell-erwandern\\\/\"]}]},{\"@type\":\"ImageObject\",\"inLanguage\":\"de\",\"@id\":\"https:\\\/\\\/reiseblock.ch\\\/wordpress\\\/vielseitiges-bergell-erwandern\\\/#primaryimage\",\"url\":\"https:\\\/\\\/reiseblock.ch\\\/wordpress\\\/wp-content\\\/uploads\\\/2015\\\/09\\\/Bondo-e1441176824377.jpg\",\"contentUrl\":\"https:\\\/\\\/reiseblock.ch\\\/wordpress\\\/wp-content\\\/uploads\\\/2015\\\/09\\\/Bondo-e1441176824377.jpg\",\"width\":1000,\"height\":667,\"caption\":\"Der historische Wanderweg f\u00fchrt mitten durch die Bergeller D\u00f6rfer wie hier Bondo\"},{\"@type\":\"BreadcrumbList\",\"@id\":\"https:\\\/\\\/reiseblock.ch\\\/wordpress\\\/vielseitiges-bergell-erwandern\\\/#breadcrumb\",\"itemListElement\":[{\"@type\":\"ListItem\",\"position\":1,\"name\":\"Home\",\"item\":\"https:\\\/\\\/reiseblock.ch\\\/wordpress\\\/\"},{\"@type\":\"ListItem\",\"position\":2,\"name\":\"Bergell: vielseitig erwandern\"}]},{\"@type\":\"WebSite\",\"@id\":\"https:\\\/\\\/reiseblock.ch\\\/wordpress\\\/#website\",\"url\":\"https:\\\/\\\/reiseblock.ch\\\/wordpress\\\/\",\"name\":\"Reiseblock\",\"description\":\"Ursula Kohlers ReiseWeise\",\"publisher\":{\"@id\":\"https:\\\/\\\/reiseblock.ch\\\/wordpress\\\/#\\\/schema\\\/person\\\/eafba14374f16d5fa4f73efd49243014\"},\"potentialAction\":[{\"@type\":\"SearchAction\",\"target\":{\"@type\":\"EntryPoint\",\"urlTemplate\":\"https:\\\/\\\/reiseblock.ch\\\/wordpress\\\/?s={search_term_string}\"},\"query-input\":{\"@type\":\"PropertyValueSpecification\",\"valueRequired\":true,\"valueName\":\"search_term_string\"}}],\"inLanguage\":\"de\"},{\"@type\":[\"Person\",\"Organization\"],\"@id\":\"https:\\\/\\\/reiseblock.ch\\\/wordpress\\\/#\\\/schema\\\/person\\\/eafba14374f16d5fa4f73efd49243014\",\"name\":\"Ursula Kohler\",\"image\":{\"@type\":\"ImageObject\",\"inLanguage\":\"de\",\"@id\":\"https:\\\/\\\/secure.gravatar.com\\\/avatar\\\/014d9b9a971f617638f4298cbb55f92d20b3bf0d1c9cc32f65333b2769bcf867?s=96&d=blank&r=g\",\"url\":\"https:\\\/\\\/secure.gravatar.com\\\/avatar\\\/014d9b9a971f617638f4298cbb55f92d20b3bf0d1c9cc32f65333b2769bcf867?s=96&d=blank&r=g\",\"contentUrl\":\"https:\\\/\\\/secure.gravatar.com\\\/avatar\\\/014d9b9a971f617638f4298cbb55f92d20b3bf0d1c9cc32f65333b2769bcf867?s=96&d=blank&r=g\",\"caption\":\"Ursula Kohler\"},\"logo\":{\"@id\":\"https:\\\/\\\/secure.gravatar.com\\\/avatar\\\/014d9b9a971f617638f4298cbb55f92d20b3bf0d1c9cc32f65333b2769bcf867?s=96&d=blank&r=g\"}},{\"@type\":\"Person\",\"@id\":\"https:\\\/\\\/reiseblock.ch\\\/wordpress\\\/#\\\/schema\\\/person\\\/739b103f8e7941f579794d17e2187721\",\"name\":\"admin\",\"image\":{\"@type\":\"ImageObject\",\"inLanguage\":\"de\",\"@id\":\"https:\\\/\\\/secure.gravatar.com\\\/avatar\\\/a0f702f22ecd58ce02800a54cb2055cabe1fa8d7cf75ab377ce2f2b8503f188c?s=96&d=blank&r=g\",\"url\":\"https:\\\/\\\/secure.gravatar.com\\\/avatar\\\/a0f702f22ecd58ce02800a54cb2055cabe1fa8d7cf75ab377ce2f2b8503f188c?s=96&d=blank&r=g\",\"contentUrl\":\"https:\\\/\\\/secure.gravatar.com\\\/avatar\\\/a0f702f22ecd58ce02800a54cb2055cabe1fa8d7cf75ab377ce2f2b8503f188c?s=96&d=blank&r=g\",\"caption\":\"admin\"},\"url\":\"https:\\\/\\\/reiseblock.ch\\\/wordpress\\\/author\\\/admin\\\/\"}]}<\/script>\n<!-- \/ Yoast SEO plugin. -->","yoast_head_json":{"title":"Bergell: vielseitig erwandern &#8211; Reiseblock","description":"Das Bergell ist zu jeder Jahreszeit einen Ausflug wert","robots":{"index":"index","follow":"follow","max-snippet":"max-snippet:-1","max-image-preview":"max-image-preview:large","max-video-preview":"max-video-preview:-1"},"canonical":"https:\/\/reiseblock.ch\/wordpress\/vielseitiges-bergell-erwandern\/","og_locale":"de_DE","og_type":"article","og_title":"Bergell: vielseitig erwandern &#8211; Reiseblock","og_description":"Das Bergell ist zu jeder Jahreszeit einen Ausflug wert","og_url":"https:\/\/reiseblock.ch\/wordpress\/vielseitiges-bergell-erwandern\/","og_site_name":"Reiseblock","article_published_time":"2015-09-02T07:03:28+00:00","article_modified_time":"2017-05-23T15:52:25+00:00","og_image":[{"width":1000,"height":667,"url":"https:\/\/reiseblock.ch\/wordpress\/wp-content\/uploads\/2015\/09\/Bondo-e1441176824377.jpg","type":"image\/jpeg"}],"author":"admin","twitter_misc":{"Verfasst von":"admin","Gesch\u00e4tzte Lesezeit":"1\u00a0Minute"},"schema":{"@context":"https:\/\/schema.org","@graph":[{"@type":"Article","@id":"https:\/\/reiseblock.ch\/wordpress\/vielseitiges-bergell-erwandern\/#article","isPartOf":{"@id":"https:\/\/reiseblock.ch\/wordpress\/vielseitiges-bergell-erwandern\/"},"author":{"name":"admin","@id":"https:\/\/reiseblock.ch\/wordpress\/#\/schema\/person\/739b103f8e7941f579794d17e2187721"},"headline":"Bergell: vielseitig erwandern","datePublished":"2015-09-02T07:03:28+00:00","dateModified":"2017-05-23T15:52:25+00:00","mainEntityOfPage":{"@id":"https:\/\/reiseblock.ch\/wordpress\/vielseitiges-bergell-erwandern\/"},"wordCount":213,"commentCount":0,"publisher":{"@id":"https:\/\/reiseblock.ch\/wordpress\/#\/schema\/person\/eafba14374f16d5fa4f73efd49243014"},"image":{"@id":"https:\/\/reiseblock.ch\/wordpress\/vielseitiges-bergell-erwandern\/#primaryimage"},"thumbnailUrl":"https:\/\/reiseblock.ch\/wordpress\/wp-content\/uploads\/2015\/09\/Bondo-e1441176824377.jpg","keywords":["Bergell","Graub\u00fcnden","ViaSett"],"articleSection":["Tipp"],"inLanguage":"de","potentialAction":[{"@type":"CommentAction","name":"Comment","target":["https:\/\/reiseblock.ch\/wordpress\/vielseitiges-bergell-erwandern\/#respond"]}]},{"@type":"WebPage","@id":"https:\/\/reiseblock.ch\/wordpress\/vielseitiges-bergell-erwandern\/","url":"https:\/\/reiseblock.ch\/wordpress\/vielseitiges-bergell-erwandern\/","name":"Bergell: vielseitig erwandern &#8211; Reiseblock","isPartOf":{"@id":"https:\/\/reiseblock.ch\/wordpress\/#website"},"primaryImageOfPage":{"@id":"https:\/\/reiseblock.ch\/wordpress\/vielseitiges-bergell-erwandern\/#primaryimage"},"image":{"@id":"https:\/\/reiseblock.ch\/wordpress\/vielseitiges-bergell-erwandern\/#primaryimage"},"thumbnailUrl":"https:\/\/reiseblock.ch\/wordpress\/wp-content\/uploads\/2015\/09\/Bondo-e1441176824377.jpg","datePublished":"2015-09-02T07:03:28+00:00","dateModified":"2017-05-23T15:52:25+00:00","description":"Das Bergell ist zu jeder Jahreszeit einen Ausflug wert","breadcrumb":{"@id":"https:\/\/reiseblock.ch\/wordpress\/vielseitiges-bergell-erwandern\/#breadcrumb"},"inLanguage":"de","potentialAction":[{"@type":"ReadAction","target":["https:\/\/reiseblock.ch\/wordpress\/vielseitiges-bergell-erwandern\/"]}]},{"@type":"ImageObject","inLanguage":"de","@id":"https:\/\/reiseblock.ch\/wordpress\/vielseitiges-bergell-erwandern\/#primaryimage","url":"https:\/\/reiseblock.ch\/wordpress\/wp-content\/uploads\/2015\/09\/Bondo-e1441176824377.jpg","contentUrl":"https:\/\/reiseblock.ch\/wordpress\/wp-content\/uploads\/2015\/09\/Bondo-e1441176824377.jpg","width":1000,"height":667,"caption":"Der historische Wanderweg f\u00fchrt mitten durch die Bergeller D\u00f6rfer wie hier Bondo"},{"@type":"BreadcrumbList","@id":"https:\/\/reiseblock.ch\/wordpress\/vielseitiges-bergell-erwandern\/#breadcrumb","itemListElement":[{"@type":"ListItem","position":1,"name":"Home","item":"https:\/\/reiseblock.ch\/wordpress\/"},{"@type":"ListItem","position":2,"name":"Bergell: vielseitig erwandern"}]},{"@type":"WebSite","@id":"https:\/\/reiseblock.ch\/wordpress\/#website","url":"https:\/\/reiseblock.ch\/wordpress\/","name":"Reiseblock","description":"Ursula Kohlers ReiseWeise","publisher":{"@id":"https:\/\/reiseblock.ch\/wordpress\/#\/schema\/person\/eafba14374f16d5fa4f73efd49243014"},"potentialAction":[{"@type":"SearchAction","target":{"@type":"EntryPoint","urlTemplate":"https:\/\/reiseblock.ch\/wordpress\/?s={search_term_string}"},"query-input":{"@type":"PropertyValueSpecification","valueRequired":true,"valueName":"search_term_string"}}],"inLanguage":"de"},{"@type":["Person","Organization"],"@id":"https:\/\/reiseblock.ch\/wordpress\/#\/schema\/person\/eafba14374f16d5fa4f73efd49243014","name":"Ursula Kohler","image":{"@type":"ImageObject","inLanguage":"de","@id":"https:\/\/secure.gravatar.com\/avatar\/014d9b9a971f617638f4298cbb55f92d20b3bf0d1c9cc32f65333b2769bcf867?s=96&d=blank&r=g","url":"https:\/\/secure.gravatar.com\/avatar\/014d9b9a971f617638f4298cbb55f92d20b3bf0d1c9cc32f65333b2769bcf867?s=96&d=blank&r=g","contentUrl":"https:\/\/secure.gravatar.com\/avatar\/014d9b9a971f617638f4298cbb55f92d20b3bf0d1c9cc32f65333b2769bcf867?s=96&d=blank&r=g","caption":"Ursula Kohler"},"logo":{"@id":"https:\/\/secure.gravatar.com\/avatar\/014d9b9a971f617638f4298cbb55f92d20b3bf0d1c9cc32f65333b2769bcf867?s=96&d=blank&r=g"}},{"@type":"Person","@id":"https:\/\/reiseblock.ch\/wordpress\/#\/schema\/person\/739b103f8e7941f579794d17e2187721","name":"admin","image":{"@type":"ImageObject","inLanguage":"de","@id":"https:\/\/secure.gravatar.com\/avatar\/a0f702f22ecd58ce02800a54cb2055cabe1fa8d7cf75ab377ce2f2b8503f188c?s=96&d=blank&r=g","url":"https:\/\/secure.gravatar.com\/avatar\/a0f702f22ecd58ce02800a54cb2055cabe1fa8d7cf75ab377ce2f2b8503f188c?s=96&d=blank&r=g","contentUrl":"https:\/\/secure.gravatar.com\/avatar\/a0f702f22ecd58ce02800a54cb2055cabe1fa8d7cf75ab377ce2f2b8503f188c?s=96&d=blank&r=g","caption":"admin"},"url":"https:\/\/reiseblock.ch\/wordpress\/author\/admin\/"}]}},"_links":{"self":[{"href":"https:\/\/reiseblock.ch\/wordpress\/wp-json\/wp\/v2\/posts\/1352","targetHints":{"allow":["GET"]}}],"collection":[{"href":"https:\/\/reiseblock.ch\/wordpress\/wp-json\/wp\/v2\/posts"}],"about":[{"href":"https:\/\/reiseblock.ch\/wordpress\/wp-json\/wp\/v2\/types\/post"}],"author":[{"embeddable":true,"href":"https:\/\/reiseblock.ch\/wordpress\/wp-json\/wp\/v2\/users\/1"}],"replies":[{"embeddable":true,"href":"https:\/\/reiseblock.ch\/wordpress\/wp-json\/wp\/v2\/comments?post=1352"}],"version-history":[{"count":9,"href":"https:\/\/reiseblock.ch\/wordpress\/wp-json\/wp\/v2\/posts\/1352\/revisions"}],"predecessor-version":[{"id":1779,"href":"https:\/\/reiseblock.ch\/wordpress\/wp-json\/wp\/v2\/posts\/1352\/revisions\/1779"}],"wp:featuredmedia":[{"embeddable":true,"href":"https:\/\/reiseblock.ch\/wordpress\/wp-json\/wp\/v2\/media\/1353"}],"wp:attachment":[{"href":"https:\/\/reiseblock.ch\/wordpress\/wp-json\/wp\/v2\/media?parent=1352"}],"wp:term":[{"taxonomy":"category","embeddable":true,"href":"https:\/\/reiseblock.ch\/wordpress\/wp-json\/wp\/v2\/categories?post=1352"},{"taxonomy":"post_tag","embeddable":true,"href":"https:\/\/reiseblock.ch\/wordpress\/wp-json\/wp\/v2\/tags?post=1352"}],"curies":[{"name":"wp","href":"https:\/\/api.w.org\/{rel}","templated":true}]}}