{"id":1343,"date":"2015-08-24T10:55:06","date_gmt":"2015-08-24T08:55:06","guid":{"rendered":"http:\/\/reiseblock.ch\/wordpress\/?p=1343"},"modified":"2017-05-23T17:54:07","modified_gmt":"2017-05-23T15:54:07","slug":"unterwegs-im-spreewald","status":"publish","type":"post","link":"https:\/\/reiseblock.ch\/wordpress\/unterwegs-im-spreewald\/","title":{"rendered":"Naturabenteuer Spreewald"},"content":{"rendered":"<div id=\"attachment_1346\" style=\"width: 710px\" class=\"wp-caption alignleft\"><a href=\"http:\/\/reiseblock.ch\/wordpress\/wp-content\/uploads\/2015\/08\/Spreewald.jpg\"><img loading=\"lazy\" decoding=\"async\" aria-describedby=\"caption-attachment-1346\" class=\"wp-image-1346 size-large\" src=\"http:\/\/reiseblock.ch\/wordpress\/wp-content\/uploads\/2015\/08\/Spreewald-1024x765.jpg\" alt=\"Idylle im Spreewald\" width=\"700\" height=\"523\" \/><\/a><p id=\"caption-attachment-1346\" class=\"wp-caption-text\">Idylle im Spreewald<\/p><\/div>\n<p><span style=\"font-size: 12pt; font-family: Book Antiqua,Palatino;\">Es war eines der grossen Reiseerlebnisse des Sommers. Eher zuf\u00e4llig auf der Durchreise von Konstanz nach Berlin entdeckt: der <a href=\"http:\/\/www.spreewald.de\/\" target=\"_blank\" rel=\"noopener noreferrer\">Spreewald<\/a>. Bis anhin mit nicht viel mehr als Spreewaldgurken assoziiert und das auch noch aus vollkommener Unkenntnis der besagten Gurken. <\/span><\/p>\n<p><span style=\"font-family: Book Antiqua,Palatino; font-size: 12pt;\"><!--more--><\/span><\/p>\n<p><span style=\"font-size: 12pt; font-family: Book Antiqua,Palatino;\">Der Spreewald ist in erster Linie ein Paradies f\u00fcr Kanufahrer. Viele Verleihstationen machen das Kanuvergn\u00fcgen ganz einfach. Der Spreewald ist durchzogen von einem Kanalsystem, auf dem man kilometerlang paddeln kann. Wer es lieber gem\u00fctlicher hat, kann sich auf einem der K\u00e4hne mitf\u00fchren lassen. Spreewald ist aber auch einfach viel Natur. Zu Fuss, mit dem Fahrrad unterwegs befindet man sich sofort und \u00fcberall im Gr\u00fcnen. Spreewald ist nat\u00fcrlich auch ehemalige DDR. Und das ist heute noch sichtbar. <\/span><\/p>\n<p><span style=\"font-size: 12pt; font-family: Book Antiqua,Palatino;\">In Burg, mitten im Spreewald, gibt es ein <a href=\"http:\/\/ddr-museum-burg.de\/\" target=\"_blank\" rel=\"noopener noreferrer\">DDR-Museum<\/a>, das ganz anders ist als das Berliner Pendant. Es ist ein Sammelsurium an Gegenst\u00e4nden aus dieser Zeit, begonnen beim Trabi \u00fcber Wohnungseinrichtungen, Krippe und \u2013 ganz speziell \u2013 ein eingerichtetes Schulzimmer aus der DRR. Hier konnte ich mich verweilen, habe das Schild, nichts zu ber\u00fchren, nicht auf die aufliegenden Schulb\u00fccher bezogen und ausgiebig darin gebl\u00e4ttert. Schon seltsam zu sehen, wie in den Geografieb\u00fcchern die Welt ausserhalb der kommunistischen L\u00e4nder als graue Fl\u00e4che knapp markiert war. Die Welt hat an der Grenze einfach aufgeh\u00f6rt, zumindest auf dem Papier. Ein G\u00e4stebuch, in dem viele Menschen hineingeschrieben haben, wie gerne sie sich an ihre Kindheit zur\u00fcckerinnern. Das Museum, weder aufger\u00e4umt noch beschriftet, hat die verschiedenen Ebenen der DDR eindr\u00fccklich hervorgebracht. Das Idyllische, Gemeinschaftliche auf der einen Seite und der kontrollierende Staat auf der anderen Seite. <\/span><\/p>\n<p><span style=\"font-size: 14pt;\"><span style=\"font-family: Book Antiqua,Palatino; font-size: 12pt;\">Nun, zur\u00fcck zu den Spreewaldgurken: Die haben wir nat\u00fcrlich auch genossen. Und n\u00e4chstes Mal wird der Aufenthalt im Spreewald etwas l\u00e4nger dauern.<\/span><br \/>\n<\/span><\/p>\n","protected":false},"excerpt":{"rendered":"<p>Es war eines der grossen Reiseerlebnisse des Sommers. Eher zuf\u00e4llig auf der Durchreise von Konstanz nach Berlin entdeckt: der Spreewald. Bis anhin mit nicht viel [&#8230;]<\/p>\n","protected":false},"author":1,"featured_media":1346,"comment_status":"open","ping_status":"open","sticky":false,"template":"","format":"standard","meta":{"footnotes":""},"categories":[10],"tags":[174,20,173],"class_list":["post-1343","post","type-post","status-publish","format-standard","has-post-thumbnail","hentry","category-erlebt","tag-ddr","tag-deutschland","tag-spreewald"],"yoast_head":"<!-- This site is optimized with the Yoast SEO plugin v27.8 - https:\/\/yoast.com\/product\/yoast-seo-wordpress\/ -->\n<title>Naturabenteuer Spreewald &#8211; Reiseblock<\/title>\n<meta name=\"robots\" content=\"index, follow, max-snippet:-1, max-image-preview:large, max-video-preview:-1\" \/>\n<link rel=\"canonical\" href=\"https:\/\/reiseblock.ch\/wordpress\/unterwegs-im-spreewald\/\" \/>\n<meta property=\"og:locale\" content=\"de_DE\" \/>\n<meta property=\"og:type\" content=\"article\" \/>\n<meta property=\"og:title\" content=\"Naturabenteuer Spreewald &#8211; Reiseblock\" \/>\n<meta property=\"og:description\" content=\"Es war eines der grossen Reiseerlebnisse des Sommers. Eher zuf\u00e4llig auf der Durchreise von Konstanz nach Berlin entdeckt: der Spreewald. Bis anhin mit nicht viel [...]\" \/>\n<meta property=\"og:url\" content=\"https:\/\/reiseblock.ch\/wordpress\/unterwegs-im-spreewald\/\" \/>\n<meta property=\"og:site_name\" content=\"Reiseblock\" \/>\n<meta property=\"article:published_time\" content=\"2015-08-24T08:55:06+00:00\" \/>\n<meta property=\"article:modified_time\" content=\"2017-05-23T15:54:07+00:00\" \/>\n<meta property=\"og:image\" content=\"https:\/\/reiseblock.ch\/wordpress\/wp-content\/uploads\/2015\/08\/Spreewald-e1495554834992.jpg\" \/>\n\t<meta property=\"og:image:width\" content=\"1000\" \/>\n\t<meta property=\"og:image:height\" content=\"747\" \/>\n\t<meta property=\"og:image:type\" content=\"image\/jpeg\" \/>\n<meta name=\"author\" content=\"admin\" \/>\n<meta name=\"twitter:label1\" content=\"Verfasst von\" \/>\n\t<meta name=\"twitter:data1\" content=\"admin\" \/>\n\t<meta name=\"twitter:label2\" content=\"Gesch\u00e4tzte Lesezeit\" \/>\n\t<meta name=\"twitter:data2\" content=\"2\u00a0Minuten\" \/>\n<script type=\"application\/ld+json\" class=\"yoast-schema-graph\">{\"@context\":\"https:\\\/\\\/schema.org\",\"@graph\":[{\"@type\":\"Article\",\"@id\":\"https:\\\/\\\/reiseblock.ch\\\/wordpress\\\/unterwegs-im-spreewald\\\/#article\",\"isPartOf\":{\"@id\":\"https:\\\/\\\/reiseblock.ch\\\/wordpress\\\/unterwegs-im-spreewald\\\/\"},\"author\":{\"name\":\"admin\",\"@id\":\"https:\\\/\\\/reiseblock.ch\\\/wordpress\\\/#\\\/schema\\\/person\\\/739b103f8e7941f579794d17e2187721\"},\"headline\":\"Naturabenteuer Spreewald\",\"datePublished\":\"2015-08-24T08:55:06+00:00\",\"dateModified\":\"2017-05-23T15:54:07+00:00\",\"mainEntityOfPage\":{\"@id\":\"https:\\\/\\\/reiseblock.ch\\\/wordpress\\\/unterwegs-im-spreewald\\\/\"},\"wordCount\":312,\"commentCount\":0,\"publisher\":{\"@id\":\"https:\\\/\\\/reiseblock.ch\\\/wordpress\\\/#\\\/schema\\\/person\\\/eafba14374f16d5fa4f73efd49243014\"},\"image\":{\"@id\":\"https:\\\/\\\/reiseblock.ch\\\/wordpress\\\/unterwegs-im-spreewald\\\/#primaryimage\"},\"thumbnailUrl\":\"https:\\\/\\\/reiseblock.ch\\\/wordpress\\\/wp-content\\\/uploads\\\/2015\\\/08\\\/Spreewald-e1495554834992.jpg\",\"keywords\":[\"DDR\",\"Deutschland\",\"Spreewald\"],\"articleSection\":[\"Erlebt\"],\"inLanguage\":\"de\",\"potentialAction\":[{\"@type\":\"CommentAction\",\"name\":\"Comment\",\"target\":[\"https:\\\/\\\/reiseblock.ch\\\/wordpress\\\/unterwegs-im-spreewald\\\/#respond\"]}]},{\"@type\":\"WebPage\",\"@id\":\"https:\\\/\\\/reiseblock.ch\\\/wordpress\\\/unterwegs-im-spreewald\\\/\",\"url\":\"https:\\\/\\\/reiseblock.ch\\\/wordpress\\\/unterwegs-im-spreewald\\\/\",\"name\":\"Naturabenteuer Spreewald &#8211; Reiseblock\",\"isPartOf\":{\"@id\":\"https:\\\/\\\/reiseblock.ch\\\/wordpress\\\/#website\"},\"primaryImageOfPage\":{\"@id\":\"https:\\\/\\\/reiseblock.ch\\\/wordpress\\\/unterwegs-im-spreewald\\\/#primaryimage\"},\"image\":{\"@id\":\"https:\\\/\\\/reiseblock.ch\\\/wordpress\\\/unterwegs-im-spreewald\\\/#primaryimage\"},\"thumbnailUrl\":\"https:\\\/\\\/reiseblock.ch\\\/wordpress\\\/wp-content\\\/uploads\\\/2015\\\/08\\\/Spreewald-e1495554834992.jpg\",\"datePublished\":\"2015-08-24T08:55:06+00:00\",\"dateModified\":\"2017-05-23T15:54:07+00:00\",\"breadcrumb\":{\"@id\":\"https:\\\/\\\/reiseblock.ch\\\/wordpress\\\/unterwegs-im-spreewald\\\/#breadcrumb\"},\"inLanguage\":\"de\",\"potentialAction\":[{\"@type\":\"ReadAction\",\"target\":[\"https:\\\/\\\/reiseblock.ch\\\/wordpress\\\/unterwegs-im-spreewald\\\/\"]}]},{\"@type\":\"ImageObject\",\"inLanguage\":\"de\",\"@id\":\"https:\\\/\\\/reiseblock.ch\\\/wordpress\\\/unterwegs-im-spreewald\\\/#primaryimage\",\"url\":\"https:\\\/\\\/reiseblock.ch\\\/wordpress\\\/wp-content\\\/uploads\\\/2015\\\/08\\\/Spreewald-e1495554834992.jpg\",\"contentUrl\":\"https:\\\/\\\/reiseblock.ch\\\/wordpress\\\/wp-content\\\/uploads\\\/2015\\\/08\\\/Spreewald-e1495554834992.jpg\",\"width\":1000,\"height\":747,\"caption\":\"Idylle im Spreewald\"},{\"@type\":\"BreadcrumbList\",\"@id\":\"https:\\\/\\\/reiseblock.ch\\\/wordpress\\\/unterwegs-im-spreewald\\\/#breadcrumb\",\"itemListElement\":[{\"@type\":\"ListItem\",\"position\":1,\"name\":\"Home\",\"item\":\"https:\\\/\\\/reiseblock.ch\\\/wordpress\\\/\"},{\"@type\":\"ListItem\",\"position\":2,\"name\":\"Naturabenteuer Spreewald\"}]},{\"@type\":\"WebSite\",\"@id\":\"https:\\\/\\\/reiseblock.ch\\\/wordpress\\\/#website\",\"url\":\"https:\\\/\\\/reiseblock.ch\\\/wordpress\\\/\",\"name\":\"Reiseblock\",\"description\":\"Ursula Kohlers ReiseWeise\",\"publisher\":{\"@id\":\"https:\\\/\\\/reiseblock.ch\\\/wordpress\\\/#\\\/schema\\\/person\\\/eafba14374f16d5fa4f73efd49243014\"},\"potentialAction\":[{\"@type\":\"SearchAction\",\"target\":{\"@type\":\"EntryPoint\",\"urlTemplate\":\"https:\\\/\\\/reiseblock.ch\\\/wordpress\\\/?s={search_term_string}\"},\"query-input\":{\"@type\":\"PropertyValueSpecification\",\"valueRequired\":true,\"valueName\":\"search_term_string\"}}],\"inLanguage\":\"de\"},{\"@type\":[\"Person\",\"Organization\"],\"@id\":\"https:\\\/\\\/reiseblock.ch\\\/wordpress\\\/#\\\/schema\\\/person\\\/eafba14374f16d5fa4f73efd49243014\",\"name\":\"Ursula Kohler\",\"image\":{\"@type\":\"ImageObject\",\"inLanguage\":\"de\",\"@id\":\"https:\\\/\\\/secure.gravatar.com\\\/avatar\\\/014d9b9a971f617638f4298cbb55f92d20b3bf0d1c9cc32f65333b2769bcf867?s=96&d=blank&r=g\",\"url\":\"https:\\\/\\\/secure.gravatar.com\\\/avatar\\\/014d9b9a971f617638f4298cbb55f92d20b3bf0d1c9cc32f65333b2769bcf867?s=96&d=blank&r=g\",\"contentUrl\":\"https:\\\/\\\/secure.gravatar.com\\\/avatar\\\/014d9b9a971f617638f4298cbb55f92d20b3bf0d1c9cc32f65333b2769bcf867?s=96&d=blank&r=g\",\"caption\":\"Ursula Kohler\"},\"logo\":{\"@id\":\"https:\\\/\\\/secure.gravatar.com\\\/avatar\\\/014d9b9a971f617638f4298cbb55f92d20b3bf0d1c9cc32f65333b2769bcf867?s=96&d=blank&r=g\"}},{\"@type\":\"Person\",\"@id\":\"https:\\\/\\\/reiseblock.ch\\\/wordpress\\\/#\\\/schema\\\/person\\\/739b103f8e7941f579794d17e2187721\",\"name\":\"admin\",\"image\":{\"@type\":\"ImageObject\",\"inLanguage\":\"de\",\"@id\":\"https:\\\/\\\/secure.gravatar.com\\\/avatar\\\/a0f702f22ecd58ce02800a54cb2055cabe1fa8d7cf75ab377ce2f2b8503f188c?s=96&d=blank&r=g\",\"url\":\"https:\\\/\\\/secure.gravatar.com\\\/avatar\\\/a0f702f22ecd58ce02800a54cb2055cabe1fa8d7cf75ab377ce2f2b8503f188c?s=96&d=blank&r=g\",\"contentUrl\":\"https:\\\/\\\/secure.gravatar.com\\\/avatar\\\/a0f702f22ecd58ce02800a54cb2055cabe1fa8d7cf75ab377ce2f2b8503f188c?s=96&d=blank&r=g\",\"caption\":\"admin\"},\"url\":\"https:\\\/\\\/reiseblock.ch\\\/wordpress\\\/author\\\/admin\\\/\"}]}<\/script>\n<!-- \/ Yoast SEO plugin. -->","yoast_head_json":{"title":"Naturabenteuer Spreewald &#8211; Reiseblock","robots":{"index":"index","follow":"follow","max-snippet":"max-snippet:-1","max-image-preview":"max-image-preview:large","max-video-preview":"max-video-preview:-1"},"canonical":"https:\/\/reiseblock.ch\/wordpress\/unterwegs-im-spreewald\/","og_locale":"de_DE","og_type":"article","og_title":"Naturabenteuer Spreewald &#8211; Reiseblock","og_description":"Es war eines der grossen Reiseerlebnisse des Sommers. Eher zuf\u00e4llig auf der Durchreise von Konstanz nach Berlin entdeckt: der Spreewald. Bis anhin mit nicht viel [...]","og_url":"https:\/\/reiseblock.ch\/wordpress\/unterwegs-im-spreewald\/","og_site_name":"Reiseblock","article_published_time":"2015-08-24T08:55:06+00:00","article_modified_time":"2017-05-23T15:54:07+00:00","og_image":[{"width":1000,"height":747,"url":"https:\/\/reiseblock.ch\/wordpress\/wp-content\/uploads\/2015\/08\/Spreewald-e1495554834992.jpg","type":"image\/jpeg"}],"author":"admin","twitter_misc":{"Verfasst von":"admin","Gesch\u00e4tzte Lesezeit":"2\u00a0Minuten"},"schema":{"@context":"https:\/\/schema.org","@graph":[{"@type":"Article","@id":"https:\/\/reiseblock.ch\/wordpress\/unterwegs-im-spreewald\/#article","isPartOf":{"@id":"https:\/\/reiseblock.ch\/wordpress\/unterwegs-im-spreewald\/"},"author":{"name":"admin","@id":"https:\/\/reiseblock.ch\/wordpress\/#\/schema\/person\/739b103f8e7941f579794d17e2187721"},"headline":"Naturabenteuer Spreewald","datePublished":"2015-08-24T08:55:06+00:00","dateModified":"2017-05-23T15:54:07+00:00","mainEntityOfPage":{"@id":"https:\/\/reiseblock.ch\/wordpress\/unterwegs-im-spreewald\/"},"wordCount":312,"commentCount":0,"publisher":{"@id":"https:\/\/reiseblock.ch\/wordpress\/#\/schema\/person\/eafba14374f16d5fa4f73efd49243014"},"image":{"@id":"https:\/\/reiseblock.ch\/wordpress\/unterwegs-im-spreewald\/#primaryimage"},"thumbnailUrl":"https:\/\/reiseblock.ch\/wordpress\/wp-content\/uploads\/2015\/08\/Spreewald-e1495554834992.jpg","keywords":["DDR","Deutschland","Spreewald"],"articleSection":["Erlebt"],"inLanguage":"de","potentialAction":[{"@type":"CommentAction","name":"Comment","target":["https:\/\/reiseblock.ch\/wordpress\/unterwegs-im-spreewald\/#respond"]}]},{"@type":"WebPage","@id":"https:\/\/reiseblock.ch\/wordpress\/unterwegs-im-spreewald\/","url":"https:\/\/reiseblock.ch\/wordpress\/unterwegs-im-spreewald\/","name":"Naturabenteuer Spreewald &#8211; Reiseblock","isPartOf":{"@id":"https:\/\/reiseblock.ch\/wordpress\/#website"},"primaryImageOfPage":{"@id":"https:\/\/reiseblock.ch\/wordpress\/unterwegs-im-spreewald\/#primaryimage"},"image":{"@id":"https:\/\/reiseblock.ch\/wordpress\/unterwegs-im-spreewald\/#primaryimage"},"thumbnailUrl":"https:\/\/reiseblock.ch\/wordpress\/wp-content\/uploads\/2015\/08\/Spreewald-e1495554834992.jpg","datePublished":"2015-08-24T08:55:06+00:00","dateModified":"2017-05-23T15:54:07+00:00","breadcrumb":{"@id":"https:\/\/reiseblock.ch\/wordpress\/unterwegs-im-spreewald\/#breadcrumb"},"inLanguage":"de","potentialAction":[{"@type":"ReadAction","target":["https:\/\/reiseblock.ch\/wordpress\/unterwegs-im-spreewald\/"]}]},{"@type":"ImageObject","inLanguage":"de","@id":"https:\/\/reiseblock.ch\/wordpress\/unterwegs-im-spreewald\/#primaryimage","url":"https:\/\/reiseblock.ch\/wordpress\/wp-content\/uploads\/2015\/08\/Spreewald-e1495554834992.jpg","contentUrl":"https:\/\/reiseblock.ch\/wordpress\/wp-content\/uploads\/2015\/08\/Spreewald-e1495554834992.jpg","width":1000,"height":747,"caption":"Idylle im Spreewald"},{"@type":"BreadcrumbList","@id":"https:\/\/reiseblock.ch\/wordpress\/unterwegs-im-spreewald\/#breadcrumb","itemListElement":[{"@type":"ListItem","position":1,"name":"Home","item":"https:\/\/reiseblock.ch\/wordpress\/"},{"@type":"ListItem","position":2,"name":"Naturabenteuer Spreewald"}]},{"@type":"WebSite","@id":"https:\/\/reiseblock.ch\/wordpress\/#website","url":"https:\/\/reiseblock.ch\/wordpress\/","name":"Reiseblock","description":"Ursula Kohlers ReiseWeise","publisher":{"@id":"https:\/\/reiseblock.ch\/wordpress\/#\/schema\/person\/eafba14374f16d5fa4f73efd49243014"},"potentialAction":[{"@type":"SearchAction","target":{"@type":"EntryPoint","urlTemplate":"https:\/\/reiseblock.ch\/wordpress\/?s={search_term_string}"},"query-input":{"@type":"PropertyValueSpecification","valueRequired":true,"valueName":"search_term_string"}}],"inLanguage":"de"},{"@type":["Person","Organization"],"@id":"https:\/\/reiseblock.ch\/wordpress\/#\/schema\/person\/eafba14374f16d5fa4f73efd49243014","name":"Ursula Kohler","image":{"@type":"ImageObject","inLanguage":"de","@id":"https:\/\/secure.gravatar.com\/avatar\/014d9b9a971f617638f4298cbb55f92d20b3bf0d1c9cc32f65333b2769bcf867?s=96&d=blank&r=g","url":"https:\/\/secure.gravatar.com\/avatar\/014d9b9a971f617638f4298cbb55f92d20b3bf0d1c9cc32f65333b2769bcf867?s=96&d=blank&r=g","contentUrl":"https:\/\/secure.gravatar.com\/avatar\/014d9b9a971f617638f4298cbb55f92d20b3bf0d1c9cc32f65333b2769bcf867?s=96&d=blank&r=g","caption":"Ursula Kohler"},"logo":{"@id":"https:\/\/secure.gravatar.com\/avatar\/014d9b9a971f617638f4298cbb55f92d20b3bf0d1c9cc32f65333b2769bcf867?s=96&d=blank&r=g"}},{"@type":"Person","@id":"https:\/\/reiseblock.ch\/wordpress\/#\/schema\/person\/739b103f8e7941f579794d17e2187721","name":"admin","image":{"@type":"ImageObject","inLanguage":"de","@id":"https:\/\/secure.gravatar.com\/avatar\/a0f702f22ecd58ce02800a54cb2055cabe1fa8d7cf75ab377ce2f2b8503f188c?s=96&d=blank&r=g","url":"https:\/\/secure.gravatar.com\/avatar\/a0f702f22ecd58ce02800a54cb2055cabe1fa8d7cf75ab377ce2f2b8503f188c?s=96&d=blank&r=g","contentUrl":"https:\/\/secure.gravatar.com\/avatar\/a0f702f22ecd58ce02800a54cb2055cabe1fa8d7cf75ab377ce2f2b8503f188c?s=96&d=blank&r=g","caption":"admin"},"url":"https:\/\/reiseblock.ch\/wordpress\/author\/admin\/"}]}},"_links":{"self":[{"href":"https:\/\/reiseblock.ch\/wordpress\/wp-json\/wp\/v2\/posts\/1343","targetHints":{"allow":["GET"]}}],"collection":[{"href":"https:\/\/reiseblock.ch\/wordpress\/wp-json\/wp\/v2\/posts"}],"about":[{"href":"https:\/\/reiseblock.ch\/wordpress\/wp-json\/wp\/v2\/types\/post"}],"author":[{"embeddable":true,"href":"https:\/\/reiseblock.ch\/wordpress\/wp-json\/wp\/v2\/users\/1"}],"replies":[{"embeddable":true,"href":"https:\/\/reiseblock.ch\/wordpress\/wp-json\/wp\/v2\/comments?post=1343"}],"version-history":[{"count":10,"href":"https:\/\/reiseblock.ch\/wordpress\/wp-json\/wp\/v2\/posts\/1343\/revisions"}],"predecessor-version":[{"id":1781,"href":"https:\/\/reiseblock.ch\/wordpress\/wp-json\/wp\/v2\/posts\/1343\/revisions\/1781"}],"wp:featuredmedia":[{"embeddable":true,"href":"https:\/\/reiseblock.ch\/wordpress\/wp-json\/wp\/v2\/media\/1346"}],"wp:attachment":[{"href":"https:\/\/reiseblock.ch\/wordpress\/wp-json\/wp\/v2\/media?parent=1343"}],"wp:term":[{"taxonomy":"category","embeddable":true,"href":"https:\/\/reiseblock.ch\/wordpress\/wp-json\/wp\/v2\/categories?post=1343"},{"taxonomy":"post_tag","embeddable":true,"href":"https:\/\/reiseblock.ch\/wordpress\/wp-json\/wp\/v2\/tags?post=1343"}],"curies":[{"name":"wp","href":"https:\/\/api.w.org\/{rel}","templated":true}]}}