{"id":1321,"date":"2015-07-30T21:33:56","date_gmt":"2015-07-30T19:33:56","guid":{"rendered":"http:\/\/reiseblock.ch\/wordpress\/?p=1321"},"modified":"2017-05-23T17:55:23","modified_gmt":"2017-05-23T15:55:23","slug":"weimar-vielseitig","status":"publish","type":"post","link":"https:\/\/reiseblock.ch\/wordpress\/weimar-vielseitig\/","title":{"rendered":"Vielseitiger Besuch in der deutschen Kulturstadt Weimar"},"content":{"rendered":"<div id=\"attachment_1327\" style=\"width: 710px\" class=\"wp-caption alignleft\"><a href=\"http:\/\/reiseblock.ch\/wordpress\/wp-content\/uploads\/2015\/07\/IMG_0184-0.jpg\"><img loading=\"lazy\" decoding=\"async\" aria-describedby=\"caption-attachment-1327\" class=\"wp-image-1327 size-large\" src=\"http:\/\/reiseblock.ch\/wordpress\/wp-content\/uploads\/2015\/07\/IMG_0184-0-1024x765.jpg\" alt=\"Schille und Goethe in Weimar\" width=\"700\" height=\"523\" srcset=\"https:\/\/reiseblock.ch\/wordpress\/wp-content\/uploads\/2015\/07\/IMG_0184-0-1024x765.jpg 1024w, https:\/\/reiseblock.ch\/wordpress\/wp-content\/uploads\/2015\/07\/IMG_0184-0-300x224.jpg 300w\" sizes=\"auto, (max-width: 700px) 100vw, 700px\" \/><\/a><p id=\"caption-attachment-1327\" class=\"wp-caption-text\">Schille und Goethe in Weimar<\/p><\/div>\n<p><span style=\"font-size: 14pt; font-family: Times New Roman,Times;\">Weimar stand immer schon auf der Wunschliste. Als Erstes in <a href=\"http:\/\/www.klassik-stiftung.de\/index.php?id=89\" target=\"_blank\" rel=\"noopener noreferrer\">Goethes Wohnhaus<\/a>. Das ist eindr\u00fccklich. Vor allem das Arbeitszimmer und die riesige Bibliothek. Die Gr\u00f6sse des Hauses mitten im Zentrum. Das Vorderhaus zum Repr\u00e4sentieren, das Hinterhaus, in dem er mit seiner Familie gelebt hat. <\/span><\/p>\n<p><span style=\"font-family: Times New Roman,Times; font-size: 14pt;\"><!--more--><\/span><\/p>\n<p><span style=\"font-size: 14pt; font-family: Times New Roman,Times;\">Goethe war ein Universalgelehrter, seine Steinsammlung zum Beispiel \u00fcberragt seine B\u00fcchersammlung um das Doppelte.<\/span><\/p>\n<p><span style=\"font-size: 14pt; font-family: Times New Roman,Times;\">Wer sich noch mehr f\u00fcr Ber\u00fchmtheiten interessiert, findet in Weimar Schiller ebenso wie Nietzsche. Aber es gibt in Weimar noch mehr: das <a href=\"http:\/\/www.klassik-stiftung.de\/einrichtungen\/museen\/bauhaus-museum-weimar\/\" target=\"_blank\" rel=\"noopener noreferrer\">Bauhausmuseum<\/a>. Die Geschichte der k\u00fcnstlerischen Avantgarde Anfang letzten Jahrhunderts fasziniert. Knapp 20 Kilometer entfernt liegt die Stadt <a href=\"http:\/\/www.erfurt-tourismus.de\/home\/\" target=\"_blank\" rel=\"noopener noreferrer\">Erfurt <\/a>mit einer bezaubernden Altstadt. Erfurt wirkt lebendiger als Weimar, weniger bewahrend. Aber nahe von Weimar liegt auch das Konzentrationslager <a href=\"http:\/\/www.buchenwald.de\/69\/\" target=\"_blank\" rel=\"noopener noreferrer\">Buchenwald<\/a>, das wir an einem ruhigen Montag besuchen. Mit den Informationen dazu im Ohr gehen wir still und betroffen \u00fcber das Gel\u00e4nde. Unvorstellbar, welches menschliche Verbrechen auf diesem Boden geschehen ist, wie viel Leid die Menschen erdulden mussten! Wir brauchen einige Zeit, bis wir wieder in der Gegenwart angekommen sind.\u00a0<\/span><\/p>\n","protected":false},"excerpt":{"rendered":"<p>Weimar stand immer schon auf der Wunschliste. Als Erstes in Goethes Wohnhaus. Das ist eindr\u00fccklich. Vor allem das Arbeitszimmer und die riesige Bibliothek. Die Gr\u00f6sse [&#8230;]<\/p>\n","protected":false},"author":1,"featured_media":1327,"comment_status":"open","ping_status":"open","sticky":false,"template":"","format":"standard","meta":{"footnotes":""},"categories":[10],"tags":[170,171,168,169,167],"class_list":["post-1321","post","type-post","status-publish","format-standard","has-post-thumbnail","hentry","category-erlebt","tag-bauhaus","tag-buchenwald","tag-goethe","tag-schiller","tag-weimar"],"yoast_head":"<!-- This site is optimized with the Yoast SEO plugin v27.8 - https:\/\/yoast.com\/product\/yoast-seo-wordpress\/ -->\n<title>Vielseitiger Besuch in der deutschen Kulturstadt Weimar &#8211; Reiseblock<\/title>\n<meta name=\"description\" content=\"Weimar bietet Kulturinteressierten ein volles Programm: Goethe, Schiller, Bauhaus usw. Nicht zu vergessen die h\u00fcbsche Altstadt.\" \/>\n<meta name=\"robots\" content=\"index, follow, max-snippet:-1, max-image-preview:large, max-video-preview:-1\" \/>\n<link rel=\"canonical\" href=\"https:\/\/reiseblock.ch\/wordpress\/weimar-vielseitig\/\" \/>\n<meta property=\"og:locale\" content=\"de_DE\" \/>\n<meta property=\"og:type\" content=\"article\" \/>\n<meta property=\"og:title\" content=\"Vielseitiger Besuch in der deutschen Kulturstadt Weimar &#8211; Reiseblock\" \/>\n<meta property=\"og:description\" content=\"Weimar bietet Kulturinteressierten ein volles Programm: Goethe, Schiller, Bauhaus usw. Nicht zu vergessen die h\u00fcbsche Altstadt.\" \/>\n<meta property=\"og:url\" content=\"https:\/\/reiseblock.ch\/wordpress\/weimar-vielseitig\/\" \/>\n<meta property=\"og:site_name\" content=\"Reiseblock\" \/>\n<meta property=\"article:published_time\" content=\"2015-07-30T19:33:56+00:00\" \/>\n<meta property=\"article:modified_time\" content=\"2017-05-23T15:55:23+00:00\" \/>\n<meta property=\"og:image\" content=\"https:\/\/reiseblock.ch\/wordpress\/wp-content\/uploads\/2015\/07\/IMG_0184-0.jpg\" \/>\n\t<meta property=\"og:image:width\" content=\"2592\" \/>\n\t<meta property=\"og:image:height\" content=\"1936\" \/>\n\t<meta property=\"og:image:type\" content=\"image\/jpeg\" \/>\n<meta name=\"author\" content=\"admin\" \/>\n<meta name=\"twitter:label1\" content=\"Verfasst von\" \/>\n\t<meta name=\"twitter:data1\" content=\"admin\" \/>\n\t<meta name=\"twitter:label2\" content=\"Gesch\u00e4tzte Lesezeit\" \/>\n\t<meta name=\"twitter:data2\" content=\"1\u00a0Minute\" \/>\n<script type=\"application\/ld+json\" class=\"yoast-schema-graph\">{\"@context\":\"https:\\\/\\\/schema.org\",\"@graph\":[{\"@type\":\"Article\",\"@id\":\"https:\\\/\\\/reiseblock.ch\\\/wordpress\\\/weimar-vielseitig\\\/#article\",\"isPartOf\":{\"@id\":\"https:\\\/\\\/reiseblock.ch\\\/wordpress\\\/weimar-vielseitig\\\/\"},\"author\":{\"name\":\"admin\",\"@id\":\"https:\\\/\\\/reiseblock.ch\\\/wordpress\\\/#\\\/schema\\\/person\\\/739b103f8e7941f579794d17e2187721\"},\"headline\":\"Vielseitiger Besuch in der deutschen Kulturstadt Weimar\",\"datePublished\":\"2015-07-30T19:33:56+00:00\",\"dateModified\":\"2017-05-23T15:55:23+00:00\",\"mainEntityOfPage\":{\"@id\":\"https:\\\/\\\/reiseblock.ch\\\/wordpress\\\/weimar-vielseitig\\\/\"},\"wordCount\":193,\"commentCount\":0,\"publisher\":{\"@id\":\"https:\\\/\\\/reiseblock.ch\\\/wordpress\\\/#\\\/schema\\\/person\\\/eafba14374f16d5fa4f73efd49243014\"},\"image\":{\"@id\":\"https:\\\/\\\/reiseblock.ch\\\/wordpress\\\/weimar-vielseitig\\\/#primaryimage\"},\"thumbnailUrl\":\"https:\\\/\\\/reiseblock.ch\\\/wordpress\\\/wp-content\\\/uploads\\\/2015\\\/07\\\/IMG_0184-0.jpg\",\"keywords\":[\"Bauhaus\",\"Buchenwald\",\"Goethe\",\"Schiller\",\"Weimar\"],\"articleSection\":[\"Erlebt\"],\"inLanguage\":\"de\",\"potentialAction\":[{\"@type\":\"CommentAction\",\"name\":\"Comment\",\"target\":[\"https:\\\/\\\/reiseblock.ch\\\/wordpress\\\/weimar-vielseitig\\\/#respond\"]}]},{\"@type\":\"WebPage\",\"@id\":\"https:\\\/\\\/reiseblock.ch\\\/wordpress\\\/weimar-vielseitig\\\/\",\"url\":\"https:\\\/\\\/reiseblock.ch\\\/wordpress\\\/weimar-vielseitig\\\/\",\"name\":\"Vielseitiger Besuch in der deutschen Kulturstadt Weimar &#8211; Reiseblock\",\"isPartOf\":{\"@id\":\"https:\\\/\\\/reiseblock.ch\\\/wordpress\\\/#website\"},\"primaryImageOfPage\":{\"@id\":\"https:\\\/\\\/reiseblock.ch\\\/wordpress\\\/weimar-vielseitig\\\/#primaryimage\"},\"image\":{\"@id\":\"https:\\\/\\\/reiseblock.ch\\\/wordpress\\\/weimar-vielseitig\\\/#primaryimage\"},\"thumbnailUrl\":\"https:\\\/\\\/reiseblock.ch\\\/wordpress\\\/wp-content\\\/uploads\\\/2015\\\/07\\\/IMG_0184-0.jpg\",\"datePublished\":\"2015-07-30T19:33:56+00:00\",\"dateModified\":\"2017-05-23T15:55:23+00:00\",\"description\":\"Weimar bietet Kulturinteressierten ein volles Programm: Goethe, Schiller, Bauhaus usw. Nicht zu vergessen die h\u00fcbsche Altstadt.\",\"breadcrumb\":{\"@id\":\"https:\\\/\\\/reiseblock.ch\\\/wordpress\\\/weimar-vielseitig\\\/#breadcrumb\"},\"inLanguage\":\"de\",\"potentialAction\":[{\"@type\":\"ReadAction\",\"target\":[\"https:\\\/\\\/reiseblock.ch\\\/wordpress\\\/weimar-vielseitig\\\/\"]}]},{\"@type\":\"ImageObject\",\"inLanguage\":\"de\",\"@id\":\"https:\\\/\\\/reiseblock.ch\\\/wordpress\\\/weimar-vielseitig\\\/#primaryimage\",\"url\":\"https:\\\/\\\/reiseblock.ch\\\/wordpress\\\/wp-content\\\/uploads\\\/2015\\\/07\\\/IMG_0184-0.jpg\",\"contentUrl\":\"https:\\\/\\\/reiseblock.ch\\\/wordpress\\\/wp-content\\\/uploads\\\/2015\\\/07\\\/IMG_0184-0.jpg\",\"width\":2592,\"height\":1936,\"caption\":\"Schille und Goethe in Weimer\"},{\"@type\":\"BreadcrumbList\",\"@id\":\"https:\\\/\\\/reiseblock.ch\\\/wordpress\\\/weimar-vielseitig\\\/#breadcrumb\",\"itemListElement\":[{\"@type\":\"ListItem\",\"position\":1,\"name\":\"Home\",\"item\":\"https:\\\/\\\/reiseblock.ch\\\/wordpress\\\/\"},{\"@type\":\"ListItem\",\"position\":2,\"name\":\"Vielseitiger Besuch in der deutschen Kulturstadt Weimar\"}]},{\"@type\":\"WebSite\",\"@id\":\"https:\\\/\\\/reiseblock.ch\\\/wordpress\\\/#website\",\"url\":\"https:\\\/\\\/reiseblock.ch\\\/wordpress\\\/\",\"name\":\"Reiseblock\",\"description\":\"Ursula Kohlers ReiseWeise\",\"publisher\":{\"@id\":\"https:\\\/\\\/reiseblock.ch\\\/wordpress\\\/#\\\/schema\\\/person\\\/eafba14374f16d5fa4f73efd49243014\"},\"potentialAction\":[{\"@type\":\"SearchAction\",\"target\":{\"@type\":\"EntryPoint\",\"urlTemplate\":\"https:\\\/\\\/reiseblock.ch\\\/wordpress\\\/?s={search_term_string}\"},\"query-input\":{\"@type\":\"PropertyValueSpecification\",\"valueRequired\":true,\"valueName\":\"search_term_string\"}}],\"inLanguage\":\"de\"},{\"@type\":[\"Person\",\"Organization\"],\"@id\":\"https:\\\/\\\/reiseblock.ch\\\/wordpress\\\/#\\\/schema\\\/person\\\/eafba14374f16d5fa4f73efd49243014\",\"name\":\"Ursula Kohler\",\"image\":{\"@type\":\"ImageObject\",\"inLanguage\":\"de\",\"@id\":\"https:\\\/\\\/secure.gravatar.com\\\/avatar\\\/014d9b9a971f617638f4298cbb55f92d20b3bf0d1c9cc32f65333b2769bcf867?s=96&d=blank&r=g\",\"url\":\"https:\\\/\\\/secure.gravatar.com\\\/avatar\\\/014d9b9a971f617638f4298cbb55f92d20b3bf0d1c9cc32f65333b2769bcf867?s=96&d=blank&r=g\",\"contentUrl\":\"https:\\\/\\\/secure.gravatar.com\\\/avatar\\\/014d9b9a971f617638f4298cbb55f92d20b3bf0d1c9cc32f65333b2769bcf867?s=96&d=blank&r=g\",\"caption\":\"Ursula Kohler\"},\"logo\":{\"@id\":\"https:\\\/\\\/secure.gravatar.com\\\/avatar\\\/014d9b9a971f617638f4298cbb55f92d20b3bf0d1c9cc32f65333b2769bcf867?s=96&d=blank&r=g\"}},{\"@type\":\"Person\",\"@id\":\"https:\\\/\\\/reiseblock.ch\\\/wordpress\\\/#\\\/schema\\\/person\\\/739b103f8e7941f579794d17e2187721\",\"name\":\"admin\",\"image\":{\"@type\":\"ImageObject\",\"inLanguage\":\"de\",\"@id\":\"https:\\\/\\\/secure.gravatar.com\\\/avatar\\\/a0f702f22ecd58ce02800a54cb2055cabe1fa8d7cf75ab377ce2f2b8503f188c?s=96&d=blank&r=g\",\"url\":\"https:\\\/\\\/secure.gravatar.com\\\/avatar\\\/a0f702f22ecd58ce02800a54cb2055cabe1fa8d7cf75ab377ce2f2b8503f188c?s=96&d=blank&r=g\",\"contentUrl\":\"https:\\\/\\\/secure.gravatar.com\\\/avatar\\\/a0f702f22ecd58ce02800a54cb2055cabe1fa8d7cf75ab377ce2f2b8503f188c?s=96&d=blank&r=g\",\"caption\":\"admin\"},\"url\":\"https:\\\/\\\/reiseblock.ch\\\/wordpress\\\/author\\\/admin\\\/\"}]}<\/script>\n<!-- \/ Yoast SEO plugin. -->","yoast_head_json":{"title":"Vielseitiger Besuch in der deutschen Kulturstadt Weimar &#8211; Reiseblock","description":"Weimar bietet Kulturinteressierten ein volles Programm: Goethe, Schiller, Bauhaus usw. Nicht zu vergessen die h\u00fcbsche Altstadt.","robots":{"index":"index","follow":"follow","max-snippet":"max-snippet:-1","max-image-preview":"max-image-preview:large","max-video-preview":"max-video-preview:-1"},"canonical":"https:\/\/reiseblock.ch\/wordpress\/weimar-vielseitig\/","og_locale":"de_DE","og_type":"article","og_title":"Vielseitiger Besuch in der deutschen Kulturstadt Weimar &#8211; Reiseblock","og_description":"Weimar bietet Kulturinteressierten ein volles Programm: Goethe, Schiller, Bauhaus usw. Nicht zu vergessen die h\u00fcbsche Altstadt.","og_url":"https:\/\/reiseblock.ch\/wordpress\/weimar-vielseitig\/","og_site_name":"Reiseblock","article_published_time":"2015-07-30T19:33:56+00:00","article_modified_time":"2017-05-23T15:55:23+00:00","og_image":[{"width":2592,"height":1936,"url":"https:\/\/reiseblock.ch\/wordpress\/wp-content\/uploads\/2015\/07\/IMG_0184-0.jpg","type":"image\/jpeg"}],"author":"admin","twitter_misc":{"Verfasst von":"admin","Gesch\u00e4tzte Lesezeit":"1\u00a0Minute"},"schema":{"@context":"https:\/\/schema.org","@graph":[{"@type":"Article","@id":"https:\/\/reiseblock.ch\/wordpress\/weimar-vielseitig\/#article","isPartOf":{"@id":"https:\/\/reiseblock.ch\/wordpress\/weimar-vielseitig\/"},"author":{"name":"admin","@id":"https:\/\/reiseblock.ch\/wordpress\/#\/schema\/person\/739b103f8e7941f579794d17e2187721"},"headline":"Vielseitiger Besuch in der deutschen Kulturstadt Weimar","datePublished":"2015-07-30T19:33:56+00:00","dateModified":"2017-05-23T15:55:23+00:00","mainEntityOfPage":{"@id":"https:\/\/reiseblock.ch\/wordpress\/weimar-vielseitig\/"},"wordCount":193,"commentCount":0,"publisher":{"@id":"https:\/\/reiseblock.ch\/wordpress\/#\/schema\/person\/eafba14374f16d5fa4f73efd49243014"},"image":{"@id":"https:\/\/reiseblock.ch\/wordpress\/weimar-vielseitig\/#primaryimage"},"thumbnailUrl":"https:\/\/reiseblock.ch\/wordpress\/wp-content\/uploads\/2015\/07\/IMG_0184-0.jpg","keywords":["Bauhaus","Buchenwald","Goethe","Schiller","Weimar"],"articleSection":["Erlebt"],"inLanguage":"de","potentialAction":[{"@type":"CommentAction","name":"Comment","target":["https:\/\/reiseblock.ch\/wordpress\/weimar-vielseitig\/#respond"]}]},{"@type":"WebPage","@id":"https:\/\/reiseblock.ch\/wordpress\/weimar-vielseitig\/","url":"https:\/\/reiseblock.ch\/wordpress\/weimar-vielseitig\/","name":"Vielseitiger Besuch in der deutschen Kulturstadt Weimar &#8211; Reiseblock","isPartOf":{"@id":"https:\/\/reiseblock.ch\/wordpress\/#website"},"primaryImageOfPage":{"@id":"https:\/\/reiseblock.ch\/wordpress\/weimar-vielseitig\/#primaryimage"},"image":{"@id":"https:\/\/reiseblock.ch\/wordpress\/weimar-vielseitig\/#primaryimage"},"thumbnailUrl":"https:\/\/reiseblock.ch\/wordpress\/wp-content\/uploads\/2015\/07\/IMG_0184-0.jpg","datePublished":"2015-07-30T19:33:56+00:00","dateModified":"2017-05-23T15:55:23+00:00","description":"Weimar bietet Kulturinteressierten ein volles Programm: Goethe, Schiller, Bauhaus usw. Nicht zu vergessen die h\u00fcbsche Altstadt.","breadcrumb":{"@id":"https:\/\/reiseblock.ch\/wordpress\/weimar-vielseitig\/#breadcrumb"},"inLanguage":"de","potentialAction":[{"@type":"ReadAction","target":["https:\/\/reiseblock.ch\/wordpress\/weimar-vielseitig\/"]}]},{"@type":"ImageObject","inLanguage":"de","@id":"https:\/\/reiseblock.ch\/wordpress\/weimar-vielseitig\/#primaryimage","url":"https:\/\/reiseblock.ch\/wordpress\/wp-content\/uploads\/2015\/07\/IMG_0184-0.jpg","contentUrl":"https:\/\/reiseblock.ch\/wordpress\/wp-content\/uploads\/2015\/07\/IMG_0184-0.jpg","width":2592,"height":1936,"caption":"Schille und Goethe in Weimer"},{"@type":"BreadcrumbList","@id":"https:\/\/reiseblock.ch\/wordpress\/weimar-vielseitig\/#breadcrumb","itemListElement":[{"@type":"ListItem","position":1,"name":"Home","item":"https:\/\/reiseblock.ch\/wordpress\/"},{"@type":"ListItem","position":2,"name":"Vielseitiger Besuch in der deutschen Kulturstadt Weimar"}]},{"@type":"WebSite","@id":"https:\/\/reiseblock.ch\/wordpress\/#website","url":"https:\/\/reiseblock.ch\/wordpress\/","name":"Reiseblock","description":"Ursula Kohlers ReiseWeise","publisher":{"@id":"https:\/\/reiseblock.ch\/wordpress\/#\/schema\/person\/eafba14374f16d5fa4f73efd49243014"},"potentialAction":[{"@type":"SearchAction","target":{"@type":"EntryPoint","urlTemplate":"https:\/\/reiseblock.ch\/wordpress\/?s={search_term_string}"},"query-input":{"@type":"PropertyValueSpecification","valueRequired":true,"valueName":"search_term_string"}}],"inLanguage":"de"},{"@type":["Person","Organization"],"@id":"https:\/\/reiseblock.ch\/wordpress\/#\/schema\/person\/eafba14374f16d5fa4f73efd49243014","name":"Ursula Kohler","image":{"@type":"ImageObject","inLanguage":"de","@id":"https:\/\/secure.gravatar.com\/avatar\/014d9b9a971f617638f4298cbb55f92d20b3bf0d1c9cc32f65333b2769bcf867?s=96&d=blank&r=g","url":"https:\/\/secure.gravatar.com\/avatar\/014d9b9a971f617638f4298cbb55f92d20b3bf0d1c9cc32f65333b2769bcf867?s=96&d=blank&r=g","contentUrl":"https:\/\/secure.gravatar.com\/avatar\/014d9b9a971f617638f4298cbb55f92d20b3bf0d1c9cc32f65333b2769bcf867?s=96&d=blank&r=g","caption":"Ursula Kohler"},"logo":{"@id":"https:\/\/secure.gravatar.com\/avatar\/014d9b9a971f617638f4298cbb55f92d20b3bf0d1c9cc32f65333b2769bcf867?s=96&d=blank&r=g"}},{"@type":"Person","@id":"https:\/\/reiseblock.ch\/wordpress\/#\/schema\/person\/739b103f8e7941f579794d17e2187721","name":"admin","image":{"@type":"ImageObject","inLanguage":"de","@id":"https:\/\/secure.gravatar.com\/avatar\/a0f702f22ecd58ce02800a54cb2055cabe1fa8d7cf75ab377ce2f2b8503f188c?s=96&d=blank&r=g","url":"https:\/\/secure.gravatar.com\/avatar\/a0f702f22ecd58ce02800a54cb2055cabe1fa8d7cf75ab377ce2f2b8503f188c?s=96&d=blank&r=g","contentUrl":"https:\/\/secure.gravatar.com\/avatar\/a0f702f22ecd58ce02800a54cb2055cabe1fa8d7cf75ab377ce2f2b8503f188c?s=96&d=blank&r=g","caption":"admin"},"url":"https:\/\/reiseblock.ch\/wordpress\/author\/admin\/"}]}},"_links":{"self":[{"href":"https:\/\/reiseblock.ch\/wordpress\/wp-json\/wp\/v2\/posts\/1321","targetHints":{"allow":["GET"]}}],"collection":[{"href":"https:\/\/reiseblock.ch\/wordpress\/wp-json\/wp\/v2\/posts"}],"about":[{"href":"https:\/\/reiseblock.ch\/wordpress\/wp-json\/wp\/v2\/types\/post"}],"author":[{"embeddable":true,"href":"https:\/\/reiseblock.ch\/wordpress\/wp-json\/wp\/v2\/users\/1"}],"replies":[{"embeddable":true,"href":"https:\/\/reiseblock.ch\/wordpress\/wp-json\/wp\/v2\/comments?post=1321"}],"version-history":[{"count":14,"href":"https:\/\/reiseblock.ch\/wordpress\/wp-json\/wp\/v2\/posts\/1321\/revisions"}],"predecessor-version":[{"id":1782,"href":"https:\/\/reiseblock.ch\/wordpress\/wp-json\/wp\/v2\/posts\/1321\/revisions\/1782"}],"wp:featuredmedia":[{"embeddable":true,"href":"https:\/\/reiseblock.ch\/wordpress\/wp-json\/wp\/v2\/media\/1327"}],"wp:attachment":[{"href":"https:\/\/reiseblock.ch\/wordpress\/wp-json\/wp\/v2\/media?parent=1321"}],"wp:term":[{"taxonomy":"category","embeddable":true,"href":"https:\/\/reiseblock.ch\/wordpress\/wp-json\/wp\/v2\/categories?post=1321"},{"taxonomy":"post_tag","embeddable":true,"href":"https:\/\/reiseblock.ch\/wordpress\/wp-json\/wp\/v2\/tags?post=1321"}],"curies":[{"name":"wp","href":"https:\/\/api.w.org\/{rel}","templated":true}]}}