{"id":1313,"date":"2015-07-27T23:31:52","date_gmt":"2015-07-27T21:31:52","guid":{"rendered":"http:\/\/reiseblock.ch\/wordpress\/?p=1313"},"modified":"2017-05-23T17:57:07","modified_gmt":"2017-05-23T15:57:07","slug":"in-der-fraenkischen-schweiz","status":"publish","type":"post","link":"https:\/\/reiseblock.ch\/wordpress\/in-der-fraenkischen-schweiz\/","title":{"rendered":"Die Fr\u00e4nkische Schweiz bietet vielseitige Besuchstage"},"content":{"rendered":"<div id=\"attachment_1312\" style=\"width: 710px\" class=\"wp-caption alignleft\"><a href=\"http:\/\/reiseblock.ch\/wordpress\/wp-content\/uploads\/2015\/07\/IMG_0175-1.jpg\"><img loading=\"lazy\" decoding=\"async\" aria-describedby=\"caption-attachment-1312\" class=\"wp-image-1312 size-large\" src=\"http:\/\/reiseblock.ch\/wordpress\/wp-content\/uploads\/2015\/07\/IMG_0175-1-1024x765.jpg\" alt=\"Die Fr\u00e4nkische Schweiz mit der Burg Gr\u00f6\u00dfweinstein\" width=\"700\" height=\"523\" srcset=\"https:\/\/reiseblock.ch\/wordpress\/wp-content\/uploads\/2015\/07\/IMG_0175-1-1024x765.jpg 1024w, https:\/\/reiseblock.ch\/wordpress\/wp-content\/uploads\/2015\/07\/IMG_0175-1-300x224.jpg 300w\" sizes=\"auto, (max-width: 700px) 100vw, 700px\" \/><\/a><p id=\"caption-attachment-1312\" class=\"wp-caption-text\">Die Fr\u00e4nkische Schweiz mit der Burg Gr\u00f6\u00dfweinstein<\/p><\/div>\n<p><span style=\"font-size: 12pt; font-family: Book Antiqua,Palatino;\">N\u00f6rdlich von N\u00fcrnberg liegt die <a href=\"http:\/\/www.fraenkische-schweiz.com\" target=\"_blank\" rel=\"noopener noreferrer\">Fr\u00e4nkische Schweiz<\/a>.\u00a0Die Meinungen, wie interessant diese Gegend f\u00fcr uns ist, gingen vor der der Abreise auseinander. So richtig konnten wir uns unter dieser Landschaft auch nichts vorstellen.<\/span><\/p>\n<p><span style=\"font-family: Book Antiqua,Palatino; font-size: 12pt;\"><!--more--><\/span><\/p>\n<p><span style=\"font-size: 12pt; font-family: Book Antiqua,Palatino;\">Wir wussten: es gibt Burgen und Schl\u00f6sser, H\u00f6hlen und Felsen, Kunst- und Wanderwege &#8230;<\/span><\/p>\n<p><span style=\"font-size: 12pt; font-family: Book Antiqua,Palatino;\">Um es kurz zu machen: Die kleine Ortschaft <a href=\"http:\/\/www.fraenkische-schweiz.com\/gemeinden\/pottenstein.html\" target=\"_blank\" rel=\"noopener noreferrer\">Pottenstein<\/a> mitten in der Fr\u00e4nkischen Schweiz ist sehr h\u00fcbsch und bietet viel: ein pittoreskes Altst\u00e4dtchen, eine Burg, die <a href=\"http:\/\/www.teufelshoehle.de\/\" target=\"_blank\" rel=\"noopener noreferrer\">Teufelsh\u00f6hle<\/a>, ein Felsenbad, einen Kletterpark, eine Rodelbahn &#8230; Rundherum gibt es noch viel mehr zu entdecken, was wir auf der Durchfahrt nicht gesehen haben. Mit M\u00fch und Not haben wir in Gr\u00f6\u00dfweinstein spontan eine Unterkunft gefunden, hier aber den Charme von Pottenstein vermisst. Das Wandern sparen wir uns f\u00fcr die Schweiz auf und peilen unser n\u00e4chstes Etappenziel an: Weimar.<\/span><\/p>\n","protected":false},"excerpt":{"rendered":"<p>N\u00f6rdlich von N\u00fcrnberg liegt die Fr\u00e4nkische Schweiz.\u00a0Die Meinungen, wie interessant diese Gegend f\u00fcr uns ist, gingen vor der der Abreise auseinander. So richtig konnten wir [&#8230;]<\/p>\n","protected":false},"author":1,"featured_media":1311,"comment_status":"open","ping_status":"open","sticky":false,"template":"","format":"standard","meta":{"footnotes":""},"categories":[10],"tags":[20,166,172],"class_list":["post-1313","post","type-post","status-publish","format-standard","has-post-thumbnail","hentry","category-erlebt","tag-deutschland","tag-fraenkische-schweiz","tag-pottenstein"],"yoast_head":"<!-- This site is optimized with the Yoast SEO plugin v27.8 - https:\/\/yoast.com\/product\/yoast-seo-wordpress\/ -->\n<title>Die Fr\u00e4nkische Schweiz bietet vielseitige Besuchstage &#8211; Reiseblock<\/title>\n<meta name=\"description\" content=\"Die Fr\u00e4nkische Schweiz mit ihren Burgen, Schl\u00f6ssern, H\u00f6hlen, Themenwegen ist definitiv einen Besuch wert.\" \/>\n<meta name=\"robots\" content=\"index, follow, max-snippet:-1, max-image-preview:large, max-video-preview:-1\" \/>\n<link rel=\"canonical\" href=\"https:\/\/reiseblock.ch\/wordpress\/in-der-fraenkischen-schweiz\/\" \/>\n<meta property=\"og:locale\" content=\"de_DE\" \/>\n<meta property=\"og:type\" content=\"article\" \/>\n<meta property=\"og:title\" content=\"Die Fr\u00e4nkische Schweiz bietet vielseitige Besuchstage &#8211; Reiseblock\" \/>\n<meta property=\"og:description\" content=\"Die Fr\u00e4nkische Schweiz mit ihren Burgen, Schl\u00f6ssern, H\u00f6hlen, Themenwegen ist definitiv einen Besuch wert.\" \/>\n<meta property=\"og:url\" content=\"https:\/\/reiseblock.ch\/wordpress\/in-der-fraenkischen-schweiz\/\" \/>\n<meta property=\"og:site_name\" content=\"Reiseblock\" \/>\n<meta property=\"article:published_time\" content=\"2015-07-27T21:31:52+00:00\" \/>\n<meta property=\"article:modified_time\" content=\"2017-05-23T15:57:07+00:00\" \/>\n<meta property=\"og:image\" content=\"https:\/\/reiseblock.ch\/wordpress\/wp-content\/uploads\/2015\/07\/IMG_0175-0.jpg\" \/>\n\t<meta property=\"og:image:width\" content=\"2592\" \/>\n\t<meta property=\"og:image:height\" content=\"1936\" \/>\n\t<meta property=\"og:image:type\" content=\"image\/jpeg\" \/>\n<meta name=\"author\" content=\"admin\" \/>\n<meta name=\"twitter:label1\" content=\"Verfasst von\" \/>\n\t<meta name=\"twitter:data1\" content=\"admin\" \/>\n\t<meta name=\"twitter:label2\" content=\"Gesch\u00e4tzte Lesezeit\" \/>\n\t<meta name=\"twitter:data2\" content=\"1\u00a0Minute\" \/>\n<script type=\"application\/ld+json\" class=\"yoast-schema-graph\">{\"@context\":\"https:\\\/\\\/schema.org\",\"@graph\":[{\"@type\":\"Article\",\"@id\":\"https:\\\/\\\/reiseblock.ch\\\/wordpress\\\/in-der-fraenkischen-schweiz\\\/#article\",\"isPartOf\":{\"@id\":\"https:\\\/\\\/reiseblock.ch\\\/wordpress\\\/in-der-fraenkischen-schweiz\\\/\"},\"author\":{\"name\":\"admin\",\"@id\":\"https:\\\/\\\/reiseblock.ch\\\/wordpress\\\/#\\\/schema\\\/person\\\/739b103f8e7941f579794d17e2187721\"},\"headline\":\"Die Fr\u00e4nkische Schweiz bietet vielseitige Besuchstage\",\"datePublished\":\"2015-07-27T21:31:52+00:00\",\"dateModified\":\"2017-05-23T15:57:07+00:00\",\"mainEntityOfPage\":{\"@id\":\"https:\\\/\\\/reiseblock.ch\\\/wordpress\\\/in-der-fraenkischen-schweiz\\\/\"},\"wordCount\":167,\"commentCount\":0,\"publisher\":{\"@id\":\"https:\\\/\\\/reiseblock.ch\\\/wordpress\\\/#\\\/schema\\\/person\\\/eafba14374f16d5fa4f73efd49243014\"},\"image\":{\"@id\":\"https:\\\/\\\/reiseblock.ch\\\/wordpress\\\/in-der-fraenkischen-schweiz\\\/#primaryimage\"},\"thumbnailUrl\":\"https:\\\/\\\/reiseblock.ch\\\/wordpress\\\/wp-content\\\/uploads\\\/2015\\\/07\\\/IMG_0175-0.jpg\",\"keywords\":[\"Deutschland\",\"Fr\u00e4nkische Schweiz\",\"Pottenstein\"],\"articleSection\":[\"Erlebt\"],\"inLanguage\":\"de\",\"potentialAction\":[{\"@type\":\"CommentAction\",\"name\":\"Comment\",\"target\":[\"https:\\\/\\\/reiseblock.ch\\\/wordpress\\\/in-der-fraenkischen-schweiz\\\/#respond\"]}]},{\"@type\":\"WebPage\",\"@id\":\"https:\\\/\\\/reiseblock.ch\\\/wordpress\\\/in-der-fraenkischen-schweiz\\\/\",\"url\":\"https:\\\/\\\/reiseblock.ch\\\/wordpress\\\/in-der-fraenkischen-schweiz\\\/\",\"name\":\"Die Fr\u00e4nkische Schweiz bietet vielseitige Besuchstage &#8211; Reiseblock\",\"isPartOf\":{\"@id\":\"https:\\\/\\\/reiseblock.ch\\\/wordpress\\\/#website\"},\"primaryImageOfPage\":{\"@id\":\"https:\\\/\\\/reiseblock.ch\\\/wordpress\\\/in-der-fraenkischen-schweiz\\\/#primaryimage\"},\"image\":{\"@id\":\"https:\\\/\\\/reiseblock.ch\\\/wordpress\\\/in-der-fraenkischen-schweiz\\\/#primaryimage\"},\"thumbnailUrl\":\"https:\\\/\\\/reiseblock.ch\\\/wordpress\\\/wp-content\\\/uploads\\\/2015\\\/07\\\/IMG_0175-0.jpg\",\"datePublished\":\"2015-07-27T21:31:52+00:00\",\"dateModified\":\"2017-05-23T15:57:07+00:00\",\"description\":\"Die Fr\u00e4nkische Schweiz mit ihren Burgen, Schl\u00f6ssern, H\u00f6hlen, Themenwegen ist definitiv einen Besuch wert.\",\"breadcrumb\":{\"@id\":\"https:\\\/\\\/reiseblock.ch\\\/wordpress\\\/in-der-fraenkischen-schweiz\\\/#breadcrumb\"},\"inLanguage\":\"de\",\"potentialAction\":[{\"@type\":\"ReadAction\",\"target\":[\"https:\\\/\\\/reiseblock.ch\\\/wordpress\\\/in-der-fraenkischen-schweiz\\\/\"]}]},{\"@type\":\"ImageObject\",\"inLanguage\":\"de\",\"@id\":\"https:\\\/\\\/reiseblock.ch\\\/wordpress\\\/in-der-fraenkischen-schweiz\\\/#primaryimage\",\"url\":\"https:\\\/\\\/reiseblock.ch\\\/wordpress\\\/wp-content\\\/uploads\\\/2015\\\/07\\\/IMG_0175-0.jpg\",\"contentUrl\":\"https:\\\/\\\/reiseblock.ch\\\/wordpress\\\/wp-content\\\/uploads\\\/2015\\\/07\\\/IMG_0175-0.jpg\",\"width\":2592,\"height\":1936},{\"@type\":\"BreadcrumbList\",\"@id\":\"https:\\\/\\\/reiseblock.ch\\\/wordpress\\\/in-der-fraenkischen-schweiz\\\/#breadcrumb\",\"itemListElement\":[{\"@type\":\"ListItem\",\"position\":1,\"name\":\"Home\",\"item\":\"https:\\\/\\\/reiseblock.ch\\\/wordpress\\\/\"},{\"@type\":\"ListItem\",\"position\":2,\"name\":\"Die Fr\u00e4nkische Schweiz bietet vielseitige Besuchstage\"}]},{\"@type\":\"WebSite\",\"@id\":\"https:\\\/\\\/reiseblock.ch\\\/wordpress\\\/#website\",\"url\":\"https:\\\/\\\/reiseblock.ch\\\/wordpress\\\/\",\"name\":\"Reiseblock\",\"description\":\"Ursula Kohlers ReiseWeise\",\"publisher\":{\"@id\":\"https:\\\/\\\/reiseblock.ch\\\/wordpress\\\/#\\\/schema\\\/person\\\/eafba14374f16d5fa4f73efd49243014\"},\"potentialAction\":[{\"@type\":\"SearchAction\",\"target\":{\"@type\":\"EntryPoint\",\"urlTemplate\":\"https:\\\/\\\/reiseblock.ch\\\/wordpress\\\/?s={search_term_string}\"},\"query-input\":{\"@type\":\"PropertyValueSpecification\",\"valueRequired\":true,\"valueName\":\"search_term_string\"}}],\"inLanguage\":\"de\"},{\"@type\":[\"Person\",\"Organization\"],\"@id\":\"https:\\\/\\\/reiseblock.ch\\\/wordpress\\\/#\\\/schema\\\/person\\\/eafba14374f16d5fa4f73efd49243014\",\"name\":\"Ursula Kohler\",\"image\":{\"@type\":\"ImageObject\",\"inLanguage\":\"de\",\"@id\":\"https:\\\/\\\/secure.gravatar.com\\\/avatar\\\/014d9b9a971f617638f4298cbb55f92d20b3bf0d1c9cc32f65333b2769bcf867?s=96&d=blank&r=g\",\"url\":\"https:\\\/\\\/secure.gravatar.com\\\/avatar\\\/014d9b9a971f617638f4298cbb55f92d20b3bf0d1c9cc32f65333b2769bcf867?s=96&d=blank&r=g\",\"contentUrl\":\"https:\\\/\\\/secure.gravatar.com\\\/avatar\\\/014d9b9a971f617638f4298cbb55f92d20b3bf0d1c9cc32f65333b2769bcf867?s=96&d=blank&r=g\",\"caption\":\"Ursula Kohler\"},\"logo\":{\"@id\":\"https:\\\/\\\/secure.gravatar.com\\\/avatar\\\/014d9b9a971f617638f4298cbb55f92d20b3bf0d1c9cc32f65333b2769bcf867?s=96&d=blank&r=g\"}},{\"@type\":\"Person\",\"@id\":\"https:\\\/\\\/reiseblock.ch\\\/wordpress\\\/#\\\/schema\\\/person\\\/739b103f8e7941f579794d17e2187721\",\"name\":\"admin\",\"image\":{\"@type\":\"ImageObject\",\"inLanguage\":\"de\",\"@id\":\"https:\\\/\\\/secure.gravatar.com\\\/avatar\\\/a0f702f22ecd58ce02800a54cb2055cabe1fa8d7cf75ab377ce2f2b8503f188c?s=96&d=blank&r=g\",\"url\":\"https:\\\/\\\/secure.gravatar.com\\\/avatar\\\/a0f702f22ecd58ce02800a54cb2055cabe1fa8d7cf75ab377ce2f2b8503f188c?s=96&d=blank&r=g\",\"contentUrl\":\"https:\\\/\\\/secure.gravatar.com\\\/avatar\\\/a0f702f22ecd58ce02800a54cb2055cabe1fa8d7cf75ab377ce2f2b8503f188c?s=96&d=blank&r=g\",\"caption\":\"admin\"},\"url\":\"https:\\\/\\\/reiseblock.ch\\\/wordpress\\\/author\\\/admin\\\/\"}]}<\/script>\n<!-- \/ Yoast SEO plugin. -->","yoast_head_json":{"title":"Die Fr\u00e4nkische Schweiz bietet vielseitige Besuchstage &#8211; Reiseblock","description":"Die Fr\u00e4nkische Schweiz mit ihren Burgen, Schl\u00f6ssern, H\u00f6hlen, Themenwegen ist definitiv einen Besuch wert.","robots":{"index":"index","follow":"follow","max-snippet":"max-snippet:-1","max-image-preview":"max-image-preview:large","max-video-preview":"max-video-preview:-1"},"canonical":"https:\/\/reiseblock.ch\/wordpress\/in-der-fraenkischen-schweiz\/","og_locale":"de_DE","og_type":"article","og_title":"Die Fr\u00e4nkische Schweiz bietet vielseitige Besuchstage &#8211; Reiseblock","og_description":"Die Fr\u00e4nkische Schweiz mit ihren Burgen, Schl\u00f6ssern, H\u00f6hlen, Themenwegen ist definitiv einen Besuch wert.","og_url":"https:\/\/reiseblock.ch\/wordpress\/in-der-fraenkischen-schweiz\/","og_site_name":"Reiseblock","article_published_time":"2015-07-27T21:31:52+00:00","article_modified_time":"2017-05-23T15:57:07+00:00","og_image":[{"width":2592,"height":1936,"url":"https:\/\/reiseblock.ch\/wordpress\/wp-content\/uploads\/2015\/07\/IMG_0175-0.jpg","type":"image\/jpeg"}],"author":"admin","twitter_misc":{"Verfasst von":"admin","Gesch\u00e4tzte Lesezeit":"1\u00a0Minute"},"schema":{"@context":"https:\/\/schema.org","@graph":[{"@type":"Article","@id":"https:\/\/reiseblock.ch\/wordpress\/in-der-fraenkischen-schweiz\/#article","isPartOf":{"@id":"https:\/\/reiseblock.ch\/wordpress\/in-der-fraenkischen-schweiz\/"},"author":{"name":"admin","@id":"https:\/\/reiseblock.ch\/wordpress\/#\/schema\/person\/739b103f8e7941f579794d17e2187721"},"headline":"Die Fr\u00e4nkische Schweiz bietet vielseitige Besuchstage","datePublished":"2015-07-27T21:31:52+00:00","dateModified":"2017-05-23T15:57:07+00:00","mainEntityOfPage":{"@id":"https:\/\/reiseblock.ch\/wordpress\/in-der-fraenkischen-schweiz\/"},"wordCount":167,"commentCount":0,"publisher":{"@id":"https:\/\/reiseblock.ch\/wordpress\/#\/schema\/person\/eafba14374f16d5fa4f73efd49243014"},"image":{"@id":"https:\/\/reiseblock.ch\/wordpress\/in-der-fraenkischen-schweiz\/#primaryimage"},"thumbnailUrl":"https:\/\/reiseblock.ch\/wordpress\/wp-content\/uploads\/2015\/07\/IMG_0175-0.jpg","keywords":["Deutschland","Fr\u00e4nkische Schweiz","Pottenstein"],"articleSection":["Erlebt"],"inLanguage":"de","potentialAction":[{"@type":"CommentAction","name":"Comment","target":["https:\/\/reiseblock.ch\/wordpress\/in-der-fraenkischen-schweiz\/#respond"]}]},{"@type":"WebPage","@id":"https:\/\/reiseblock.ch\/wordpress\/in-der-fraenkischen-schweiz\/","url":"https:\/\/reiseblock.ch\/wordpress\/in-der-fraenkischen-schweiz\/","name":"Die Fr\u00e4nkische Schweiz bietet vielseitige Besuchstage &#8211; Reiseblock","isPartOf":{"@id":"https:\/\/reiseblock.ch\/wordpress\/#website"},"primaryImageOfPage":{"@id":"https:\/\/reiseblock.ch\/wordpress\/in-der-fraenkischen-schweiz\/#primaryimage"},"image":{"@id":"https:\/\/reiseblock.ch\/wordpress\/in-der-fraenkischen-schweiz\/#primaryimage"},"thumbnailUrl":"https:\/\/reiseblock.ch\/wordpress\/wp-content\/uploads\/2015\/07\/IMG_0175-0.jpg","datePublished":"2015-07-27T21:31:52+00:00","dateModified":"2017-05-23T15:57:07+00:00","description":"Die Fr\u00e4nkische Schweiz mit ihren Burgen, Schl\u00f6ssern, H\u00f6hlen, Themenwegen ist definitiv einen Besuch wert.","breadcrumb":{"@id":"https:\/\/reiseblock.ch\/wordpress\/in-der-fraenkischen-schweiz\/#breadcrumb"},"inLanguage":"de","potentialAction":[{"@type":"ReadAction","target":["https:\/\/reiseblock.ch\/wordpress\/in-der-fraenkischen-schweiz\/"]}]},{"@type":"ImageObject","inLanguage":"de","@id":"https:\/\/reiseblock.ch\/wordpress\/in-der-fraenkischen-schweiz\/#primaryimage","url":"https:\/\/reiseblock.ch\/wordpress\/wp-content\/uploads\/2015\/07\/IMG_0175-0.jpg","contentUrl":"https:\/\/reiseblock.ch\/wordpress\/wp-content\/uploads\/2015\/07\/IMG_0175-0.jpg","width":2592,"height":1936},{"@type":"BreadcrumbList","@id":"https:\/\/reiseblock.ch\/wordpress\/in-der-fraenkischen-schweiz\/#breadcrumb","itemListElement":[{"@type":"ListItem","position":1,"name":"Home","item":"https:\/\/reiseblock.ch\/wordpress\/"},{"@type":"ListItem","position":2,"name":"Die Fr\u00e4nkische Schweiz bietet vielseitige Besuchstage"}]},{"@type":"WebSite","@id":"https:\/\/reiseblock.ch\/wordpress\/#website","url":"https:\/\/reiseblock.ch\/wordpress\/","name":"Reiseblock","description":"Ursula Kohlers ReiseWeise","publisher":{"@id":"https:\/\/reiseblock.ch\/wordpress\/#\/schema\/person\/eafba14374f16d5fa4f73efd49243014"},"potentialAction":[{"@type":"SearchAction","target":{"@type":"EntryPoint","urlTemplate":"https:\/\/reiseblock.ch\/wordpress\/?s={search_term_string}"},"query-input":{"@type":"PropertyValueSpecification","valueRequired":true,"valueName":"search_term_string"}}],"inLanguage":"de"},{"@type":["Person","Organization"],"@id":"https:\/\/reiseblock.ch\/wordpress\/#\/schema\/person\/eafba14374f16d5fa4f73efd49243014","name":"Ursula Kohler","image":{"@type":"ImageObject","inLanguage":"de","@id":"https:\/\/secure.gravatar.com\/avatar\/014d9b9a971f617638f4298cbb55f92d20b3bf0d1c9cc32f65333b2769bcf867?s=96&d=blank&r=g","url":"https:\/\/secure.gravatar.com\/avatar\/014d9b9a971f617638f4298cbb55f92d20b3bf0d1c9cc32f65333b2769bcf867?s=96&d=blank&r=g","contentUrl":"https:\/\/secure.gravatar.com\/avatar\/014d9b9a971f617638f4298cbb55f92d20b3bf0d1c9cc32f65333b2769bcf867?s=96&d=blank&r=g","caption":"Ursula Kohler"},"logo":{"@id":"https:\/\/secure.gravatar.com\/avatar\/014d9b9a971f617638f4298cbb55f92d20b3bf0d1c9cc32f65333b2769bcf867?s=96&d=blank&r=g"}},{"@type":"Person","@id":"https:\/\/reiseblock.ch\/wordpress\/#\/schema\/person\/739b103f8e7941f579794d17e2187721","name":"admin","image":{"@type":"ImageObject","inLanguage":"de","@id":"https:\/\/secure.gravatar.com\/avatar\/a0f702f22ecd58ce02800a54cb2055cabe1fa8d7cf75ab377ce2f2b8503f188c?s=96&d=blank&r=g","url":"https:\/\/secure.gravatar.com\/avatar\/a0f702f22ecd58ce02800a54cb2055cabe1fa8d7cf75ab377ce2f2b8503f188c?s=96&d=blank&r=g","contentUrl":"https:\/\/secure.gravatar.com\/avatar\/a0f702f22ecd58ce02800a54cb2055cabe1fa8d7cf75ab377ce2f2b8503f188c?s=96&d=blank&r=g","caption":"admin"},"url":"https:\/\/reiseblock.ch\/wordpress\/author\/admin\/"}]}},"_links":{"self":[{"href":"https:\/\/reiseblock.ch\/wordpress\/wp-json\/wp\/v2\/posts\/1313","targetHints":{"allow":["GET"]}}],"collection":[{"href":"https:\/\/reiseblock.ch\/wordpress\/wp-json\/wp\/v2\/posts"}],"about":[{"href":"https:\/\/reiseblock.ch\/wordpress\/wp-json\/wp\/v2\/types\/post"}],"author":[{"embeddable":true,"href":"https:\/\/reiseblock.ch\/wordpress\/wp-json\/wp\/v2\/users\/1"}],"replies":[{"embeddable":true,"href":"https:\/\/reiseblock.ch\/wordpress\/wp-json\/wp\/v2\/comments?post=1313"}],"version-history":[{"count":19,"href":"https:\/\/reiseblock.ch\/wordpress\/wp-json\/wp\/v2\/posts\/1313\/revisions"}],"predecessor-version":[{"id":1783,"href":"https:\/\/reiseblock.ch\/wordpress\/wp-json\/wp\/v2\/posts\/1313\/revisions\/1783"}],"wp:featuredmedia":[{"embeddable":true,"href":"https:\/\/reiseblock.ch\/wordpress\/wp-json\/wp\/v2\/media\/1311"}],"wp:attachment":[{"href":"https:\/\/reiseblock.ch\/wordpress\/wp-json\/wp\/v2\/media?parent=1313"}],"wp:term":[{"taxonomy":"category","embeddable":true,"href":"https:\/\/reiseblock.ch\/wordpress\/wp-json\/wp\/v2\/categories?post=1313"},{"taxonomy":"post_tag","embeddable":true,"href":"https:\/\/reiseblock.ch\/wordpress\/wp-json\/wp\/v2\/tags?post=1313"}],"curies":[{"name":"wp","href":"https:\/\/api.w.org\/{rel}","templated":true}]}}