{"id":1250,"date":"2019-06-30T17:13:29","date_gmt":"2019-06-30T15:13:29","guid":{"rendered":"http:\/\/reiseblock.ch\/wordpress\/?p=1250"},"modified":"2019-07-23T22:00:16","modified_gmt":"2019-07-23T20:00:16","slug":"am-bielersee-hauptsache-wasser","status":"publish","type":"post","link":"https:\/\/reiseblock.ch\/wordpress\/am-bielersee-hauptsache-wasser\/","title":{"rendered":"Am Bielersee: Hauptsache Wasser"},"content":{"rendered":"<div id=\"attachment_1253\" style=\"width: 710px\" class=\"wp-caption alignleft\"><a href=\"http:\/\/reiseblock.ch\/wordpress\/wp-content\/uploads\/2015\/06\/MG_1954.jpg\"><img loading=\"lazy\" decoding=\"async\" aria-describedby=\"caption-attachment-1253\" class=\"size-large wp-image-1253\" src=\"http:\/\/reiseblock.ch\/wordpress\/wp-content\/uploads\/2015\/06\/MG_1954-1024x683.jpg\" alt=\"Der Bielersee von Twann aus mit der St. Petersinsel\" width=\"700\" height=\"467\" srcset=\"https:\/\/reiseblock.ch\/wordpress\/wp-content\/uploads\/2015\/06\/MG_1954-1024x683.jpg 1024w, https:\/\/reiseblock.ch\/wordpress\/wp-content\/uploads\/2015\/06\/MG_1954-300x200.jpg 300w\" sizes=\"auto, (max-width: 700px) 100vw, 700px\" \/><\/a><p id=\"caption-attachment-1253\" class=\"wp-caption-text\">Der Bielersee von Twann aus mit der St. Petersinsel<\/p><\/div>\n<p><span style=\"font-size: 12pt; font-family: Book Antiqua,Palatino;\">Sommer 2015: 31 Grad, 33, gar 35 Grad: Der Wetterbericht k\u00fcndigt f\u00fcr die n\u00e4chsten Tage Sommerwerte pur. Freibad, Fluss, See, Grillieren und warme Sommerabende locken. <\/span><\/p>\n<p><span style=\"font-family: Book Antiqua,Palatino; font-size: 12pt;\"><!--more--><\/span><\/p>\n<p><span style=\"font-size: 12pt; font-family: Book Antiqua,Palatino;\">Schwimmen, Schifffahren und \u2013 dieses Jahr ganz beliebt \u2013 Stehpaddeln sind angesagt.<\/span><\/p>\n<p><span style=\"font-size: 12pt; font-family: Book Antiqua,Palatino;\">Bei uns h\u00f6rt man oft: Leider ist der Sommer in der Schweiz so unsicher. Das stimmt, und doch ist es eigentlich seltsam, dass die meisten Leute (wir inbegriffen) w\u00e4hrend des Sommers weit weg in die Ferien reisen, oft vor allem um des sicheren Wetters willen. Nur, wenn dann am teuer bezahlten Ferienort das Wetter nicht mitmacht, ist die Entt\u00e4uschung umso gr\u00f6sser. Manchmal hat die unsichere Wetterlage in der Schweiz auch ihr Gutes: Tage, die unverhofft viel w\u00e4rmer oder sonniger sind als angesagt, entpuppen sich als die besten. Denn dann hat man oft den See, die Terrasse, die Bahn f\u00fcr sich.<\/span><br \/>\n<span style=\"font-size: 12pt; font-family: Book Antiqua,Palatino;\"> Gut, in diesen Tagen weniger \u2013 daf\u00fcr ist buntes Treiben angesagt, aber das ist im Sommer auch okay. Ob Bieler-, Z\u00fcrich- oder Bodensee: Endlich ist der Schwumm im Wasser auch eine angenehme Abk\u00fchlung.<\/span><br \/>\n<span style=\"font-size: 12pt; font-family: Book Antiqua,Palatino;\"> Wer seine Badi noch nicht gefunden hat: Es gibt sogar ein <a href=\"http:\/\/www.badi-info.ch\" target=\"_blank\" rel=\"noopener noreferrer\">Schwimmbad-Verzeichnis<\/a> der Schweiz mit einer Suchfunktion.<\/span><\/p>\n<p>Sommer 2019: Wie schnell sich die Sicht auf den Schweizer Sommer ver\u00e4ndert hat. Es macht uns weniger Sorge, ob der Sommer sch\u00f6n ist, als dass er zu heiss, f\u00fcr immer zu heiss, ist.<\/p>\n","protected":false},"excerpt":{"rendered":"<p>Sommer 2015: 31 Grad, 33, gar 35 Grad: Der Wetterbericht k\u00fcndigt f\u00fcr die n\u00e4chsten Tage Sommerwerte pur. Freibad, Fluss, See, Grillieren und warme Sommerabende locken.<\/p>\n","protected":false},"author":1,"featured_media":1253,"comment_status":"open","ping_status":"open","sticky":false,"template":"","format":"standard","meta":{"footnotes":""},"categories":[9,8],"tags":[115,163,111,164],"class_list":["post-1250","post","type-post","status-publish","format-standard","has-post-thumbnail","hentry","category-gedacht","category-tipp","tag-baden","tag-bielersee","tag-sommer","tag-wasser"],"yoast_head":"<!-- This site is optimized with the Yoast SEO plugin v27.8 - https:\/\/yoast.com\/product\/yoast-seo-wordpress\/ -->\n<title>Am Bielersee: Hauptsache Wasser &#8211; Reiseblock<\/title>\n<meta name=\"robots\" content=\"index, follow, max-snippet:-1, max-image-preview:large, max-video-preview:-1\" \/>\n<link rel=\"canonical\" href=\"https:\/\/reiseblock.ch\/wordpress\/am-bielersee-hauptsache-wasser\/\" \/>\n<meta property=\"og:locale\" content=\"de_DE\" \/>\n<meta property=\"og:type\" content=\"article\" \/>\n<meta property=\"og:title\" content=\"Am Bielersee: Hauptsache Wasser &#8211; Reiseblock\" \/>\n<meta property=\"og:description\" content=\"Sommer 2015: 31 Grad, 33, gar 35 Grad: Der Wetterbericht k\u00fcndigt f\u00fcr die n\u00e4chsten Tage Sommerwerte pur. Freibad, Fluss, See, Grillieren und warme Sommerabende locken.\" \/>\n<meta property=\"og:url\" content=\"https:\/\/reiseblock.ch\/wordpress\/am-bielersee-hauptsache-wasser\/\" \/>\n<meta property=\"og:site_name\" content=\"Reiseblock\" \/>\n<meta property=\"article:published_time\" content=\"2019-06-30T15:13:29+00:00\" \/>\n<meta property=\"article:modified_time\" content=\"2019-07-23T20:00:16+00:00\" \/>\n<meta property=\"og:image\" content=\"https:\/\/reiseblock.ch\/wordpress\/wp-content\/uploads\/2015\/06\/MG_1954-1024x683.jpg\" \/>\n\t<meta property=\"og:image:width\" content=\"1024\" \/>\n\t<meta property=\"og:image:height\" content=\"683\" \/>\n\t<meta property=\"og:image:type\" content=\"image\/jpeg\" \/>\n<meta name=\"author\" content=\"admin\" \/>\n<meta name=\"twitter:label1\" content=\"Verfasst von\" \/>\n\t<meta name=\"twitter:data1\" content=\"admin\" \/>\n\t<meta name=\"twitter:label2\" content=\"Gesch\u00e4tzte Lesezeit\" \/>\n\t<meta name=\"twitter:data2\" content=\"1\u00a0Minute\" \/>\n<script type=\"application\/ld+json\" class=\"yoast-schema-graph\">{\"@context\":\"https:\\\/\\\/schema.org\",\"@graph\":[{\"@type\":\"Article\",\"@id\":\"https:\\\/\\\/reiseblock.ch\\\/wordpress\\\/am-bielersee-hauptsache-wasser\\\/#article\",\"isPartOf\":{\"@id\":\"https:\\\/\\\/reiseblock.ch\\\/wordpress\\\/am-bielersee-hauptsache-wasser\\\/\"},\"author\":{\"name\":\"admin\",\"@id\":\"https:\\\/\\\/reiseblock.ch\\\/wordpress\\\/#\\\/schema\\\/person\\\/739b103f8e7941f579794d17e2187721\"},\"headline\":\"Am Bielersee: Hauptsache Wasser\",\"datePublished\":\"2019-06-30T15:13:29+00:00\",\"dateModified\":\"2019-07-23T20:00:16+00:00\",\"mainEntityOfPage\":{\"@id\":\"https:\\\/\\\/reiseblock.ch\\\/wordpress\\\/am-bielersee-hauptsache-wasser\\\/\"},\"wordCount\":247,\"commentCount\":0,\"publisher\":{\"@id\":\"https:\\\/\\\/reiseblock.ch\\\/wordpress\\\/#\\\/schema\\\/person\\\/eafba14374f16d5fa4f73efd49243014\"},\"image\":{\"@id\":\"https:\\\/\\\/reiseblock.ch\\\/wordpress\\\/am-bielersee-hauptsache-wasser\\\/#primaryimage\"},\"thumbnailUrl\":\"https:\\\/\\\/reiseblock.ch\\\/wordpress\\\/wp-content\\\/uploads\\\/2015\\\/06\\\/MG_1954.jpg\",\"keywords\":[\"Baden\",\"Bielersee\",\"Sommer\",\"Wasser\"],\"articleSection\":[\"Gedacht\",\"Tipp\"],\"inLanguage\":\"de\",\"potentialAction\":[{\"@type\":\"CommentAction\",\"name\":\"Comment\",\"target\":[\"https:\\\/\\\/reiseblock.ch\\\/wordpress\\\/am-bielersee-hauptsache-wasser\\\/#respond\"]}]},{\"@type\":\"WebPage\",\"@id\":\"https:\\\/\\\/reiseblock.ch\\\/wordpress\\\/am-bielersee-hauptsache-wasser\\\/\",\"url\":\"https:\\\/\\\/reiseblock.ch\\\/wordpress\\\/am-bielersee-hauptsache-wasser\\\/\",\"name\":\"Am Bielersee: Hauptsache Wasser &#8211; Reiseblock\",\"isPartOf\":{\"@id\":\"https:\\\/\\\/reiseblock.ch\\\/wordpress\\\/#website\"},\"primaryImageOfPage\":{\"@id\":\"https:\\\/\\\/reiseblock.ch\\\/wordpress\\\/am-bielersee-hauptsache-wasser\\\/#primaryimage\"},\"image\":{\"@id\":\"https:\\\/\\\/reiseblock.ch\\\/wordpress\\\/am-bielersee-hauptsache-wasser\\\/#primaryimage\"},\"thumbnailUrl\":\"https:\\\/\\\/reiseblock.ch\\\/wordpress\\\/wp-content\\\/uploads\\\/2015\\\/06\\\/MG_1954.jpg\",\"datePublished\":\"2019-06-30T15:13:29+00:00\",\"dateModified\":\"2019-07-23T20:00:16+00:00\",\"breadcrumb\":{\"@id\":\"https:\\\/\\\/reiseblock.ch\\\/wordpress\\\/am-bielersee-hauptsache-wasser\\\/#breadcrumb\"},\"inLanguage\":\"de\",\"potentialAction\":[{\"@type\":\"ReadAction\",\"target\":[\"https:\\\/\\\/reiseblock.ch\\\/wordpress\\\/am-bielersee-hauptsache-wasser\\\/\"]}]},{\"@type\":\"ImageObject\",\"inLanguage\":\"de\",\"@id\":\"https:\\\/\\\/reiseblock.ch\\\/wordpress\\\/am-bielersee-hauptsache-wasser\\\/#primaryimage\",\"url\":\"https:\\\/\\\/reiseblock.ch\\\/wordpress\\\/wp-content\\\/uploads\\\/2015\\\/06\\\/MG_1954.jpg\",\"contentUrl\":\"https:\\\/\\\/reiseblock.ch\\\/wordpress\\\/wp-content\\\/uploads\\\/2015\\\/06\\\/MG_1954.jpg\",\"width\":5184,\"height\":3456,\"caption\":\"Der Bielersee von Twann aus mit der St. Petersinsel\"},{\"@type\":\"BreadcrumbList\",\"@id\":\"https:\\\/\\\/reiseblock.ch\\\/wordpress\\\/am-bielersee-hauptsache-wasser\\\/#breadcrumb\",\"itemListElement\":[{\"@type\":\"ListItem\",\"position\":1,\"name\":\"Home\",\"item\":\"https:\\\/\\\/reiseblock.ch\\\/wordpress\\\/\"},{\"@type\":\"ListItem\",\"position\":2,\"name\":\"Am Bielersee: Hauptsache Wasser\"}]},{\"@type\":\"WebSite\",\"@id\":\"https:\\\/\\\/reiseblock.ch\\\/wordpress\\\/#website\",\"url\":\"https:\\\/\\\/reiseblock.ch\\\/wordpress\\\/\",\"name\":\"Reiseblock\",\"description\":\"Ursula Kohlers ReiseWeise\",\"publisher\":{\"@id\":\"https:\\\/\\\/reiseblock.ch\\\/wordpress\\\/#\\\/schema\\\/person\\\/eafba14374f16d5fa4f73efd49243014\"},\"potentialAction\":[{\"@type\":\"SearchAction\",\"target\":{\"@type\":\"EntryPoint\",\"urlTemplate\":\"https:\\\/\\\/reiseblock.ch\\\/wordpress\\\/?s={search_term_string}\"},\"query-input\":{\"@type\":\"PropertyValueSpecification\",\"valueRequired\":true,\"valueName\":\"search_term_string\"}}],\"inLanguage\":\"de\"},{\"@type\":[\"Person\",\"Organization\"],\"@id\":\"https:\\\/\\\/reiseblock.ch\\\/wordpress\\\/#\\\/schema\\\/person\\\/eafba14374f16d5fa4f73efd49243014\",\"name\":\"Ursula Kohler\",\"image\":{\"@type\":\"ImageObject\",\"inLanguage\":\"de\",\"@id\":\"https:\\\/\\\/secure.gravatar.com\\\/avatar\\\/014d9b9a971f617638f4298cbb55f92d20b3bf0d1c9cc32f65333b2769bcf867?s=96&d=blank&r=g\",\"url\":\"https:\\\/\\\/secure.gravatar.com\\\/avatar\\\/014d9b9a971f617638f4298cbb55f92d20b3bf0d1c9cc32f65333b2769bcf867?s=96&d=blank&r=g\",\"contentUrl\":\"https:\\\/\\\/secure.gravatar.com\\\/avatar\\\/014d9b9a971f617638f4298cbb55f92d20b3bf0d1c9cc32f65333b2769bcf867?s=96&d=blank&r=g\",\"caption\":\"Ursula Kohler\"},\"logo\":{\"@id\":\"https:\\\/\\\/secure.gravatar.com\\\/avatar\\\/014d9b9a971f617638f4298cbb55f92d20b3bf0d1c9cc32f65333b2769bcf867?s=96&d=blank&r=g\"}},{\"@type\":\"Person\",\"@id\":\"https:\\\/\\\/reiseblock.ch\\\/wordpress\\\/#\\\/schema\\\/person\\\/739b103f8e7941f579794d17e2187721\",\"name\":\"admin\",\"image\":{\"@type\":\"ImageObject\",\"inLanguage\":\"de\",\"@id\":\"https:\\\/\\\/secure.gravatar.com\\\/avatar\\\/a0f702f22ecd58ce02800a54cb2055cabe1fa8d7cf75ab377ce2f2b8503f188c?s=96&d=blank&r=g\",\"url\":\"https:\\\/\\\/secure.gravatar.com\\\/avatar\\\/a0f702f22ecd58ce02800a54cb2055cabe1fa8d7cf75ab377ce2f2b8503f188c?s=96&d=blank&r=g\",\"contentUrl\":\"https:\\\/\\\/secure.gravatar.com\\\/avatar\\\/a0f702f22ecd58ce02800a54cb2055cabe1fa8d7cf75ab377ce2f2b8503f188c?s=96&d=blank&r=g\",\"caption\":\"admin\"},\"url\":\"https:\\\/\\\/reiseblock.ch\\\/wordpress\\\/author\\\/admin\\\/\"}]}<\/script>\n<!-- \/ Yoast SEO plugin. -->","yoast_head_json":{"title":"Am Bielersee: Hauptsache Wasser &#8211; Reiseblock","robots":{"index":"index","follow":"follow","max-snippet":"max-snippet:-1","max-image-preview":"max-image-preview:large","max-video-preview":"max-video-preview:-1"},"canonical":"https:\/\/reiseblock.ch\/wordpress\/am-bielersee-hauptsache-wasser\/","og_locale":"de_DE","og_type":"article","og_title":"Am Bielersee: Hauptsache Wasser &#8211; Reiseblock","og_description":"Sommer 2015: 31 Grad, 33, gar 35 Grad: Der Wetterbericht k\u00fcndigt f\u00fcr die n\u00e4chsten Tage Sommerwerte pur. Freibad, Fluss, See, Grillieren und warme Sommerabende locken.","og_url":"https:\/\/reiseblock.ch\/wordpress\/am-bielersee-hauptsache-wasser\/","og_site_name":"Reiseblock","article_published_time":"2019-06-30T15:13:29+00:00","article_modified_time":"2019-07-23T20:00:16+00:00","og_image":[{"width":1024,"height":683,"url":"https:\/\/reiseblock.ch\/wordpress\/wp-content\/uploads\/2015\/06\/MG_1954-1024x683.jpg","type":"image\/jpeg"}],"author":"admin","twitter_misc":{"Verfasst von":"admin","Gesch\u00e4tzte Lesezeit":"1\u00a0Minute"},"schema":{"@context":"https:\/\/schema.org","@graph":[{"@type":"Article","@id":"https:\/\/reiseblock.ch\/wordpress\/am-bielersee-hauptsache-wasser\/#article","isPartOf":{"@id":"https:\/\/reiseblock.ch\/wordpress\/am-bielersee-hauptsache-wasser\/"},"author":{"name":"admin","@id":"https:\/\/reiseblock.ch\/wordpress\/#\/schema\/person\/739b103f8e7941f579794d17e2187721"},"headline":"Am Bielersee: Hauptsache Wasser","datePublished":"2019-06-30T15:13:29+00:00","dateModified":"2019-07-23T20:00:16+00:00","mainEntityOfPage":{"@id":"https:\/\/reiseblock.ch\/wordpress\/am-bielersee-hauptsache-wasser\/"},"wordCount":247,"commentCount":0,"publisher":{"@id":"https:\/\/reiseblock.ch\/wordpress\/#\/schema\/person\/eafba14374f16d5fa4f73efd49243014"},"image":{"@id":"https:\/\/reiseblock.ch\/wordpress\/am-bielersee-hauptsache-wasser\/#primaryimage"},"thumbnailUrl":"https:\/\/reiseblock.ch\/wordpress\/wp-content\/uploads\/2015\/06\/MG_1954.jpg","keywords":["Baden","Bielersee","Sommer","Wasser"],"articleSection":["Gedacht","Tipp"],"inLanguage":"de","potentialAction":[{"@type":"CommentAction","name":"Comment","target":["https:\/\/reiseblock.ch\/wordpress\/am-bielersee-hauptsache-wasser\/#respond"]}]},{"@type":"WebPage","@id":"https:\/\/reiseblock.ch\/wordpress\/am-bielersee-hauptsache-wasser\/","url":"https:\/\/reiseblock.ch\/wordpress\/am-bielersee-hauptsache-wasser\/","name":"Am Bielersee: Hauptsache Wasser &#8211; Reiseblock","isPartOf":{"@id":"https:\/\/reiseblock.ch\/wordpress\/#website"},"primaryImageOfPage":{"@id":"https:\/\/reiseblock.ch\/wordpress\/am-bielersee-hauptsache-wasser\/#primaryimage"},"image":{"@id":"https:\/\/reiseblock.ch\/wordpress\/am-bielersee-hauptsache-wasser\/#primaryimage"},"thumbnailUrl":"https:\/\/reiseblock.ch\/wordpress\/wp-content\/uploads\/2015\/06\/MG_1954.jpg","datePublished":"2019-06-30T15:13:29+00:00","dateModified":"2019-07-23T20:00:16+00:00","breadcrumb":{"@id":"https:\/\/reiseblock.ch\/wordpress\/am-bielersee-hauptsache-wasser\/#breadcrumb"},"inLanguage":"de","potentialAction":[{"@type":"ReadAction","target":["https:\/\/reiseblock.ch\/wordpress\/am-bielersee-hauptsache-wasser\/"]}]},{"@type":"ImageObject","inLanguage":"de","@id":"https:\/\/reiseblock.ch\/wordpress\/am-bielersee-hauptsache-wasser\/#primaryimage","url":"https:\/\/reiseblock.ch\/wordpress\/wp-content\/uploads\/2015\/06\/MG_1954.jpg","contentUrl":"https:\/\/reiseblock.ch\/wordpress\/wp-content\/uploads\/2015\/06\/MG_1954.jpg","width":5184,"height":3456,"caption":"Der Bielersee von Twann aus mit der St. Petersinsel"},{"@type":"BreadcrumbList","@id":"https:\/\/reiseblock.ch\/wordpress\/am-bielersee-hauptsache-wasser\/#breadcrumb","itemListElement":[{"@type":"ListItem","position":1,"name":"Home","item":"https:\/\/reiseblock.ch\/wordpress\/"},{"@type":"ListItem","position":2,"name":"Am Bielersee: Hauptsache Wasser"}]},{"@type":"WebSite","@id":"https:\/\/reiseblock.ch\/wordpress\/#website","url":"https:\/\/reiseblock.ch\/wordpress\/","name":"Reiseblock","description":"Ursula Kohlers ReiseWeise","publisher":{"@id":"https:\/\/reiseblock.ch\/wordpress\/#\/schema\/person\/eafba14374f16d5fa4f73efd49243014"},"potentialAction":[{"@type":"SearchAction","target":{"@type":"EntryPoint","urlTemplate":"https:\/\/reiseblock.ch\/wordpress\/?s={search_term_string}"},"query-input":{"@type":"PropertyValueSpecification","valueRequired":true,"valueName":"search_term_string"}}],"inLanguage":"de"},{"@type":["Person","Organization"],"@id":"https:\/\/reiseblock.ch\/wordpress\/#\/schema\/person\/eafba14374f16d5fa4f73efd49243014","name":"Ursula Kohler","image":{"@type":"ImageObject","inLanguage":"de","@id":"https:\/\/secure.gravatar.com\/avatar\/014d9b9a971f617638f4298cbb55f92d20b3bf0d1c9cc32f65333b2769bcf867?s=96&d=blank&r=g","url":"https:\/\/secure.gravatar.com\/avatar\/014d9b9a971f617638f4298cbb55f92d20b3bf0d1c9cc32f65333b2769bcf867?s=96&d=blank&r=g","contentUrl":"https:\/\/secure.gravatar.com\/avatar\/014d9b9a971f617638f4298cbb55f92d20b3bf0d1c9cc32f65333b2769bcf867?s=96&d=blank&r=g","caption":"Ursula Kohler"},"logo":{"@id":"https:\/\/secure.gravatar.com\/avatar\/014d9b9a971f617638f4298cbb55f92d20b3bf0d1c9cc32f65333b2769bcf867?s=96&d=blank&r=g"}},{"@type":"Person","@id":"https:\/\/reiseblock.ch\/wordpress\/#\/schema\/person\/739b103f8e7941f579794d17e2187721","name":"admin","image":{"@type":"ImageObject","inLanguage":"de","@id":"https:\/\/secure.gravatar.com\/avatar\/a0f702f22ecd58ce02800a54cb2055cabe1fa8d7cf75ab377ce2f2b8503f188c?s=96&d=blank&r=g","url":"https:\/\/secure.gravatar.com\/avatar\/a0f702f22ecd58ce02800a54cb2055cabe1fa8d7cf75ab377ce2f2b8503f188c?s=96&d=blank&r=g","contentUrl":"https:\/\/secure.gravatar.com\/avatar\/a0f702f22ecd58ce02800a54cb2055cabe1fa8d7cf75ab377ce2f2b8503f188c?s=96&d=blank&r=g","caption":"admin"},"url":"https:\/\/reiseblock.ch\/wordpress\/author\/admin\/"}]}},"_links":{"self":[{"href":"https:\/\/reiseblock.ch\/wordpress\/wp-json\/wp\/v2\/posts\/1250","targetHints":{"allow":["GET"]}}],"collection":[{"href":"https:\/\/reiseblock.ch\/wordpress\/wp-json\/wp\/v2\/posts"}],"about":[{"href":"https:\/\/reiseblock.ch\/wordpress\/wp-json\/wp\/v2\/types\/post"}],"author":[{"embeddable":true,"href":"https:\/\/reiseblock.ch\/wordpress\/wp-json\/wp\/v2\/users\/1"}],"replies":[{"embeddable":true,"href":"https:\/\/reiseblock.ch\/wordpress\/wp-json\/wp\/v2\/comments?post=1250"}],"version-history":[{"count":11,"href":"https:\/\/reiseblock.ch\/wordpress\/wp-json\/wp\/v2\/posts\/1250\/revisions"}],"predecessor-version":[{"id":3060,"href":"https:\/\/reiseblock.ch\/wordpress\/wp-json\/wp\/v2\/posts\/1250\/revisions\/3060"}],"wp:featuredmedia":[{"embeddable":true,"href":"https:\/\/reiseblock.ch\/wordpress\/wp-json\/wp\/v2\/media\/1253"}],"wp:attachment":[{"href":"https:\/\/reiseblock.ch\/wordpress\/wp-json\/wp\/v2\/media?parent=1250"}],"wp:term":[{"taxonomy":"category","embeddable":true,"href":"https:\/\/reiseblock.ch\/wordpress\/wp-json\/wp\/v2\/categories?post=1250"},{"taxonomy":"post_tag","embeddable":true,"href":"https:\/\/reiseblock.ch\/wordpress\/wp-json\/wp\/v2\/tags?post=1250"}],"curies":[{"name":"wp","href":"https:\/\/api.w.org\/{rel}","templated":true}]}}