{"id":1231,"date":"2015-06-09T20:56:11","date_gmt":"2015-06-09T18:56:11","guid":{"rendered":"http:\/\/reiseblock.ch\/wordpress\/?p=1231"},"modified":"2017-05-23T18:05:54","modified_gmt":"2017-05-23T16:05:54","slug":"wo-liegt-der-esterliturm","status":"publish","type":"post","link":"https:\/\/reiseblock.ch\/wordpress\/wo-liegt-der-esterliturm\/","title":{"rendered":"Wo liegt der Esterliturm?"},"content":{"rendered":"<div id=\"attachment_1233\" style=\"width: 210px\" class=\"wp-caption alignleft\"><a href=\"http:\/\/reiseblock.ch\/wordpress\/wp-content\/uploads\/2015\/06\/Esterli.jpg\"><img loading=\"lazy\" decoding=\"async\" aria-describedby=\"caption-attachment-1233\" class=\"size-medium wp-image-1233\" src=\"http:\/\/reiseblock.ch\/wordpress\/wp-content\/uploads\/2015\/06\/Esterli-200x300.jpg\" alt=\"Eindr\u00fccklich ist er, der Esterliturm, wenn man davor steht\" width=\"200\" height=\"300\" srcset=\"https:\/\/reiseblock.ch\/wordpress\/wp-content\/uploads\/2015\/06\/Esterli-200x300.jpg 200w, https:\/\/reiseblock.ch\/wordpress\/wp-content\/uploads\/2015\/06\/Esterli-683x1024.jpg 683w, https:\/\/reiseblock.ch\/wordpress\/wp-content\/uploads\/2015\/06\/Esterli.jpg 1000w\" sizes=\"auto, (max-width: 200px) 100vw, 200px\" \/><\/a><p id=\"caption-attachment-1233\" class=\"wp-caption-text\">Eindr\u00fccklich ist er, der Esterliturm, wenn man davor steht<\/p><\/div>\n<p><span style=\"font-size: 12pt; font-family: Book Antiqua,Palatino;\">Der Name klingt so lustig, dass man neugierig ist, wie dieser Turm wohl aussieht. Der <a href=\"http:\/\/www.lenzburg.ch\/de\/esterliturm.html\" target=\"_blank\" rel=\"noopener noreferrer\">Esterliturm<\/a> liegt zwischen Lenzburg, Seon und Egliswil auf einem Waldh\u00fcgel.<\/span><\/p>\n<p><span style=\"font-family: Times New Roman,Times; font-size: 14pt;\"><!--more--><\/span><\/p>\n<p><span style=\"font-size: 12pt; font-family: Book Antiqua,Palatino;\">Von Lenzburg, vorbei am F\u00fcnfweiher, oder Seon aus ist er in ca. einer Stunde zu Fuss erreichbar. Wer auf der Seite von <a href=\"http:\/\/map.schweizmobil.ch\/?lang=de\" target=\"_blank\" rel=\"noopener noreferrer\">SchweizMobil<\/a> im Suchfeld \u00abEsterliturm\u00bb eingibt, kann die Wanderroute zusammenstellen. Die n\u00e4chstgelegene Haltestelle heisst Lenzburg, F\u00fcnfweiher. Aber auch von hier aus muss man mit 40 Minuten rechnen. Ein Ort, der also nur zu Fuss erreichbar ist. Der 48 Meter hohe Turm selbst ist aus Beton erbaut. <\/span><\/p>\n<p><span style=\"font-size: 12pt; font-family: Book Antiqua,Palatino;\">Fast etwas unheimlich ist es, die 253 Stufen in diesem eingemauerten Turm hochzusteigen. Oben angekommen, befinden wir uns doch auf 602 Meter und k\u00f6nnen eine tolle Rundumsicht geniessen. Doch woher kommt dieser spezielle Name? Er leitet sich vom Flurnamen Esterli ab. Hier wurde fr\u00fcher das Vieh zwischen Lenzburg und Egliswil durchgelassen.<\/span><\/p>\n<p><span style=\"font-size: 12pt; font-family: Book Antiqua,Palatino;\">Wer sich vom Aufstieg auf den Turm erholen m\u00f6chte, findet gleich neben dem Turm grossz\u00fcgig eingerichtete Grillpl\u00e4tze. Nicht vergessen, die Wurst einzupacken!<\/span><\/p>\n","protected":false},"excerpt":{"rendered":"<p>Der Name klingt so lustig, dass man neugierig ist, wie dieser Turm wohl aussieht. Der Esterliturm liegt zwischen Lenzburg, Seon und Egliswil auf einem Waldh\u00fcgel.<\/p>\n","protected":false},"author":1,"featured_media":1234,"comment_status":"open","ping_status":"open","sticky":false,"template":"","format":"standard","meta":{"footnotes":""},"categories":[10,8],"tags":[157,162,58,12],"class_list":["post-1231","post","type-post","status-publish","format-standard","has-post-thumbnail","hentry","category-erlebt","category-tipp","tag-ausflug","tag-esterliturm","tag-lenzburg","tag-wandern"],"yoast_head":"<!-- This site is optimized with the Yoast SEO plugin v27.8 - https:\/\/yoast.com\/product\/yoast-seo-wordpress\/ -->\n<title>Wo liegt der Esterliturm? &#8211; Reiseblock<\/title>\n<meta name=\"description\" content=\"Der Esterliturm ist ein Geheimtipp im Kanton Aargau, der aber gut erreichbar ist \u2013 wenn man denn weiss, wo er sich versteckt.\" \/>\n<meta name=\"robots\" content=\"index, follow, max-snippet:-1, max-image-preview:large, max-video-preview:-1\" \/>\n<link rel=\"canonical\" href=\"https:\/\/reiseblock.ch\/wordpress\/wo-liegt-der-esterliturm\/\" \/>\n<meta property=\"og:locale\" content=\"de_DE\" \/>\n<meta property=\"og:type\" content=\"article\" \/>\n<meta property=\"og:title\" content=\"Wo liegt der Esterliturm? &#8211; Reiseblock\" \/>\n<meta property=\"og:description\" content=\"Der Esterliturm ist ein Geheimtipp im Kanton Aargau, der aber gut erreichbar ist \u2013 wenn man denn weiss, wo er sich versteckt.\" \/>\n<meta property=\"og:url\" content=\"https:\/\/reiseblock.ch\/wordpress\/wo-liegt-der-esterliturm\/\" \/>\n<meta property=\"og:site_name\" content=\"Reiseblock\" \/>\n<meta property=\"article:published_time\" content=\"2015-06-09T18:56:11+00:00\" \/>\n<meta property=\"article:modified_time\" content=\"2017-05-23T16:05:54+00:00\" \/>\n<meta property=\"og:image\" content=\"https:\/\/reiseblock.ch\/wordpress\/wp-content\/uploads\/2015\/06\/Esterliturm.jpg\" \/>\n\t<meta property=\"og:image:width\" content=\"1000\" \/>\n\t<meta property=\"og:image:height\" content=\"667\" \/>\n\t<meta property=\"og:image:type\" content=\"image\/jpeg\" \/>\n<meta name=\"author\" content=\"admin\" \/>\n<meta name=\"twitter:label1\" content=\"Verfasst von\" \/>\n\t<meta name=\"twitter:data1\" content=\"admin\" \/>\n\t<meta name=\"twitter:label2\" content=\"Gesch\u00e4tzte Lesezeit\" \/>\n\t<meta name=\"twitter:data2\" content=\"1\u00a0Minute\" \/>\n<script type=\"application\/ld+json\" class=\"yoast-schema-graph\">{\"@context\":\"https:\\\/\\\/schema.org\",\"@graph\":[{\"@type\":\"Article\",\"@id\":\"https:\\\/\\\/reiseblock.ch\\\/wordpress\\\/wo-liegt-der-esterliturm\\\/#article\",\"isPartOf\":{\"@id\":\"https:\\\/\\\/reiseblock.ch\\\/wordpress\\\/wo-liegt-der-esterliturm\\\/\"},\"author\":{\"name\":\"admin\",\"@id\":\"https:\\\/\\\/reiseblock.ch\\\/wordpress\\\/#\\\/schema\\\/person\\\/739b103f8e7941f579794d17e2187721\"},\"headline\":\"Wo liegt der Esterliturm?\",\"datePublished\":\"2015-06-09T18:56:11+00:00\",\"dateModified\":\"2017-05-23T16:05:54+00:00\",\"mainEntityOfPage\":{\"@id\":\"https:\\\/\\\/reiseblock.ch\\\/wordpress\\\/wo-liegt-der-esterliturm\\\/\"},\"wordCount\":191,\"commentCount\":0,\"publisher\":{\"@id\":\"https:\\\/\\\/reiseblock.ch\\\/wordpress\\\/#\\\/schema\\\/person\\\/eafba14374f16d5fa4f73efd49243014\"},\"image\":{\"@id\":\"https:\\\/\\\/reiseblock.ch\\\/wordpress\\\/wo-liegt-der-esterliturm\\\/#primaryimage\"},\"thumbnailUrl\":\"https:\\\/\\\/reiseblock.ch\\\/wordpress\\\/wp-content\\\/uploads\\\/2015\\\/06\\\/Esterliturm.jpg\",\"keywords\":[\"Ausflug\",\"Esterliturm\",\"Lenzburg\",\"Wandern\"],\"articleSection\":[\"Erlebt\",\"Tipp\"],\"inLanguage\":\"de\",\"potentialAction\":[{\"@type\":\"CommentAction\",\"name\":\"Comment\",\"target\":[\"https:\\\/\\\/reiseblock.ch\\\/wordpress\\\/wo-liegt-der-esterliturm\\\/#respond\"]}]},{\"@type\":\"WebPage\",\"@id\":\"https:\\\/\\\/reiseblock.ch\\\/wordpress\\\/wo-liegt-der-esterliturm\\\/\",\"url\":\"https:\\\/\\\/reiseblock.ch\\\/wordpress\\\/wo-liegt-der-esterliturm\\\/\",\"name\":\"Wo liegt der Esterliturm? &#8211; Reiseblock\",\"isPartOf\":{\"@id\":\"https:\\\/\\\/reiseblock.ch\\\/wordpress\\\/#website\"},\"primaryImageOfPage\":{\"@id\":\"https:\\\/\\\/reiseblock.ch\\\/wordpress\\\/wo-liegt-der-esterliturm\\\/#primaryimage\"},\"image\":{\"@id\":\"https:\\\/\\\/reiseblock.ch\\\/wordpress\\\/wo-liegt-der-esterliturm\\\/#primaryimage\"},\"thumbnailUrl\":\"https:\\\/\\\/reiseblock.ch\\\/wordpress\\\/wp-content\\\/uploads\\\/2015\\\/06\\\/Esterliturm.jpg\",\"datePublished\":\"2015-06-09T18:56:11+00:00\",\"dateModified\":\"2017-05-23T16:05:54+00:00\",\"description\":\"Der Esterliturm ist ein Geheimtipp im Kanton Aargau, der aber gut erreichbar ist \u2013 wenn man denn weiss, wo er sich versteckt.\",\"breadcrumb\":{\"@id\":\"https:\\\/\\\/reiseblock.ch\\\/wordpress\\\/wo-liegt-der-esterliturm\\\/#breadcrumb\"},\"inLanguage\":\"de\",\"potentialAction\":[{\"@type\":\"ReadAction\",\"target\":[\"https:\\\/\\\/reiseblock.ch\\\/wordpress\\\/wo-liegt-der-esterliturm\\\/\"]}]},{\"@type\":\"ImageObject\",\"inLanguage\":\"de\",\"@id\":\"https:\\\/\\\/reiseblock.ch\\\/wordpress\\\/wo-liegt-der-esterliturm\\\/#primaryimage\",\"url\":\"https:\\\/\\\/reiseblock.ch\\\/wordpress\\\/wp-content\\\/uploads\\\/2015\\\/06\\\/Esterliturm.jpg\",\"contentUrl\":\"https:\\\/\\\/reiseblock.ch\\\/wordpress\\\/wp-content\\\/uploads\\\/2015\\\/06\\\/Esterliturm.jpg\",\"width\":1000,\"height\":667,\"caption\":\"Viele Wege f\u00fchren zum Esterliturm\"},{\"@type\":\"BreadcrumbList\",\"@id\":\"https:\\\/\\\/reiseblock.ch\\\/wordpress\\\/wo-liegt-der-esterliturm\\\/#breadcrumb\",\"itemListElement\":[{\"@type\":\"ListItem\",\"position\":1,\"name\":\"Home\",\"item\":\"https:\\\/\\\/reiseblock.ch\\\/wordpress\\\/\"},{\"@type\":\"ListItem\",\"position\":2,\"name\":\"Wo liegt der Esterliturm?\"}]},{\"@type\":\"WebSite\",\"@id\":\"https:\\\/\\\/reiseblock.ch\\\/wordpress\\\/#website\",\"url\":\"https:\\\/\\\/reiseblock.ch\\\/wordpress\\\/\",\"name\":\"Reiseblock\",\"description\":\"Ursula Kohlers ReiseWeise\",\"publisher\":{\"@id\":\"https:\\\/\\\/reiseblock.ch\\\/wordpress\\\/#\\\/schema\\\/person\\\/eafba14374f16d5fa4f73efd49243014\"},\"potentialAction\":[{\"@type\":\"SearchAction\",\"target\":{\"@type\":\"EntryPoint\",\"urlTemplate\":\"https:\\\/\\\/reiseblock.ch\\\/wordpress\\\/?s={search_term_string}\"},\"query-input\":{\"@type\":\"PropertyValueSpecification\",\"valueRequired\":true,\"valueName\":\"search_term_string\"}}],\"inLanguage\":\"de\"},{\"@type\":[\"Person\",\"Organization\"],\"@id\":\"https:\\\/\\\/reiseblock.ch\\\/wordpress\\\/#\\\/schema\\\/person\\\/eafba14374f16d5fa4f73efd49243014\",\"name\":\"Ursula Kohler\",\"image\":{\"@type\":\"ImageObject\",\"inLanguage\":\"de\",\"@id\":\"https:\\\/\\\/secure.gravatar.com\\\/avatar\\\/014d9b9a971f617638f4298cbb55f92d20b3bf0d1c9cc32f65333b2769bcf867?s=96&d=blank&r=g\",\"url\":\"https:\\\/\\\/secure.gravatar.com\\\/avatar\\\/014d9b9a971f617638f4298cbb55f92d20b3bf0d1c9cc32f65333b2769bcf867?s=96&d=blank&r=g\",\"contentUrl\":\"https:\\\/\\\/secure.gravatar.com\\\/avatar\\\/014d9b9a971f617638f4298cbb55f92d20b3bf0d1c9cc32f65333b2769bcf867?s=96&d=blank&r=g\",\"caption\":\"Ursula Kohler\"},\"logo\":{\"@id\":\"https:\\\/\\\/secure.gravatar.com\\\/avatar\\\/014d9b9a971f617638f4298cbb55f92d20b3bf0d1c9cc32f65333b2769bcf867?s=96&d=blank&r=g\"}},{\"@type\":\"Person\",\"@id\":\"https:\\\/\\\/reiseblock.ch\\\/wordpress\\\/#\\\/schema\\\/person\\\/739b103f8e7941f579794d17e2187721\",\"name\":\"admin\",\"image\":{\"@type\":\"ImageObject\",\"inLanguage\":\"de\",\"@id\":\"https:\\\/\\\/secure.gravatar.com\\\/avatar\\\/a0f702f22ecd58ce02800a54cb2055cabe1fa8d7cf75ab377ce2f2b8503f188c?s=96&d=blank&r=g\",\"url\":\"https:\\\/\\\/secure.gravatar.com\\\/avatar\\\/a0f702f22ecd58ce02800a54cb2055cabe1fa8d7cf75ab377ce2f2b8503f188c?s=96&d=blank&r=g\",\"contentUrl\":\"https:\\\/\\\/secure.gravatar.com\\\/avatar\\\/a0f702f22ecd58ce02800a54cb2055cabe1fa8d7cf75ab377ce2f2b8503f188c?s=96&d=blank&r=g\",\"caption\":\"admin\"},\"url\":\"https:\\\/\\\/reiseblock.ch\\\/wordpress\\\/author\\\/admin\\\/\"}]}<\/script>\n<!-- \/ Yoast SEO plugin. -->","yoast_head_json":{"title":"Wo liegt der Esterliturm? &#8211; Reiseblock","description":"Der Esterliturm ist ein Geheimtipp im Kanton Aargau, der aber gut erreichbar ist \u2013 wenn man denn weiss, wo er sich versteckt.","robots":{"index":"index","follow":"follow","max-snippet":"max-snippet:-1","max-image-preview":"max-image-preview:large","max-video-preview":"max-video-preview:-1"},"canonical":"https:\/\/reiseblock.ch\/wordpress\/wo-liegt-der-esterliturm\/","og_locale":"de_DE","og_type":"article","og_title":"Wo liegt der Esterliturm? &#8211; Reiseblock","og_description":"Der Esterliturm ist ein Geheimtipp im Kanton Aargau, der aber gut erreichbar ist \u2013 wenn man denn weiss, wo er sich versteckt.","og_url":"https:\/\/reiseblock.ch\/wordpress\/wo-liegt-der-esterliturm\/","og_site_name":"Reiseblock","article_published_time":"2015-06-09T18:56:11+00:00","article_modified_time":"2017-05-23T16:05:54+00:00","og_image":[{"width":1000,"height":667,"url":"https:\/\/reiseblock.ch\/wordpress\/wp-content\/uploads\/2015\/06\/Esterliturm.jpg","type":"image\/jpeg"}],"author":"admin","twitter_misc":{"Verfasst von":"admin","Gesch\u00e4tzte Lesezeit":"1\u00a0Minute"},"schema":{"@context":"https:\/\/schema.org","@graph":[{"@type":"Article","@id":"https:\/\/reiseblock.ch\/wordpress\/wo-liegt-der-esterliturm\/#article","isPartOf":{"@id":"https:\/\/reiseblock.ch\/wordpress\/wo-liegt-der-esterliturm\/"},"author":{"name":"admin","@id":"https:\/\/reiseblock.ch\/wordpress\/#\/schema\/person\/739b103f8e7941f579794d17e2187721"},"headline":"Wo liegt der Esterliturm?","datePublished":"2015-06-09T18:56:11+00:00","dateModified":"2017-05-23T16:05:54+00:00","mainEntityOfPage":{"@id":"https:\/\/reiseblock.ch\/wordpress\/wo-liegt-der-esterliturm\/"},"wordCount":191,"commentCount":0,"publisher":{"@id":"https:\/\/reiseblock.ch\/wordpress\/#\/schema\/person\/eafba14374f16d5fa4f73efd49243014"},"image":{"@id":"https:\/\/reiseblock.ch\/wordpress\/wo-liegt-der-esterliturm\/#primaryimage"},"thumbnailUrl":"https:\/\/reiseblock.ch\/wordpress\/wp-content\/uploads\/2015\/06\/Esterliturm.jpg","keywords":["Ausflug","Esterliturm","Lenzburg","Wandern"],"articleSection":["Erlebt","Tipp"],"inLanguage":"de","potentialAction":[{"@type":"CommentAction","name":"Comment","target":["https:\/\/reiseblock.ch\/wordpress\/wo-liegt-der-esterliturm\/#respond"]}]},{"@type":"WebPage","@id":"https:\/\/reiseblock.ch\/wordpress\/wo-liegt-der-esterliturm\/","url":"https:\/\/reiseblock.ch\/wordpress\/wo-liegt-der-esterliturm\/","name":"Wo liegt der Esterliturm? &#8211; Reiseblock","isPartOf":{"@id":"https:\/\/reiseblock.ch\/wordpress\/#website"},"primaryImageOfPage":{"@id":"https:\/\/reiseblock.ch\/wordpress\/wo-liegt-der-esterliturm\/#primaryimage"},"image":{"@id":"https:\/\/reiseblock.ch\/wordpress\/wo-liegt-der-esterliturm\/#primaryimage"},"thumbnailUrl":"https:\/\/reiseblock.ch\/wordpress\/wp-content\/uploads\/2015\/06\/Esterliturm.jpg","datePublished":"2015-06-09T18:56:11+00:00","dateModified":"2017-05-23T16:05:54+00:00","description":"Der Esterliturm ist ein Geheimtipp im Kanton Aargau, der aber gut erreichbar ist \u2013 wenn man denn weiss, wo er sich versteckt.","breadcrumb":{"@id":"https:\/\/reiseblock.ch\/wordpress\/wo-liegt-der-esterliturm\/#breadcrumb"},"inLanguage":"de","potentialAction":[{"@type":"ReadAction","target":["https:\/\/reiseblock.ch\/wordpress\/wo-liegt-der-esterliturm\/"]}]},{"@type":"ImageObject","inLanguage":"de","@id":"https:\/\/reiseblock.ch\/wordpress\/wo-liegt-der-esterliturm\/#primaryimage","url":"https:\/\/reiseblock.ch\/wordpress\/wp-content\/uploads\/2015\/06\/Esterliturm.jpg","contentUrl":"https:\/\/reiseblock.ch\/wordpress\/wp-content\/uploads\/2015\/06\/Esterliturm.jpg","width":1000,"height":667,"caption":"Viele Wege f\u00fchren zum Esterliturm"},{"@type":"BreadcrumbList","@id":"https:\/\/reiseblock.ch\/wordpress\/wo-liegt-der-esterliturm\/#breadcrumb","itemListElement":[{"@type":"ListItem","position":1,"name":"Home","item":"https:\/\/reiseblock.ch\/wordpress\/"},{"@type":"ListItem","position":2,"name":"Wo liegt der Esterliturm?"}]},{"@type":"WebSite","@id":"https:\/\/reiseblock.ch\/wordpress\/#website","url":"https:\/\/reiseblock.ch\/wordpress\/","name":"Reiseblock","description":"Ursula Kohlers ReiseWeise","publisher":{"@id":"https:\/\/reiseblock.ch\/wordpress\/#\/schema\/person\/eafba14374f16d5fa4f73efd49243014"},"potentialAction":[{"@type":"SearchAction","target":{"@type":"EntryPoint","urlTemplate":"https:\/\/reiseblock.ch\/wordpress\/?s={search_term_string}"},"query-input":{"@type":"PropertyValueSpecification","valueRequired":true,"valueName":"search_term_string"}}],"inLanguage":"de"},{"@type":["Person","Organization"],"@id":"https:\/\/reiseblock.ch\/wordpress\/#\/schema\/person\/eafba14374f16d5fa4f73efd49243014","name":"Ursula Kohler","image":{"@type":"ImageObject","inLanguage":"de","@id":"https:\/\/secure.gravatar.com\/avatar\/014d9b9a971f617638f4298cbb55f92d20b3bf0d1c9cc32f65333b2769bcf867?s=96&d=blank&r=g","url":"https:\/\/secure.gravatar.com\/avatar\/014d9b9a971f617638f4298cbb55f92d20b3bf0d1c9cc32f65333b2769bcf867?s=96&d=blank&r=g","contentUrl":"https:\/\/secure.gravatar.com\/avatar\/014d9b9a971f617638f4298cbb55f92d20b3bf0d1c9cc32f65333b2769bcf867?s=96&d=blank&r=g","caption":"Ursula Kohler"},"logo":{"@id":"https:\/\/secure.gravatar.com\/avatar\/014d9b9a971f617638f4298cbb55f92d20b3bf0d1c9cc32f65333b2769bcf867?s=96&d=blank&r=g"}},{"@type":"Person","@id":"https:\/\/reiseblock.ch\/wordpress\/#\/schema\/person\/739b103f8e7941f579794d17e2187721","name":"admin","image":{"@type":"ImageObject","inLanguage":"de","@id":"https:\/\/secure.gravatar.com\/avatar\/a0f702f22ecd58ce02800a54cb2055cabe1fa8d7cf75ab377ce2f2b8503f188c?s=96&d=blank&r=g","url":"https:\/\/secure.gravatar.com\/avatar\/a0f702f22ecd58ce02800a54cb2055cabe1fa8d7cf75ab377ce2f2b8503f188c?s=96&d=blank&r=g","contentUrl":"https:\/\/secure.gravatar.com\/avatar\/a0f702f22ecd58ce02800a54cb2055cabe1fa8d7cf75ab377ce2f2b8503f188c?s=96&d=blank&r=g","caption":"admin"},"url":"https:\/\/reiseblock.ch\/wordpress\/author\/admin\/"}]}},"_links":{"self":[{"href":"https:\/\/reiseblock.ch\/wordpress\/wp-json\/wp\/v2\/posts\/1231","targetHints":{"allow":["GET"]}}],"collection":[{"href":"https:\/\/reiseblock.ch\/wordpress\/wp-json\/wp\/v2\/posts"}],"about":[{"href":"https:\/\/reiseblock.ch\/wordpress\/wp-json\/wp\/v2\/types\/post"}],"author":[{"embeddable":true,"href":"https:\/\/reiseblock.ch\/wordpress\/wp-json\/wp\/v2\/users\/1"}],"replies":[{"embeddable":true,"href":"https:\/\/reiseblock.ch\/wordpress\/wp-json\/wp\/v2\/comments?post=1231"}],"version-history":[{"count":14,"href":"https:\/\/reiseblock.ch\/wordpress\/wp-json\/wp\/v2\/posts\/1231\/revisions"}],"predecessor-version":[{"id":1788,"href":"https:\/\/reiseblock.ch\/wordpress\/wp-json\/wp\/v2\/posts\/1231\/revisions\/1788"}],"wp:featuredmedia":[{"embeddable":true,"href":"https:\/\/reiseblock.ch\/wordpress\/wp-json\/wp\/v2\/media\/1234"}],"wp:attachment":[{"href":"https:\/\/reiseblock.ch\/wordpress\/wp-json\/wp\/v2\/media?parent=1231"}],"wp:term":[{"taxonomy":"category","embeddable":true,"href":"https:\/\/reiseblock.ch\/wordpress\/wp-json\/wp\/v2\/categories?post=1231"},{"taxonomy":"post_tag","embeddable":true,"href":"https:\/\/reiseblock.ch\/wordpress\/wp-json\/wp\/v2\/tags?post=1231"}],"curies":[{"name":"wp","href":"https:\/\/api.w.org\/{rel}","templated":true}]}}