{"id":1133,"date":"2019-02-02T11:38:24","date_gmt":"2019-02-02T10:38:24","guid":{"rendered":"http:\/\/reiseblock.ch\/wordpress\/?p=1133"},"modified":"2019-02-02T13:23:39","modified_gmt":"2019-02-02T12:23:39","slug":"berninapass-winter-weit-das-auge-reicht","status":"publish","type":"post","link":"https:\/\/reiseblock.ch\/wordpress\/berninapass-winter-weit-das-auge-reicht\/","title":{"rendered":"Eine Winterfahrt \u00fcber den Bernina"},"content":{"rendered":"<div id=\"attachment_1134\" style=\"width: 710px\" class=\"wp-caption alignleft\"><a href=\"http:\/\/reiseblock.ch\/wordpress\/wp-content\/uploads\/2015\/01\/Alp_Gruem_Web.jpg\"><img loading=\"lazy\" decoding=\"async\" aria-describedby=\"caption-attachment-1134\" class=\"wp-image-1134 size-large\" src=\"http:\/\/reiseblock.ch\/wordpress\/wp-content\/uploads\/2015\/01\/Alp_Gruem_Web-1024x765.jpg\" alt=\"Bernina: Ein Zwischenhalt auf der Alp Gr\u00fcm lohnt sich\" width=\"700\" height=\"523\" srcset=\"https:\/\/reiseblock.ch\/wordpress\/wp-content\/uploads\/2015\/01\/Alp_Gruem_Web-1024x765.jpg 1024w, https:\/\/reiseblock.ch\/wordpress\/wp-content\/uploads\/2015\/01\/Alp_Gruem_Web-300x224.jpg 300w\" sizes=\"auto, (max-width: 700px) 100vw, 700px\" \/><\/a><p id=\"caption-attachment-1134\" class=\"wp-caption-text\">Bernina: Ein Zwischenhalt auf der Alp Gr\u00fcm lohnt sich<\/p><\/div>\n<p><span style=\"font-size: 12pt; font-family: Book Antiqua,Palatino;\">Ein Tag als so genannte Arbeitsnomadin unterwegs. Wenn man nicht gerade in den gr\u00f6ssten Trubel ger\u00e4t, kann man im Zug \u00e4usserst gut arbeiten. Pausen gibt\u2019s, wenn sich draussen eine fantastische Kulisse auftut. Was auf der Berninaebene der Fall ist. <!--more-->Ganz auf Arbeitsmodus eingestellt, habe ich zuhause Sonnenbrille und Fotoapparat liegen gelassen. Schade. Diese hoch gelegene Winterlandschaft fasziniert. Obwohl ich das Berninagebiet eher mit einsamer Landschaft kn\u00fcpfe, sind hier zwei verbundene Skigebiete er\u00f6ffnet: Bernina Labalp und Bernina Diavolezza. Sie bieten Skivergn\u00fcgen auf hohem Niveau. <\/span><\/p>\n<p><span style=\"font-size: 12pt; font-family: Book Antiqua,Palatino;\">Und noch eine andere Wintersportart sehe ich hier zum ersten Mal: <a href=\"http:\/\/www.pontresina.ch\/winter\/sport\/snowkiting.html\" target=\"_blank\" rel=\"noopener noreferrer\">das Snowkiten<\/a>. Ein Lenkdrachen zieht die Kiter \u00fcber die Schneefl\u00e4che auf dem zugefrorenen See. Viel zu schnell ist die Ebene mit den bunten Skatern vorbei. Gerade genug Zeit, um sie durch den Schnee und die Luft fliegen zu sehen. Das <a href=\"http:\/\/www.bernina-hospiz.ch\/\" target=\"_blank\" rel=\"noopener noreferrer\">Ospizio Bernina<\/a> ist mit 2253 Metern \u00fcber Meer die h\u00f6chst gelegene Bahnstation der Rh\u00e4tischen Bahn. Lohnenswert ist auch die Station <a href=\"http:\/\/www.daprimo.com\/ch\/\" target=\"_blank\" rel=\"noopener noreferrer\">Alp Gr\u00fcm<\/a> mit ihrem Aussichtspunkt ins Puschlav.<\/span><\/p>\n","protected":false},"excerpt":{"rendered":"<p>Ein Tag als so genannte Arbeitsnomadin unterwegs. Wenn man nicht gerade in den gr\u00f6ssten Trubel ger\u00e4t, kann man im Zug \u00e4usserst gut arbeiten. Pausen gibt\u2019s, [&#8230;]<\/p>\n","protected":false},"author":1,"featured_media":1134,"comment_status":"open","ping_status":"open","sticky":false,"template":"","format":"standard","meta":{"footnotes":""},"categories":[10],"tags":[148,147,149],"class_list":["post-1133","post","type-post","status-publish","format-standard","has-post-thumbnail","hentry","category-erlebt","tag-alp-gruem","tag-berninapass","tag-diavolezza"],"yoast_head":"<!-- This site is optimized with the Yoast SEO plugin v27.8 - https:\/\/yoast.com\/product\/yoast-seo-wordpress\/ -->\n<title>Eine Winterfahrt \u00fcber den Bernina &#8211; Reiseblock<\/title>\n<meta name=\"description\" content=\"Ein Fahrt \u00fcber den Berninapass ist in jeder Jahreszeit ein Sinneserlebnis f\u00fcr die Augen.\" \/>\n<meta name=\"robots\" content=\"index, follow, max-snippet:-1, max-image-preview:large, max-video-preview:-1\" \/>\n<link rel=\"canonical\" href=\"https:\/\/reiseblock.ch\/wordpress\/berninapass-winter-weit-das-auge-reicht\/\" \/>\n<meta property=\"og:locale\" content=\"de_DE\" \/>\n<meta property=\"og:type\" content=\"article\" \/>\n<meta property=\"og:title\" content=\"Eine Winterfahrt \u00fcber den Bernina &#8211; Reiseblock\" \/>\n<meta property=\"og:description\" content=\"Ein Fahrt \u00fcber den Berninapass ist in jeder Jahreszeit ein Sinneserlebnis f\u00fcr die Augen.\" \/>\n<meta property=\"og:url\" content=\"https:\/\/reiseblock.ch\/wordpress\/berninapass-winter-weit-das-auge-reicht\/\" \/>\n<meta property=\"og:site_name\" content=\"Reiseblock\" \/>\n<meta property=\"article:published_time\" content=\"2019-02-02T10:38:24+00:00\" \/>\n<meta property=\"article:modified_time\" content=\"2019-02-02T12:23:39+00:00\" \/>\n<meta property=\"og:image\" content=\"https:\/\/reiseblock.ch\/wordpress\/wp-content\/uploads\/2015\/01\/Alp_Gruem_Web-1024x765.jpg\" \/>\n\t<meta property=\"og:image:width\" content=\"1024\" \/>\n\t<meta property=\"og:image:height\" content=\"765\" \/>\n\t<meta property=\"og:image:type\" content=\"image\/jpeg\" \/>\n<meta name=\"author\" content=\"admin\" \/>\n<meta name=\"twitter:label1\" content=\"Verfasst von\" \/>\n\t<meta name=\"twitter:data1\" content=\"admin\" \/>\n\t<meta name=\"twitter:label2\" content=\"Gesch\u00e4tzte Lesezeit\" \/>\n\t<meta name=\"twitter:data2\" content=\"1\u00a0Minute\" \/>\n<script type=\"application\/ld+json\" class=\"yoast-schema-graph\">{\"@context\":\"https:\\\/\\\/schema.org\",\"@graph\":[{\"@type\":\"Article\",\"@id\":\"https:\\\/\\\/reiseblock.ch\\\/wordpress\\\/berninapass-winter-weit-das-auge-reicht\\\/#article\",\"isPartOf\":{\"@id\":\"https:\\\/\\\/reiseblock.ch\\\/wordpress\\\/berninapass-winter-weit-das-auge-reicht\\\/\"},\"author\":{\"name\":\"admin\",\"@id\":\"https:\\\/\\\/reiseblock.ch\\\/wordpress\\\/#\\\/schema\\\/person\\\/739b103f8e7941f579794d17e2187721\"},\"headline\":\"Eine Winterfahrt \u00fcber den Bernina\",\"datePublished\":\"2019-02-02T10:38:24+00:00\",\"dateModified\":\"2019-02-02T12:23:39+00:00\",\"mainEntityOfPage\":{\"@id\":\"https:\\\/\\\/reiseblock.ch\\\/wordpress\\\/berninapass-winter-weit-das-auge-reicht\\\/\"},\"wordCount\":192,\"commentCount\":0,\"publisher\":{\"@id\":\"https:\\\/\\\/reiseblock.ch\\\/wordpress\\\/#\\\/schema\\\/person\\\/eafba14374f16d5fa4f73efd49243014\"},\"image\":{\"@id\":\"https:\\\/\\\/reiseblock.ch\\\/wordpress\\\/berninapass-winter-weit-das-auge-reicht\\\/#primaryimage\"},\"thumbnailUrl\":\"https:\\\/\\\/reiseblock.ch\\\/wordpress\\\/wp-content\\\/uploads\\\/2015\\\/01\\\/Alp_Gruem_Web.jpg\",\"keywords\":[\"Alp Gr\u00fcm\",\"Berninapass\",\"Diavolezza\"],\"articleSection\":[\"Erlebt\"],\"inLanguage\":\"de\",\"potentialAction\":[{\"@type\":\"CommentAction\",\"name\":\"Comment\",\"target\":[\"https:\\\/\\\/reiseblock.ch\\\/wordpress\\\/berninapass-winter-weit-das-auge-reicht\\\/#respond\"]}]},{\"@type\":\"WebPage\",\"@id\":\"https:\\\/\\\/reiseblock.ch\\\/wordpress\\\/berninapass-winter-weit-das-auge-reicht\\\/\",\"url\":\"https:\\\/\\\/reiseblock.ch\\\/wordpress\\\/berninapass-winter-weit-das-auge-reicht\\\/\",\"name\":\"Eine Winterfahrt \u00fcber den Bernina &#8211; Reiseblock\",\"isPartOf\":{\"@id\":\"https:\\\/\\\/reiseblock.ch\\\/wordpress\\\/#website\"},\"primaryImageOfPage\":{\"@id\":\"https:\\\/\\\/reiseblock.ch\\\/wordpress\\\/berninapass-winter-weit-das-auge-reicht\\\/#primaryimage\"},\"image\":{\"@id\":\"https:\\\/\\\/reiseblock.ch\\\/wordpress\\\/berninapass-winter-weit-das-auge-reicht\\\/#primaryimage\"},\"thumbnailUrl\":\"https:\\\/\\\/reiseblock.ch\\\/wordpress\\\/wp-content\\\/uploads\\\/2015\\\/01\\\/Alp_Gruem_Web.jpg\",\"datePublished\":\"2019-02-02T10:38:24+00:00\",\"dateModified\":\"2019-02-02T12:23:39+00:00\",\"description\":\"Ein Fahrt \u00fcber den Berninapass ist in jeder Jahreszeit ein Sinneserlebnis f\u00fcr die Augen.\",\"breadcrumb\":{\"@id\":\"https:\\\/\\\/reiseblock.ch\\\/wordpress\\\/berninapass-winter-weit-das-auge-reicht\\\/#breadcrumb\"},\"inLanguage\":\"de\",\"potentialAction\":[{\"@type\":\"ReadAction\",\"target\":[\"https:\\\/\\\/reiseblock.ch\\\/wordpress\\\/berninapass-winter-weit-das-auge-reicht\\\/\"]}]},{\"@type\":\"ImageObject\",\"inLanguage\":\"de\",\"@id\":\"https:\\\/\\\/reiseblock.ch\\\/wordpress\\\/berninapass-winter-weit-das-auge-reicht\\\/#primaryimage\",\"url\":\"https:\\\/\\\/reiseblock.ch\\\/wordpress\\\/wp-content\\\/uploads\\\/2015\\\/01\\\/Alp_Gruem_Web.jpg\",\"contentUrl\":\"https:\\\/\\\/reiseblock.ch\\\/wordpress\\\/wp-content\\\/uploads\\\/2015\\\/01\\\/Alp_Gruem_Web.jpg\",\"width\":2592,\"height\":1936,\"caption\":\"Ein Zwischenhalt auf der Alp Gr\u00fcm lohnt sich\"},{\"@type\":\"BreadcrumbList\",\"@id\":\"https:\\\/\\\/reiseblock.ch\\\/wordpress\\\/berninapass-winter-weit-das-auge-reicht\\\/#breadcrumb\",\"itemListElement\":[{\"@type\":\"ListItem\",\"position\":1,\"name\":\"Home\",\"item\":\"https:\\\/\\\/reiseblock.ch\\\/wordpress\\\/\"},{\"@type\":\"ListItem\",\"position\":2,\"name\":\"Eine Winterfahrt \u00fcber den Bernina\"}]},{\"@type\":\"WebSite\",\"@id\":\"https:\\\/\\\/reiseblock.ch\\\/wordpress\\\/#website\",\"url\":\"https:\\\/\\\/reiseblock.ch\\\/wordpress\\\/\",\"name\":\"Reiseblock\",\"description\":\"Ursula Kohlers ReiseWeise\",\"publisher\":{\"@id\":\"https:\\\/\\\/reiseblock.ch\\\/wordpress\\\/#\\\/schema\\\/person\\\/eafba14374f16d5fa4f73efd49243014\"},\"potentialAction\":[{\"@type\":\"SearchAction\",\"target\":{\"@type\":\"EntryPoint\",\"urlTemplate\":\"https:\\\/\\\/reiseblock.ch\\\/wordpress\\\/?s={search_term_string}\"},\"query-input\":{\"@type\":\"PropertyValueSpecification\",\"valueRequired\":true,\"valueName\":\"search_term_string\"}}],\"inLanguage\":\"de\"},{\"@type\":[\"Person\",\"Organization\"],\"@id\":\"https:\\\/\\\/reiseblock.ch\\\/wordpress\\\/#\\\/schema\\\/person\\\/eafba14374f16d5fa4f73efd49243014\",\"name\":\"Ursula Kohler\",\"image\":{\"@type\":\"ImageObject\",\"inLanguage\":\"de\",\"@id\":\"https:\\\/\\\/secure.gravatar.com\\\/avatar\\\/014d9b9a971f617638f4298cbb55f92d20b3bf0d1c9cc32f65333b2769bcf867?s=96&d=blank&r=g\",\"url\":\"https:\\\/\\\/secure.gravatar.com\\\/avatar\\\/014d9b9a971f617638f4298cbb55f92d20b3bf0d1c9cc32f65333b2769bcf867?s=96&d=blank&r=g\",\"contentUrl\":\"https:\\\/\\\/secure.gravatar.com\\\/avatar\\\/014d9b9a971f617638f4298cbb55f92d20b3bf0d1c9cc32f65333b2769bcf867?s=96&d=blank&r=g\",\"caption\":\"Ursula Kohler\"},\"logo\":{\"@id\":\"https:\\\/\\\/secure.gravatar.com\\\/avatar\\\/014d9b9a971f617638f4298cbb55f92d20b3bf0d1c9cc32f65333b2769bcf867?s=96&d=blank&r=g\"}},{\"@type\":\"Person\",\"@id\":\"https:\\\/\\\/reiseblock.ch\\\/wordpress\\\/#\\\/schema\\\/person\\\/739b103f8e7941f579794d17e2187721\",\"name\":\"admin\",\"image\":{\"@type\":\"ImageObject\",\"inLanguage\":\"de\",\"@id\":\"https:\\\/\\\/secure.gravatar.com\\\/avatar\\\/a0f702f22ecd58ce02800a54cb2055cabe1fa8d7cf75ab377ce2f2b8503f188c?s=96&d=blank&r=g\",\"url\":\"https:\\\/\\\/secure.gravatar.com\\\/avatar\\\/a0f702f22ecd58ce02800a54cb2055cabe1fa8d7cf75ab377ce2f2b8503f188c?s=96&d=blank&r=g\",\"contentUrl\":\"https:\\\/\\\/secure.gravatar.com\\\/avatar\\\/a0f702f22ecd58ce02800a54cb2055cabe1fa8d7cf75ab377ce2f2b8503f188c?s=96&d=blank&r=g\",\"caption\":\"admin\"},\"url\":\"https:\\\/\\\/reiseblock.ch\\\/wordpress\\\/author\\\/admin\\\/\"}]}<\/script>\n<!-- \/ Yoast SEO plugin. -->","yoast_head_json":{"title":"Eine Winterfahrt \u00fcber den Bernina &#8211; Reiseblock","description":"Ein Fahrt \u00fcber den Berninapass ist in jeder Jahreszeit ein Sinneserlebnis f\u00fcr die Augen.","robots":{"index":"index","follow":"follow","max-snippet":"max-snippet:-1","max-image-preview":"max-image-preview:large","max-video-preview":"max-video-preview:-1"},"canonical":"https:\/\/reiseblock.ch\/wordpress\/berninapass-winter-weit-das-auge-reicht\/","og_locale":"de_DE","og_type":"article","og_title":"Eine Winterfahrt \u00fcber den Bernina &#8211; Reiseblock","og_description":"Ein Fahrt \u00fcber den Berninapass ist in jeder Jahreszeit ein Sinneserlebnis f\u00fcr die Augen.","og_url":"https:\/\/reiseblock.ch\/wordpress\/berninapass-winter-weit-das-auge-reicht\/","og_site_name":"Reiseblock","article_published_time":"2019-02-02T10:38:24+00:00","article_modified_time":"2019-02-02T12:23:39+00:00","og_image":[{"width":1024,"height":765,"url":"https:\/\/reiseblock.ch\/wordpress\/wp-content\/uploads\/2015\/01\/Alp_Gruem_Web-1024x765.jpg","type":"image\/jpeg"}],"author":"admin","twitter_misc":{"Verfasst von":"admin","Gesch\u00e4tzte Lesezeit":"1\u00a0Minute"},"schema":{"@context":"https:\/\/schema.org","@graph":[{"@type":"Article","@id":"https:\/\/reiseblock.ch\/wordpress\/berninapass-winter-weit-das-auge-reicht\/#article","isPartOf":{"@id":"https:\/\/reiseblock.ch\/wordpress\/berninapass-winter-weit-das-auge-reicht\/"},"author":{"name":"admin","@id":"https:\/\/reiseblock.ch\/wordpress\/#\/schema\/person\/739b103f8e7941f579794d17e2187721"},"headline":"Eine Winterfahrt \u00fcber den Bernina","datePublished":"2019-02-02T10:38:24+00:00","dateModified":"2019-02-02T12:23:39+00:00","mainEntityOfPage":{"@id":"https:\/\/reiseblock.ch\/wordpress\/berninapass-winter-weit-das-auge-reicht\/"},"wordCount":192,"commentCount":0,"publisher":{"@id":"https:\/\/reiseblock.ch\/wordpress\/#\/schema\/person\/eafba14374f16d5fa4f73efd49243014"},"image":{"@id":"https:\/\/reiseblock.ch\/wordpress\/berninapass-winter-weit-das-auge-reicht\/#primaryimage"},"thumbnailUrl":"https:\/\/reiseblock.ch\/wordpress\/wp-content\/uploads\/2015\/01\/Alp_Gruem_Web.jpg","keywords":["Alp Gr\u00fcm","Berninapass","Diavolezza"],"articleSection":["Erlebt"],"inLanguage":"de","potentialAction":[{"@type":"CommentAction","name":"Comment","target":["https:\/\/reiseblock.ch\/wordpress\/berninapass-winter-weit-das-auge-reicht\/#respond"]}]},{"@type":"WebPage","@id":"https:\/\/reiseblock.ch\/wordpress\/berninapass-winter-weit-das-auge-reicht\/","url":"https:\/\/reiseblock.ch\/wordpress\/berninapass-winter-weit-das-auge-reicht\/","name":"Eine Winterfahrt \u00fcber den Bernina &#8211; Reiseblock","isPartOf":{"@id":"https:\/\/reiseblock.ch\/wordpress\/#website"},"primaryImageOfPage":{"@id":"https:\/\/reiseblock.ch\/wordpress\/berninapass-winter-weit-das-auge-reicht\/#primaryimage"},"image":{"@id":"https:\/\/reiseblock.ch\/wordpress\/berninapass-winter-weit-das-auge-reicht\/#primaryimage"},"thumbnailUrl":"https:\/\/reiseblock.ch\/wordpress\/wp-content\/uploads\/2015\/01\/Alp_Gruem_Web.jpg","datePublished":"2019-02-02T10:38:24+00:00","dateModified":"2019-02-02T12:23:39+00:00","description":"Ein Fahrt \u00fcber den Berninapass ist in jeder Jahreszeit ein Sinneserlebnis f\u00fcr die Augen.","breadcrumb":{"@id":"https:\/\/reiseblock.ch\/wordpress\/berninapass-winter-weit-das-auge-reicht\/#breadcrumb"},"inLanguage":"de","potentialAction":[{"@type":"ReadAction","target":["https:\/\/reiseblock.ch\/wordpress\/berninapass-winter-weit-das-auge-reicht\/"]}]},{"@type":"ImageObject","inLanguage":"de","@id":"https:\/\/reiseblock.ch\/wordpress\/berninapass-winter-weit-das-auge-reicht\/#primaryimage","url":"https:\/\/reiseblock.ch\/wordpress\/wp-content\/uploads\/2015\/01\/Alp_Gruem_Web.jpg","contentUrl":"https:\/\/reiseblock.ch\/wordpress\/wp-content\/uploads\/2015\/01\/Alp_Gruem_Web.jpg","width":2592,"height":1936,"caption":"Ein Zwischenhalt auf der Alp Gr\u00fcm lohnt sich"},{"@type":"BreadcrumbList","@id":"https:\/\/reiseblock.ch\/wordpress\/berninapass-winter-weit-das-auge-reicht\/#breadcrumb","itemListElement":[{"@type":"ListItem","position":1,"name":"Home","item":"https:\/\/reiseblock.ch\/wordpress\/"},{"@type":"ListItem","position":2,"name":"Eine Winterfahrt \u00fcber den Bernina"}]},{"@type":"WebSite","@id":"https:\/\/reiseblock.ch\/wordpress\/#website","url":"https:\/\/reiseblock.ch\/wordpress\/","name":"Reiseblock","description":"Ursula Kohlers ReiseWeise","publisher":{"@id":"https:\/\/reiseblock.ch\/wordpress\/#\/schema\/person\/eafba14374f16d5fa4f73efd49243014"},"potentialAction":[{"@type":"SearchAction","target":{"@type":"EntryPoint","urlTemplate":"https:\/\/reiseblock.ch\/wordpress\/?s={search_term_string}"},"query-input":{"@type":"PropertyValueSpecification","valueRequired":true,"valueName":"search_term_string"}}],"inLanguage":"de"},{"@type":["Person","Organization"],"@id":"https:\/\/reiseblock.ch\/wordpress\/#\/schema\/person\/eafba14374f16d5fa4f73efd49243014","name":"Ursula Kohler","image":{"@type":"ImageObject","inLanguage":"de","@id":"https:\/\/secure.gravatar.com\/avatar\/014d9b9a971f617638f4298cbb55f92d20b3bf0d1c9cc32f65333b2769bcf867?s=96&d=blank&r=g","url":"https:\/\/secure.gravatar.com\/avatar\/014d9b9a971f617638f4298cbb55f92d20b3bf0d1c9cc32f65333b2769bcf867?s=96&d=blank&r=g","contentUrl":"https:\/\/secure.gravatar.com\/avatar\/014d9b9a971f617638f4298cbb55f92d20b3bf0d1c9cc32f65333b2769bcf867?s=96&d=blank&r=g","caption":"Ursula Kohler"},"logo":{"@id":"https:\/\/secure.gravatar.com\/avatar\/014d9b9a971f617638f4298cbb55f92d20b3bf0d1c9cc32f65333b2769bcf867?s=96&d=blank&r=g"}},{"@type":"Person","@id":"https:\/\/reiseblock.ch\/wordpress\/#\/schema\/person\/739b103f8e7941f579794d17e2187721","name":"admin","image":{"@type":"ImageObject","inLanguage":"de","@id":"https:\/\/secure.gravatar.com\/avatar\/a0f702f22ecd58ce02800a54cb2055cabe1fa8d7cf75ab377ce2f2b8503f188c?s=96&d=blank&r=g","url":"https:\/\/secure.gravatar.com\/avatar\/a0f702f22ecd58ce02800a54cb2055cabe1fa8d7cf75ab377ce2f2b8503f188c?s=96&d=blank&r=g","contentUrl":"https:\/\/secure.gravatar.com\/avatar\/a0f702f22ecd58ce02800a54cb2055cabe1fa8d7cf75ab377ce2f2b8503f188c?s=96&d=blank&r=g","caption":"admin"},"url":"https:\/\/reiseblock.ch\/wordpress\/author\/admin\/"}]}},"_links":{"self":[{"href":"https:\/\/reiseblock.ch\/wordpress\/wp-json\/wp\/v2\/posts\/1133","targetHints":{"allow":["GET"]}}],"collection":[{"href":"https:\/\/reiseblock.ch\/wordpress\/wp-json\/wp\/v2\/posts"}],"about":[{"href":"https:\/\/reiseblock.ch\/wordpress\/wp-json\/wp\/v2\/types\/post"}],"author":[{"embeddable":true,"href":"https:\/\/reiseblock.ch\/wordpress\/wp-json\/wp\/v2\/users\/1"}],"replies":[{"embeddable":true,"href":"https:\/\/reiseblock.ch\/wordpress\/wp-json\/wp\/v2\/comments?post=1133"}],"version-history":[{"count":10,"href":"https:\/\/reiseblock.ch\/wordpress\/wp-json\/wp\/v2\/posts\/1133\/revisions"}],"predecessor-version":[{"id":2971,"href":"https:\/\/reiseblock.ch\/wordpress\/wp-json\/wp\/v2\/posts\/1133\/revisions\/2971"}],"wp:featuredmedia":[{"embeddable":true,"href":"https:\/\/reiseblock.ch\/wordpress\/wp-json\/wp\/v2\/media\/1134"}],"wp:attachment":[{"href":"https:\/\/reiseblock.ch\/wordpress\/wp-json\/wp\/v2\/media?parent=1133"}],"wp:term":[{"taxonomy":"category","embeddable":true,"href":"https:\/\/reiseblock.ch\/wordpress\/wp-json\/wp\/v2\/categories?post=1133"},{"taxonomy":"post_tag","embeddable":true,"href":"https:\/\/reiseblock.ch\/wordpress\/wp-json\/wp\/v2\/tags?post=1133"}],"curies":[{"name":"wp","href":"https:\/\/api.w.org\/{rel}","templated":true}]}}