{"id":1119,"date":"2015-01-07T18:40:15","date_gmt":"2015-01-07T17:40:15","guid":{"rendered":"http:\/\/reiseblock.ch\/wordpress\/?p=1119"},"modified":"2017-05-23T18:22:26","modified_gmt":"2017-05-23T16:22:26","slug":"bezauberndes-budapest-im-winter","status":"publish","type":"post","link":"https:\/\/reiseblock.ch\/wordpress\/bezauberndes-budapest-im-winter\/","title":{"rendered":"Bezauberndes Budapest im Winter"},"content":{"rendered":"<div id=\"attachment_1120\" style=\"width: 1010px\" class=\"wp-caption alignleft\"><a href=\"http:\/\/reiseblock.ch\/wordpress\/wp-content\/uploads\/2015\/01\/Budapest_Web.jpg\"><img loading=\"lazy\" decoding=\"async\" aria-describedby=\"caption-attachment-1120\" class=\"wp-image-1120 size-full\" src=\"http:\/\/reiseblock.ch\/wordpress\/wp-content\/uploads\/2015\/01\/Budapest_Web.jpg\" alt=\"Budapest liegt uns von der Zitadelle aus zu F\u00fcssen\" width=\"1000\" height=\"666\" srcset=\"https:\/\/reiseblock.ch\/wordpress\/wp-content\/uploads\/2015\/01\/Budapest_Web.jpg 1000w, https:\/\/reiseblock.ch\/wordpress\/wp-content\/uploads\/2015\/01\/Budapest_Web-300x200.jpg 300w\" sizes=\"auto, (max-width: 1000px) 100vw, 1000px\" \/><\/a><p id=\"caption-attachment-1120\" class=\"wp-caption-text\"><span style=\"font-family: Book Antiqua,Palatino; font-size: 12pt;\">Budapest liegt uns von der Zitadelle aus zu F\u00fcssen<\/span><\/p><\/div>\n<p><span style=\"font-size: 12pt; font-family: Book Antiqua,Palatino;\">Budapest: Ankunft morgens um 9 Uhr mit dem Nachtzug von Z\u00fcrich. Der erste Kaffee, das erste Fr\u00fchst\u00fcck, die ersten Orientierungsversuche. Doch schon bald sind wir mit einem 3-Tage-Ticket versorgt, zusammen mit den Tipps, wie wir zu unserem Hotel gelangen. Das klappt erstaunlich gut und schnell.<\/span><\/p>\n<p><span style=\"font-family: Book Antiqua,Palatino; font-size: 12pt;\"><!--more--><\/span><\/p>\n<p><span style=\"font-size: 12pt; font-family: Book Antiqua,Palatino;\">An die ungarische W\u00e4hrung Forint hingegen m\u00fcssen wir uns erst gew\u00f6hnen. Um 11 Uhr k\u00f6nnen wir zu unserer \u00dcberraschung bereits die Zimmer beziehen. Und nun? Die einen zieht es sofort auf Stadtbesichtigung, die anderen in das hoteleigene Wellnessbad. Die Letzteren gewinnen. Wir werden diese kleine Oase von Tag zu Tag mehr sch\u00e4tzen lernen. Es ist Dezember, klirrend kalt draussen.<\/span><\/p>\n<p><span style=\"font-size: 12pt; font-family: Book Antiqua,Palatino;\">Die ersten Gehversuche in der Stadt. Die ungarischen Strassennamen verwirren uns, und dennoch gelangen wir innert K\u00fcrze problemlos mit den Verkehrsmitteln, U-Bahn, Tram und Bus, durch die ganze Stadt. Was uns an <a href=\"http:\/\/www.budapest.com\/index.de.html\" target=\"_blank\" rel=\"noopener noreferrer\">Budapest<\/a> besonders gef\u00e4llt: Das Stadtzentrum ist rund um die Donau angelegt, das Stadtparlament auf der einen Seite, Burgviertel und Zitadelle auf der anderen. Nicht nur, aber besonders am Abend gibt das ein eindr\u00fcckliches, beleuchtetes Panorama mit der ber\u00fchmten Kettenbr\u00fccke \u00fcber die Donau. Das k\u00f6nnen wir an diesen kurzen Tagen und langen N\u00e4chten ausgiebig geniessen. Immer wieder trifft man auch auf den englischen Begriff f\u00fcr die Donau: Danube. <\/span><\/p>\n<p><span style=\"font-size: 12pt; font-family: Book Antiqua,Palatino;\">Wussten Sie, dass sich der Name von Budapest aus Buda auf der einen Seite der Donau und Pest auf der anderen Seite des Flusses zusammensetzt?<\/span><\/p>\n","protected":false},"excerpt":{"rendered":"<p>Budapest: Ankunft morgens um 9 Uhr mit dem Nachtzug von Z\u00fcrich. Der erste Kaffee, das erste Fr\u00fchst\u00fcck, die ersten Orientierungsversuche. Doch schon bald sind wir [&#8230;]<\/p>\n","protected":false},"author":1,"featured_media":1120,"comment_status":"open","ping_status":"open","sticky":false,"template":"","format":"standard","meta":{"footnotes":""},"categories":[10],"tags":[145,99,146],"class_list":["post-1119","post","type-post","status-publish","format-standard","has-post-thumbnail","hentry","category-erlebt","tag-budapest","tag-staedtereise","tag-ungarn"],"yoast_head":"<!-- This site is optimized with the Yoast SEO plugin v27.8 - https:\/\/yoast.com\/product\/yoast-seo-wordpress\/ -->\n<title>Bezauberndes Budapest im Winter &#8211; Reiseblock<\/title>\n<meta name=\"description\" content=\"Budapest, die ungarische Hauptstadt, ist w\u00e4hrend des ganzen Jahres einen Besuch wert, auch im Winter bei klirrender K\u00e4lte.\" \/>\n<meta name=\"robots\" content=\"index, follow, max-snippet:-1, max-image-preview:large, max-video-preview:-1\" \/>\n<link rel=\"canonical\" href=\"https:\/\/reiseblock.ch\/wordpress\/bezauberndes-budapest-im-winter\/\" \/>\n<meta property=\"og:locale\" content=\"de_DE\" \/>\n<meta property=\"og:type\" content=\"article\" \/>\n<meta property=\"og:title\" content=\"Bezauberndes Budapest im Winter &#8211; Reiseblock\" \/>\n<meta property=\"og:description\" content=\"Budapest, die ungarische Hauptstadt, ist w\u00e4hrend des ganzen Jahres einen Besuch wert, auch im Winter bei klirrender K\u00e4lte.\" \/>\n<meta property=\"og:url\" content=\"https:\/\/reiseblock.ch\/wordpress\/bezauberndes-budapest-im-winter\/\" \/>\n<meta property=\"og:site_name\" content=\"Reiseblock\" \/>\n<meta property=\"article:published_time\" content=\"2015-01-07T17:40:15+00:00\" \/>\n<meta property=\"article:modified_time\" content=\"2017-05-23T16:22:26+00:00\" \/>\n<meta property=\"og:image\" content=\"https:\/\/reiseblock.ch\/wordpress\/wp-content\/uploads\/2015\/01\/Budapest_Web.jpg\" \/>\n\t<meta property=\"og:image:width\" content=\"1000\" \/>\n\t<meta property=\"og:image:height\" content=\"666\" \/>\n\t<meta property=\"og:image:type\" content=\"image\/jpeg\" \/>\n<meta name=\"author\" content=\"admin\" \/>\n<meta name=\"twitter:label1\" content=\"Verfasst von\" \/>\n\t<meta name=\"twitter:data1\" content=\"admin\" \/>\n\t<meta name=\"twitter:label2\" content=\"Gesch\u00e4tzte Lesezeit\" \/>\n\t<meta name=\"twitter:data2\" content=\"1\u00a0Minute\" \/>\n<script type=\"application\/ld+json\" class=\"yoast-schema-graph\">{\"@context\":\"https:\\\/\\\/schema.org\",\"@graph\":[{\"@type\":\"Article\",\"@id\":\"https:\\\/\\\/reiseblock.ch\\\/wordpress\\\/bezauberndes-budapest-im-winter\\\/#article\",\"isPartOf\":{\"@id\":\"https:\\\/\\\/reiseblock.ch\\\/wordpress\\\/bezauberndes-budapest-im-winter\\\/\"},\"author\":{\"name\":\"admin\",\"@id\":\"https:\\\/\\\/reiseblock.ch\\\/wordpress\\\/#\\\/schema\\\/person\\\/739b103f8e7941f579794d17e2187721\"},\"headline\":\"Bezauberndes Budapest im Winter\",\"datePublished\":\"2015-01-07T17:40:15+00:00\",\"dateModified\":\"2017-05-23T16:22:26+00:00\",\"mainEntityOfPage\":{\"@id\":\"https:\\\/\\\/reiseblock.ch\\\/wordpress\\\/bezauberndes-budapest-im-winter\\\/\"},\"wordCount\":263,\"commentCount\":0,\"publisher\":{\"@id\":\"https:\\\/\\\/reiseblock.ch\\\/wordpress\\\/#\\\/schema\\\/person\\\/eafba14374f16d5fa4f73efd49243014\"},\"image\":{\"@id\":\"https:\\\/\\\/reiseblock.ch\\\/wordpress\\\/bezauberndes-budapest-im-winter\\\/#primaryimage\"},\"thumbnailUrl\":\"https:\\\/\\\/reiseblock.ch\\\/wordpress\\\/wp-content\\\/uploads\\\/2015\\\/01\\\/Budapest_Web.jpg\",\"keywords\":[\"Budapest\",\"St\u00e4dtereise\",\"Ungarn\"],\"articleSection\":[\"Erlebt\"],\"inLanguage\":\"de\",\"potentialAction\":[{\"@type\":\"CommentAction\",\"name\":\"Comment\",\"target\":[\"https:\\\/\\\/reiseblock.ch\\\/wordpress\\\/bezauberndes-budapest-im-winter\\\/#respond\"]}]},{\"@type\":\"WebPage\",\"@id\":\"https:\\\/\\\/reiseblock.ch\\\/wordpress\\\/bezauberndes-budapest-im-winter\\\/\",\"url\":\"https:\\\/\\\/reiseblock.ch\\\/wordpress\\\/bezauberndes-budapest-im-winter\\\/\",\"name\":\"Bezauberndes Budapest im Winter &#8211; Reiseblock\",\"isPartOf\":{\"@id\":\"https:\\\/\\\/reiseblock.ch\\\/wordpress\\\/#website\"},\"primaryImageOfPage\":{\"@id\":\"https:\\\/\\\/reiseblock.ch\\\/wordpress\\\/bezauberndes-budapest-im-winter\\\/#primaryimage\"},\"image\":{\"@id\":\"https:\\\/\\\/reiseblock.ch\\\/wordpress\\\/bezauberndes-budapest-im-winter\\\/#primaryimage\"},\"thumbnailUrl\":\"https:\\\/\\\/reiseblock.ch\\\/wordpress\\\/wp-content\\\/uploads\\\/2015\\\/01\\\/Budapest_Web.jpg\",\"datePublished\":\"2015-01-07T17:40:15+00:00\",\"dateModified\":\"2017-05-23T16:22:26+00:00\",\"description\":\"Budapest, die ungarische Hauptstadt, ist w\u00e4hrend des ganzen Jahres einen Besuch wert, auch im Winter bei klirrender K\u00e4lte.\",\"breadcrumb\":{\"@id\":\"https:\\\/\\\/reiseblock.ch\\\/wordpress\\\/bezauberndes-budapest-im-winter\\\/#breadcrumb\"},\"inLanguage\":\"de\",\"potentialAction\":[{\"@type\":\"ReadAction\",\"target\":[\"https:\\\/\\\/reiseblock.ch\\\/wordpress\\\/bezauberndes-budapest-im-winter\\\/\"]}]},{\"@type\":\"ImageObject\",\"inLanguage\":\"de\",\"@id\":\"https:\\\/\\\/reiseblock.ch\\\/wordpress\\\/bezauberndes-budapest-im-winter\\\/#primaryimage\",\"url\":\"https:\\\/\\\/reiseblock.ch\\\/wordpress\\\/wp-content\\\/uploads\\\/2015\\\/01\\\/Budapest_Web.jpg\",\"contentUrl\":\"https:\\\/\\\/reiseblock.ch\\\/wordpress\\\/wp-content\\\/uploads\\\/2015\\\/01\\\/Budapest_Web.jpg\",\"width\":1000,\"height\":666,\"caption\":\"Die Stadt liegt uns von der Zitadelle aus zu F\u00fcssen\"},{\"@type\":\"BreadcrumbList\",\"@id\":\"https:\\\/\\\/reiseblock.ch\\\/wordpress\\\/bezauberndes-budapest-im-winter\\\/#breadcrumb\",\"itemListElement\":[{\"@type\":\"ListItem\",\"position\":1,\"name\":\"Home\",\"item\":\"https:\\\/\\\/reiseblock.ch\\\/wordpress\\\/\"},{\"@type\":\"ListItem\",\"position\":2,\"name\":\"Bezauberndes Budapest im Winter\"}]},{\"@type\":\"WebSite\",\"@id\":\"https:\\\/\\\/reiseblock.ch\\\/wordpress\\\/#website\",\"url\":\"https:\\\/\\\/reiseblock.ch\\\/wordpress\\\/\",\"name\":\"Reiseblock\",\"description\":\"Ursula Kohlers ReiseWeise\",\"publisher\":{\"@id\":\"https:\\\/\\\/reiseblock.ch\\\/wordpress\\\/#\\\/schema\\\/person\\\/eafba14374f16d5fa4f73efd49243014\"},\"potentialAction\":[{\"@type\":\"SearchAction\",\"target\":{\"@type\":\"EntryPoint\",\"urlTemplate\":\"https:\\\/\\\/reiseblock.ch\\\/wordpress\\\/?s={search_term_string}\"},\"query-input\":{\"@type\":\"PropertyValueSpecification\",\"valueRequired\":true,\"valueName\":\"search_term_string\"}}],\"inLanguage\":\"de\"},{\"@type\":[\"Person\",\"Organization\"],\"@id\":\"https:\\\/\\\/reiseblock.ch\\\/wordpress\\\/#\\\/schema\\\/person\\\/eafba14374f16d5fa4f73efd49243014\",\"name\":\"Ursula Kohler\",\"image\":{\"@type\":\"ImageObject\",\"inLanguage\":\"de\",\"@id\":\"https:\\\/\\\/secure.gravatar.com\\\/avatar\\\/014d9b9a971f617638f4298cbb55f92d20b3bf0d1c9cc32f65333b2769bcf867?s=96&d=blank&r=g\",\"url\":\"https:\\\/\\\/secure.gravatar.com\\\/avatar\\\/014d9b9a971f617638f4298cbb55f92d20b3bf0d1c9cc32f65333b2769bcf867?s=96&d=blank&r=g\",\"contentUrl\":\"https:\\\/\\\/secure.gravatar.com\\\/avatar\\\/014d9b9a971f617638f4298cbb55f92d20b3bf0d1c9cc32f65333b2769bcf867?s=96&d=blank&r=g\",\"caption\":\"Ursula Kohler\"},\"logo\":{\"@id\":\"https:\\\/\\\/secure.gravatar.com\\\/avatar\\\/014d9b9a971f617638f4298cbb55f92d20b3bf0d1c9cc32f65333b2769bcf867?s=96&d=blank&r=g\"}},{\"@type\":\"Person\",\"@id\":\"https:\\\/\\\/reiseblock.ch\\\/wordpress\\\/#\\\/schema\\\/person\\\/739b103f8e7941f579794d17e2187721\",\"name\":\"admin\",\"image\":{\"@type\":\"ImageObject\",\"inLanguage\":\"de\",\"@id\":\"https:\\\/\\\/secure.gravatar.com\\\/avatar\\\/a0f702f22ecd58ce02800a54cb2055cabe1fa8d7cf75ab377ce2f2b8503f188c?s=96&d=blank&r=g\",\"url\":\"https:\\\/\\\/secure.gravatar.com\\\/avatar\\\/a0f702f22ecd58ce02800a54cb2055cabe1fa8d7cf75ab377ce2f2b8503f188c?s=96&d=blank&r=g\",\"contentUrl\":\"https:\\\/\\\/secure.gravatar.com\\\/avatar\\\/a0f702f22ecd58ce02800a54cb2055cabe1fa8d7cf75ab377ce2f2b8503f188c?s=96&d=blank&r=g\",\"caption\":\"admin\"},\"url\":\"https:\\\/\\\/reiseblock.ch\\\/wordpress\\\/author\\\/admin\\\/\"}]}<\/script>\n<!-- \/ Yoast SEO plugin. -->","yoast_head_json":{"title":"Bezauberndes Budapest im Winter &#8211; Reiseblock","description":"Budapest, die ungarische Hauptstadt, ist w\u00e4hrend des ganzen Jahres einen Besuch wert, auch im Winter bei klirrender K\u00e4lte.","robots":{"index":"index","follow":"follow","max-snippet":"max-snippet:-1","max-image-preview":"max-image-preview:large","max-video-preview":"max-video-preview:-1"},"canonical":"https:\/\/reiseblock.ch\/wordpress\/bezauberndes-budapest-im-winter\/","og_locale":"de_DE","og_type":"article","og_title":"Bezauberndes Budapest im Winter &#8211; Reiseblock","og_description":"Budapest, die ungarische Hauptstadt, ist w\u00e4hrend des ganzen Jahres einen Besuch wert, auch im Winter bei klirrender K\u00e4lte.","og_url":"https:\/\/reiseblock.ch\/wordpress\/bezauberndes-budapest-im-winter\/","og_site_name":"Reiseblock","article_published_time":"2015-01-07T17:40:15+00:00","article_modified_time":"2017-05-23T16:22:26+00:00","og_image":[{"width":1000,"height":666,"url":"https:\/\/reiseblock.ch\/wordpress\/wp-content\/uploads\/2015\/01\/Budapest_Web.jpg","type":"image\/jpeg"}],"author":"admin","twitter_misc":{"Verfasst von":"admin","Gesch\u00e4tzte Lesezeit":"1\u00a0Minute"},"schema":{"@context":"https:\/\/schema.org","@graph":[{"@type":"Article","@id":"https:\/\/reiseblock.ch\/wordpress\/bezauberndes-budapest-im-winter\/#article","isPartOf":{"@id":"https:\/\/reiseblock.ch\/wordpress\/bezauberndes-budapest-im-winter\/"},"author":{"name":"admin","@id":"https:\/\/reiseblock.ch\/wordpress\/#\/schema\/person\/739b103f8e7941f579794d17e2187721"},"headline":"Bezauberndes Budapest im Winter","datePublished":"2015-01-07T17:40:15+00:00","dateModified":"2017-05-23T16:22:26+00:00","mainEntityOfPage":{"@id":"https:\/\/reiseblock.ch\/wordpress\/bezauberndes-budapest-im-winter\/"},"wordCount":263,"commentCount":0,"publisher":{"@id":"https:\/\/reiseblock.ch\/wordpress\/#\/schema\/person\/eafba14374f16d5fa4f73efd49243014"},"image":{"@id":"https:\/\/reiseblock.ch\/wordpress\/bezauberndes-budapest-im-winter\/#primaryimage"},"thumbnailUrl":"https:\/\/reiseblock.ch\/wordpress\/wp-content\/uploads\/2015\/01\/Budapest_Web.jpg","keywords":["Budapest","St\u00e4dtereise","Ungarn"],"articleSection":["Erlebt"],"inLanguage":"de","potentialAction":[{"@type":"CommentAction","name":"Comment","target":["https:\/\/reiseblock.ch\/wordpress\/bezauberndes-budapest-im-winter\/#respond"]}]},{"@type":"WebPage","@id":"https:\/\/reiseblock.ch\/wordpress\/bezauberndes-budapest-im-winter\/","url":"https:\/\/reiseblock.ch\/wordpress\/bezauberndes-budapest-im-winter\/","name":"Bezauberndes Budapest im Winter &#8211; Reiseblock","isPartOf":{"@id":"https:\/\/reiseblock.ch\/wordpress\/#website"},"primaryImageOfPage":{"@id":"https:\/\/reiseblock.ch\/wordpress\/bezauberndes-budapest-im-winter\/#primaryimage"},"image":{"@id":"https:\/\/reiseblock.ch\/wordpress\/bezauberndes-budapest-im-winter\/#primaryimage"},"thumbnailUrl":"https:\/\/reiseblock.ch\/wordpress\/wp-content\/uploads\/2015\/01\/Budapest_Web.jpg","datePublished":"2015-01-07T17:40:15+00:00","dateModified":"2017-05-23T16:22:26+00:00","description":"Budapest, die ungarische Hauptstadt, ist w\u00e4hrend des ganzen Jahres einen Besuch wert, auch im Winter bei klirrender K\u00e4lte.","breadcrumb":{"@id":"https:\/\/reiseblock.ch\/wordpress\/bezauberndes-budapest-im-winter\/#breadcrumb"},"inLanguage":"de","potentialAction":[{"@type":"ReadAction","target":["https:\/\/reiseblock.ch\/wordpress\/bezauberndes-budapest-im-winter\/"]}]},{"@type":"ImageObject","inLanguage":"de","@id":"https:\/\/reiseblock.ch\/wordpress\/bezauberndes-budapest-im-winter\/#primaryimage","url":"https:\/\/reiseblock.ch\/wordpress\/wp-content\/uploads\/2015\/01\/Budapest_Web.jpg","contentUrl":"https:\/\/reiseblock.ch\/wordpress\/wp-content\/uploads\/2015\/01\/Budapest_Web.jpg","width":1000,"height":666,"caption":"Die Stadt liegt uns von der Zitadelle aus zu F\u00fcssen"},{"@type":"BreadcrumbList","@id":"https:\/\/reiseblock.ch\/wordpress\/bezauberndes-budapest-im-winter\/#breadcrumb","itemListElement":[{"@type":"ListItem","position":1,"name":"Home","item":"https:\/\/reiseblock.ch\/wordpress\/"},{"@type":"ListItem","position":2,"name":"Bezauberndes Budapest im Winter"}]},{"@type":"WebSite","@id":"https:\/\/reiseblock.ch\/wordpress\/#website","url":"https:\/\/reiseblock.ch\/wordpress\/","name":"Reiseblock","description":"Ursula Kohlers ReiseWeise","publisher":{"@id":"https:\/\/reiseblock.ch\/wordpress\/#\/schema\/person\/eafba14374f16d5fa4f73efd49243014"},"potentialAction":[{"@type":"SearchAction","target":{"@type":"EntryPoint","urlTemplate":"https:\/\/reiseblock.ch\/wordpress\/?s={search_term_string}"},"query-input":{"@type":"PropertyValueSpecification","valueRequired":true,"valueName":"search_term_string"}}],"inLanguage":"de"},{"@type":["Person","Organization"],"@id":"https:\/\/reiseblock.ch\/wordpress\/#\/schema\/person\/eafba14374f16d5fa4f73efd49243014","name":"Ursula Kohler","image":{"@type":"ImageObject","inLanguage":"de","@id":"https:\/\/secure.gravatar.com\/avatar\/014d9b9a971f617638f4298cbb55f92d20b3bf0d1c9cc32f65333b2769bcf867?s=96&d=blank&r=g","url":"https:\/\/secure.gravatar.com\/avatar\/014d9b9a971f617638f4298cbb55f92d20b3bf0d1c9cc32f65333b2769bcf867?s=96&d=blank&r=g","contentUrl":"https:\/\/secure.gravatar.com\/avatar\/014d9b9a971f617638f4298cbb55f92d20b3bf0d1c9cc32f65333b2769bcf867?s=96&d=blank&r=g","caption":"Ursula Kohler"},"logo":{"@id":"https:\/\/secure.gravatar.com\/avatar\/014d9b9a971f617638f4298cbb55f92d20b3bf0d1c9cc32f65333b2769bcf867?s=96&d=blank&r=g"}},{"@type":"Person","@id":"https:\/\/reiseblock.ch\/wordpress\/#\/schema\/person\/739b103f8e7941f579794d17e2187721","name":"admin","image":{"@type":"ImageObject","inLanguage":"de","@id":"https:\/\/secure.gravatar.com\/avatar\/a0f702f22ecd58ce02800a54cb2055cabe1fa8d7cf75ab377ce2f2b8503f188c?s=96&d=blank&r=g","url":"https:\/\/secure.gravatar.com\/avatar\/a0f702f22ecd58ce02800a54cb2055cabe1fa8d7cf75ab377ce2f2b8503f188c?s=96&d=blank&r=g","contentUrl":"https:\/\/secure.gravatar.com\/avatar\/a0f702f22ecd58ce02800a54cb2055cabe1fa8d7cf75ab377ce2f2b8503f188c?s=96&d=blank&r=g","caption":"admin"},"url":"https:\/\/reiseblock.ch\/wordpress\/author\/admin\/"}]}},"_links":{"self":[{"href":"https:\/\/reiseblock.ch\/wordpress\/wp-json\/wp\/v2\/posts\/1119","targetHints":{"allow":["GET"]}}],"collection":[{"href":"https:\/\/reiseblock.ch\/wordpress\/wp-json\/wp\/v2\/posts"}],"about":[{"href":"https:\/\/reiseblock.ch\/wordpress\/wp-json\/wp\/v2\/types\/post"}],"author":[{"embeddable":true,"href":"https:\/\/reiseblock.ch\/wordpress\/wp-json\/wp\/v2\/users\/1"}],"replies":[{"embeddable":true,"href":"https:\/\/reiseblock.ch\/wordpress\/wp-json\/wp\/v2\/comments?post=1119"}],"version-history":[{"count":15,"href":"https:\/\/reiseblock.ch\/wordpress\/wp-json\/wp\/v2\/posts\/1119\/revisions"}],"predecessor-version":[{"id":1800,"href":"https:\/\/reiseblock.ch\/wordpress\/wp-json\/wp\/v2\/posts\/1119\/revisions\/1800"}],"wp:featuredmedia":[{"embeddable":true,"href":"https:\/\/reiseblock.ch\/wordpress\/wp-json\/wp\/v2\/media\/1120"}],"wp:attachment":[{"href":"https:\/\/reiseblock.ch\/wordpress\/wp-json\/wp\/v2\/media?parent=1119"}],"wp:term":[{"taxonomy":"category","embeddable":true,"href":"https:\/\/reiseblock.ch\/wordpress\/wp-json\/wp\/v2\/categories?post=1119"},{"taxonomy":"post_tag","embeddable":true,"href":"https:\/\/reiseblock.ch\/wordpress\/wp-json\/wp\/v2\/tags?post=1119"}],"curies":[{"name":"wp","href":"https:\/\/api.w.org\/{rel}","templated":true}]}}