{"id":1092,"date":"2015-03-30T09:41:18","date_gmt":"2015-03-30T07:41:18","guid":{"rendered":"http:\/\/reiseblock.ch\/wordpress\/?p=1092"},"modified":"2017-05-23T18:16:32","modified_gmt":"2017-05-23T16:16:32","slug":"mir-sind-vo-baeretswil","status":"publish","type":"post","link":"https:\/\/reiseblock.ch\/wordpress\/mir-sind-vo-baeretswil\/","title":{"rendered":"Mir sind vo B\u00e4retswil &#8230; im Z\u00fcrcher Oberland"},"content":{"rendered":"<div id=\"attachment_1171\" style=\"width: 897px\" class=\"wp-caption alignleft\"><a href=\"http:\/\/reiseblock.ch\/wordpress\/wp-content\/uploads\/2015\/03\/Baeretswil_Web_4.jpg\"><img loading=\"lazy\" decoding=\"async\" aria-describedby=\"caption-attachment-1171\" class=\"wp-image-1171 size-full\" src=\"http:\/\/reiseblock.ch\/wordpress\/wp-content\/uploads\/2015\/03\/Baeretswil_Web_4.jpg\" alt=\"Der Bahnhof in B\u00e4retswil\" width=\"887\" height=\"605\" srcset=\"https:\/\/reiseblock.ch\/wordpress\/wp-content\/uploads\/2015\/03\/Baeretswil_Web_4.jpg 887w, https:\/\/reiseblock.ch\/wordpress\/wp-content\/uploads\/2015\/03\/Baeretswil_Web_4-300x205.jpg 300w\" sizes=\"auto, (max-width: 887px) 100vw, 887px\" \/><\/a><p id=\"caption-attachment-1171\" class=\"wp-caption-text\">Der Bahnhof in B\u00e4retswil<\/p><\/div>\n<p><span style=\"font-size: 12pt; font-family: Book Antiqua,Palatino;\">\u00abMir sind vo B\u00e4retswil und h\u00e4nd es R\u00e4dli zvil.\u00bb Dieser Spruch stammt von meinem Vater. Er hat als junger Mann im Z\u00fcrcher Oberland gelebt und gearbeitet. Was damit gemeint ist, dar\u00fcber habe ich mir nie Gedanken gemacht. <!--more--><\/span><\/p>\n<p><span style=\"font-size: 12pt; font-family: Book Antiqua,Palatino;\">\u00abHebed eu am B\u00e4nkli, hebed eu am B\u00e4nkli, d&#8217;SBB, die macht es R\u00e4nkli.\u00bb Diesen Vers haben wir Kinder jeweils hinten im Auto mitgesungen. Der war schon einfacher zu verstehen und mitzuwippen.<\/span><\/p>\n<p><span style=\"font-size: 12pt; font-family: Book Antiqua,Palatino;\">Jedenfalls habe ich einen Bezug zu B\u00e4retswil, ohne je bewusst dort gewesen zu sein. Bis zu diesem Herbst, als ich eine Wanderung von dieser Ortschaft aus startete, eine sehr reizvolle \u00fcbrigens. Sie f\u00fchrt von B\u00e4retswil \u00fcber Hinter Bettswil, Ferenwaltsberg, Gh\u00f6ch und Schloss nach Steg. Doch zuerst wollte ich meinen Bezug zur Ortschaft B\u00e4retswil mit dem Fotoapparat festhalten. Dieser h\u00fcbsche kleine Bahnhof! Ich selbst bin mit dem Bus angekommen. Und habe auch gleich herausgefunden, warum. Im 1901 erbauten Bahnhof B\u00e4retswil sind seit 1969 keine Personen mehr ein- und ausgestiegen. Doch heute verkehrt hier im Sommer die Dampflokomotive von Bauma nach Hinwil wieder. <a href=\"http:\/\/www.dvzo.ch\" target=\"_blank\" rel=\"noopener noreferrer\">Einsteigen bitte!<\/a><\/span><\/p>\n","protected":false},"excerpt":{"rendered":"<p>\u00abMir sind vo B\u00e4retswil und h\u00e4nd es R\u00e4dli zvil.\u00bb Dieser Spruch stammt von meinem Vater. Er hat als junger Mann im Z\u00fcrcher Oberland gelebt und [&#8230;]<\/p>\n","protected":false},"author":1,"featured_media":1171,"comment_status":"open","ping_status":"open","sticky":false,"template":"","format":"standard","meta":{"footnotes":""},"categories":[10],"tags":[142,143],"class_list":["post-1092","post","type-post","status-publish","format-standard","has-post-thumbnail","hentry","category-erlebt","tag-baeretswil","tag-dampfbahn"],"yoast_head":"<!-- This site is optimized with the Yoast SEO plugin v27.8 - https:\/\/yoast.com\/product\/yoast-seo-wordpress\/ -->\n<title>Mir sind vo B\u00e4retswil ... im Z\u00fcrcher Oberland &#8211; Reiseblock<\/title>\n<meta name=\"description\" content=\"B\u00e4retswil im Z\u00fcrcher Oberland ist ein perfekter Ausgangsort f\u00fcr viele sch\u00f6ne Wanderungen in der voralpinen Landschaft des Kantons.\" \/>\n<meta name=\"robots\" content=\"index, follow, max-snippet:-1, max-image-preview:large, max-video-preview:-1\" \/>\n<link rel=\"canonical\" href=\"https:\/\/reiseblock.ch\/wordpress\/mir-sind-vo-baeretswil\/\" \/>\n<meta property=\"og:locale\" content=\"de_DE\" \/>\n<meta property=\"og:type\" content=\"article\" \/>\n<meta property=\"og:title\" content=\"Mir sind vo B\u00e4retswil ... im Z\u00fcrcher Oberland &#8211; Reiseblock\" \/>\n<meta property=\"og:description\" content=\"B\u00e4retswil im Z\u00fcrcher Oberland ist ein perfekter Ausgangsort f\u00fcr viele sch\u00f6ne Wanderungen in der voralpinen Landschaft des Kantons.\" \/>\n<meta property=\"og:url\" content=\"https:\/\/reiseblock.ch\/wordpress\/mir-sind-vo-baeretswil\/\" \/>\n<meta property=\"og:site_name\" content=\"Reiseblock\" \/>\n<meta property=\"article:published_time\" content=\"2015-03-30T07:41:18+00:00\" \/>\n<meta property=\"article:modified_time\" content=\"2017-05-23T16:16:32+00:00\" \/>\n<meta property=\"og:image\" content=\"https:\/\/reiseblock.ch\/wordpress\/wp-content\/uploads\/2015\/03\/Baeretswil_Web_4.jpg\" \/>\n\t<meta property=\"og:image:width\" content=\"887\" \/>\n\t<meta property=\"og:image:height\" content=\"605\" \/>\n\t<meta property=\"og:image:type\" content=\"image\/jpeg\" \/>\n<meta name=\"author\" content=\"admin\" \/>\n<meta name=\"twitter:label1\" content=\"Verfasst von\" \/>\n\t<meta name=\"twitter:data1\" content=\"admin\" \/>\n\t<meta name=\"twitter:label2\" content=\"Gesch\u00e4tzte Lesezeit\" \/>\n\t<meta name=\"twitter:data2\" content=\"1\u00a0Minute\" \/>\n<script type=\"application\/ld+json\" class=\"yoast-schema-graph\">{\"@context\":\"https:\\\/\\\/schema.org\",\"@graph\":[{\"@type\":\"Article\",\"@id\":\"https:\\\/\\\/reiseblock.ch\\\/wordpress\\\/mir-sind-vo-baeretswil\\\/#article\",\"isPartOf\":{\"@id\":\"https:\\\/\\\/reiseblock.ch\\\/wordpress\\\/mir-sind-vo-baeretswil\\\/\"},\"author\":{\"name\":\"admin\",\"@id\":\"https:\\\/\\\/reiseblock.ch\\\/wordpress\\\/#\\\/schema\\\/person\\\/739b103f8e7941f579794d17e2187721\"},\"headline\":\"Mir sind vo B\u00e4retswil &#8230; im Z\u00fcrcher Oberland\",\"datePublished\":\"2015-03-30T07:41:18+00:00\",\"dateModified\":\"2017-05-23T16:16:32+00:00\",\"mainEntityOfPage\":{\"@id\":\"https:\\\/\\\/reiseblock.ch\\\/wordpress\\\/mir-sind-vo-baeretswil\\\/\"},\"wordCount\":206,\"commentCount\":0,\"publisher\":{\"@id\":\"https:\\\/\\\/reiseblock.ch\\\/wordpress\\\/#\\\/schema\\\/person\\\/eafba14374f16d5fa4f73efd49243014\"},\"image\":{\"@id\":\"https:\\\/\\\/reiseblock.ch\\\/wordpress\\\/mir-sind-vo-baeretswil\\\/#primaryimage\"},\"thumbnailUrl\":\"https:\\\/\\\/reiseblock.ch\\\/wordpress\\\/wp-content\\\/uploads\\\/2015\\\/03\\\/Baeretswil_Web_4.jpg\",\"keywords\":[\"B\u00e4retswil\",\"Dampfbahn\"],\"articleSection\":[\"Erlebt\"],\"inLanguage\":\"de\",\"potentialAction\":[{\"@type\":\"CommentAction\",\"name\":\"Comment\",\"target\":[\"https:\\\/\\\/reiseblock.ch\\\/wordpress\\\/mir-sind-vo-baeretswil\\\/#respond\"]}]},{\"@type\":\"WebPage\",\"@id\":\"https:\\\/\\\/reiseblock.ch\\\/wordpress\\\/mir-sind-vo-baeretswil\\\/\",\"url\":\"https:\\\/\\\/reiseblock.ch\\\/wordpress\\\/mir-sind-vo-baeretswil\\\/\",\"name\":\"Mir sind vo B\u00e4retswil ... im Z\u00fcrcher Oberland &#8211; Reiseblock\",\"isPartOf\":{\"@id\":\"https:\\\/\\\/reiseblock.ch\\\/wordpress\\\/#website\"},\"primaryImageOfPage\":{\"@id\":\"https:\\\/\\\/reiseblock.ch\\\/wordpress\\\/mir-sind-vo-baeretswil\\\/#primaryimage\"},\"image\":{\"@id\":\"https:\\\/\\\/reiseblock.ch\\\/wordpress\\\/mir-sind-vo-baeretswil\\\/#primaryimage\"},\"thumbnailUrl\":\"https:\\\/\\\/reiseblock.ch\\\/wordpress\\\/wp-content\\\/uploads\\\/2015\\\/03\\\/Baeretswil_Web_4.jpg\",\"datePublished\":\"2015-03-30T07:41:18+00:00\",\"dateModified\":\"2017-05-23T16:16:32+00:00\",\"description\":\"B\u00e4retswil im Z\u00fcrcher Oberland ist ein perfekter Ausgangsort f\u00fcr viele sch\u00f6ne Wanderungen in der voralpinen Landschaft des Kantons.\",\"breadcrumb\":{\"@id\":\"https:\\\/\\\/reiseblock.ch\\\/wordpress\\\/mir-sind-vo-baeretswil\\\/#breadcrumb\"},\"inLanguage\":\"de\",\"potentialAction\":[{\"@type\":\"ReadAction\",\"target\":[\"https:\\\/\\\/reiseblock.ch\\\/wordpress\\\/mir-sind-vo-baeretswil\\\/\"]}]},{\"@type\":\"ImageObject\",\"inLanguage\":\"de\",\"@id\":\"https:\\\/\\\/reiseblock.ch\\\/wordpress\\\/mir-sind-vo-baeretswil\\\/#primaryimage\",\"url\":\"https:\\\/\\\/reiseblock.ch\\\/wordpress\\\/wp-content\\\/uploads\\\/2015\\\/03\\\/Baeretswil_Web_4.jpg\",\"contentUrl\":\"https:\\\/\\\/reiseblock.ch\\\/wordpress\\\/wp-content\\\/uploads\\\/2015\\\/03\\\/Baeretswil_Web_4.jpg\",\"width\":887,\"height\":605,\"caption\":\"Der Bahnhof in Baeretswil\"},{\"@type\":\"BreadcrumbList\",\"@id\":\"https:\\\/\\\/reiseblock.ch\\\/wordpress\\\/mir-sind-vo-baeretswil\\\/#breadcrumb\",\"itemListElement\":[{\"@type\":\"ListItem\",\"position\":1,\"name\":\"Home\",\"item\":\"https:\\\/\\\/reiseblock.ch\\\/wordpress\\\/\"},{\"@type\":\"ListItem\",\"position\":2,\"name\":\"Mir sind vo B\u00e4retswil &#8230; im Z\u00fcrcher Oberland\"}]},{\"@type\":\"WebSite\",\"@id\":\"https:\\\/\\\/reiseblock.ch\\\/wordpress\\\/#website\",\"url\":\"https:\\\/\\\/reiseblock.ch\\\/wordpress\\\/\",\"name\":\"Reiseblock\",\"description\":\"Ursula Kohlers ReiseWeise\",\"publisher\":{\"@id\":\"https:\\\/\\\/reiseblock.ch\\\/wordpress\\\/#\\\/schema\\\/person\\\/eafba14374f16d5fa4f73efd49243014\"},\"potentialAction\":[{\"@type\":\"SearchAction\",\"target\":{\"@type\":\"EntryPoint\",\"urlTemplate\":\"https:\\\/\\\/reiseblock.ch\\\/wordpress\\\/?s={search_term_string}\"},\"query-input\":{\"@type\":\"PropertyValueSpecification\",\"valueRequired\":true,\"valueName\":\"search_term_string\"}}],\"inLanguage\":\"de\"},{\"@type\":[\"Person\",\"Organization\"],\"@id\":\"https:\\\/\\\/reiseblock.ch\\\/wordpress\\\/#\\\/schema\\\/person\\\/eafba14374f16d5fa4f73efd49243014\",\"name\":\"Ursula Kohler\",\"image\":{\"@type\":\"ImageObject\",\"inLanguage\":\"de\",\"@id\":\"https:\\\/\\\/secure.gravatar.com\\\/avatar\\\/014d9b9a971f617638f4298cbb55f92d20b3bf0d1c9cc32f65333b2769bcf867?s=96&d=blank&r=g\",\"url\":\"https:\\\/\\\/secure.gravatar.com\\\/avatar\\\/014d9b9a971f617638f4298cbb55f92d20b3bf0d1c9cc32f65333b2769bcf867?s=96&d=blank&r=g\",\"contentUrl\":\"https:\\\/\\\/secure.gravatar.com\\\/avatar\\\/014d9b9a971f617638f4298cbb55f92d20b3bf0d1c9cc32f65333b2769bcf867?s=96&d=blank&r=g\",\"caption\":\"Ursula Kohler\"},\"logo\":{\"@id\":\"https:\\\/\\\/secure.gravatar.com\\\/avatar\\\/014d9b9a971f617638f4298cbb55f92d20b3bf0d1c9cc32f65333b2769bcf867?s=96&d=blank&r=g\"}},{\"@type\":\"Person\",\"@id\":\"https:\\\/\\\/reiseblock.ch\\\/wordpress\\\/#\\\/schema\\\/person\\\/739b103f8e7941f579794d17e2187721\",\"name\":\"admin\",\"image\":{\"@type\":\"ImageObject\",\"inLanguage\":\"de\",\"@id\":\"https:\\\/\\\/secure.gravatar.com\\\/avatar\\\/a0f702f22ecd58ce02800a54cb2055cabe1fa8d7cf75ab377ce2f2b8503f188c?s=96&d=blank&r=g\",\"url\":\"https:\\\/\\\/secure.gravatar.com\\\/avatar\\\/a0f702f22ecd58ce02800a54cb2055cabe1fa8d7cf75ab377ce2f2b8503f188c?s=96&d=blank&r=g\",\"contentUrl\":\"https:\\\/\\\/secure.gravatar.com\\\/avatar\\\/a0f702f22ecd58ce02800a54cb2055cabe1fa8d7cf75ab377ce2f2b8503f188c?s=96&d=blank&r=g\",\"caption\":\"admin\"},\"url\":\"https:\\\/\\\/reiseblock.ch\\\/wordpress\\\/author\\\/admin\\\/\"}]}<\/script>\n<!-- \/ Yoast SEO plugin. -->","yoast_head_json":{"title":"Mir sind vo B\u00e4retswil ... im Z\u00fcrcher Oberland &#8211; Reiseblock","description":"B\u00e4retswil im Z\u00fcrcher Oberland ist ein perfekter Ausgangsort f\u00fcr viele sch\u00f6ne Wanderungen in der voralpinen Landschaft des Kantons.","robots":{"index":"index","follow":"follow","max-snippet":"max-snippet:-1","max-image-preview":"max-image-preview:large","max-video-preview":"max-video-preview:-1"},"canonical":"https:\/\/reiseblock.ch\/wordpress\/mir-sind-vo-baeretswil\/","og_locale":"de_DE","og_type":"article","og_title":"Mir sind vo B\u00e4retswil ... im Z\u00fcrcher Oberland &#8211; Reiseblock","og_description":"B\u00e4retswil im Z\u00fcrcher Oberland ist ein perfekter Ausgangsort f\u00fcr viele sch\u00f6ne Wanderungen in der voralpinen Landschaft des Kantons.","og_url":"https:\/\/reiseblock.ch\/wordpress\/mir-sind-vo-baeretswil\/","og_site_name":"Reiseblock","article_published_time":"2015-03-30T07:41:18+00:00","article_modified_time":"2017-05-23T16:16:32+00:00","og_image":[{"width":887,"height":605,"url":"https:\/\/reiseblock.ch\/wordpress\/wp-content\/uploads\/2015\/03\/Baeretswil_Web_4.jpg","type":"image\/jpeg"}],"author":"admin","twitter_misc":{"Verfasst von":"admin","Gesch\u00e4tzte Lesezeit":"1\u00a0Minute"},"schema":{"@context":"https:\/\/schema.org","@graph":[{"@type":"Article","@id":"https:\/\/reiseblock.ch\/wordpress\/mir-sind-vo-baeretswil\/#article","isPartOf":{"@id":"https:\/\/reiseblock.ch\/wordpress\/mir-sind-vo-baeretswil\/"},"author":{"name":"admin","@id":"https:\/\/reiseblock.ch\/wordpress\/#\/schema\/person\/739b103f8e7941f579794d17e2187721"},"headline":"Mir sind vo B\u00e4retswil &#8230; im Z\u00fcrcher Oberland","datePublished":"2015-03-30T07:41:18+00:00","dateModified":"2017-05-23T16:16:32+00:00","mainEntityOfPage":{"@id":"https:\/\/reiseblock.ch\/wordpress\/mir-sind-vo-baeretswil\/"},"wordCount":206,"commentCount":0,"publisher":{"@id":"https:\/\/reiseblock.ch\/wordpress\/#\/schema\/person\/eafba14374f16d5fa4f73efd49243014"},"image":{"@id":"https:\/\/reiseblock.ch\/wordpress\/mir-sind-vo-baeretswil\/#primaryimage"},"thumbnailUrl":"https:\/\/reiseblock.ch\/wordpress\/wp-content\/uploads\/2015\/03\/Baeretswil_Web_4.jpg","keywords":["B\u00e4retswil","Dampfbahn"],"articleSection":["Erlebt"],"inLanguage":"de","potentialAction":[{"@type":"CommentAction","name":"Comment","target":["https:\/\/reiseblock.ch\/wordpress\/mir-sind-vo-baeretswil\/#respond"]}]},{"@type":"WebPage","@id":"https:\/\/reiseblock.ch\/wordpress\/mir-sind-vo-baeretswil\/","url":"https:\/\/reiseblock.ch\/wordpress\/mir-sind-vo-baeretswil\/","name":"Mir sind vo B\u00e4retswil ... im Z\u00fcrcher Oberland &#8211; Reiseblock","isPartOf":{"@id":"https:\/\/reiseblock.ch\/wordpress\/#website"},"primaryImageOfPage":{"@id":"https:\/\/reiseblock.ch\/wordpress\/mir-sind-vo-baeretswil\/#primaryimage"},"image":{"@id":"https:\/\/reiseblock.ch\/wordpress\/mir-sind-vo-baeretswil\/#primaryimage"},"thumbnailUrl":"https:\/\/reiseblock.ch\/wordpress\/wp-content\/uploads\/2015\/03\/Baeretswil_Web_4.jpg","datePublished":"2015-03-30T07:41:18+00:00","dateModified":"2017-05-23T16:16:32+00:00","description":"B\u00e4retswil im Z\u00fcrcher Oberland ist ein perfekter Ausgangsort f\u00fcr viele sch\u00f6ne Wanderungen in der voralpinen Landschaft des Kantons.","breadcrumb":{"@id":"https:\/\/reiseblock.ch\/wordpress\/mir-sind-vo-baeretswil\/#breadcrumb"},"inLanguage":"de","potentialAction":[{"@type":"ReadAction","target":["https:\/\/reiseblock.ch\/wordpress\/mir-sind-vo-baeretswil\/"]}]},{"@type":"ImageObject","inLanguage":"de","@id":"https:\/\/reiseblock.ch\/wordpress\/mir-sind-vo-baeretswil\/#primaryimage","url":"https:\/\/reiseblock.ch\/wordpress\/wp-content\/uploads\/2015\/03\/Baeretswil_Web_4.jpg","contentUrl":"https:\/\/reiseblock.ch\/wordpress\/wp-content\/uploads\/2015\/03\/Baeretswil_Web_4.jpg","width":887,"height":605,"caption":"Der Bahnhof in Baeretswil"},{"@type":"BreadcrumbList","@id":"https:\/\/reiseblock.ch\/wordpress\/mir-sind-vo-baeretswil\/#breadcrumb","itemListElement":[{"@type":"ListItem","position":1,"name":"Home","item":"https:\/\/reiseblock.ch\/wordpress\/"},{"@type":"ListItem","position":2,"name":"Mir sind vo B\u00e4retswil &#8230; im Z\u00fcrcher Oberland"}]},{"@type":"WebSite","@id":"https:\/\/reiseblock.ch\/wordpress\/#website","url":"https:\/\/reiseblock.ch\/wordpress\/","name":"Reiseblock","description":"Ursula Kohlers ReiseWeise","publisher":{"@id":"https:\/\/reiseblock.ch\/wordpress\/#\/schema\/person\/eafba14374f16d5fa4f73efd49243014"},"potentialAction":[{"@type":"SearchAction","target":{"@type":"EntryPoint","urlTemplate":"https:\/\/reiseblock.ch\/wordpress\/?s={search_term_string}"},"query-input":{"@type":"PropertyValueSpecification","valueRequired":true,"valueName":"search_term_string"}}],"inLanguage":"de"},{"@type":["Person","Organization"],"@id":"https:\/\/reiseblock.ch\/wordpress\/#\/schema\/person\/eafba14374f16d5fa4f73efd49243014","name":"Ursula Kohler","image":{"@type":"ImageObject","inLanguage":"de","@id":"https:\/\/secure.gravatar.com\/avatar\/014d9b9a971f617638f4298cbb55f92d20b3bf0d1c9cc32f65333b2769bcf867?s=96&d=blank&r=g","url":"https:\/\/secure.gravatar.com\/avatar\/014d9b9a971f617638f4298cbb55f92d20b3bf0d1c9cc32f65333b2769bcf867?s=96&d=blank&r=g","contentUrl":"https:\/\/secure.gravatar.com\/avatar\/014d9b9a971f617638f4298cbb55f92d20b3bf0d1c9cc32f65333b2769bcf867?s=96&d=blank&r=g","caption":"Ursula Kohler"},"logo":{"@id":"https:\/\/secure.gravatar.com\/avatar\/014d9b9a971f617638f4298cbb55f92d20b3bf0d1c9cc32f65333b2769bcf867?s=96&d=blank&r=g"}},{"@type":"Person","@id":"https:\/\/reiseblock.ch\/wordpress\/#\/schema\/person\/739b103f8e7941f579794d17e2187721","name":"admin","image":{"@type":"ImageObject","inLanguage":"de","@id":"https:\/\/secure.gravatar.com\/avatar\/a0f702f22ecd58ce02800a54cb2055cabe1fa8d7cf75ab377ce2f2b8503f188c?s=96&d=blank&r=g","url":"https:\/\/secure.gravatar.com\/avatar\/a0f702f22ecd58ce02800a54cb2055cabe1fa8d7cf75ab377ce2f2b8503f188c?s=96&d=blank&r=g","contentUrl":"https:\/\/secure.gravatar.com\/avatar\/a0f702f22ecd58ce02800a54cb2055cabe1fa8d7cf75ab377ce2f2b8503f188c?s=96&d=blank&r=g","caption":"admin"},"url":"https:\/\/reiseblock.ch\/wordpress\/author\/admin\/"}]}},"_links":{"self":[{"href":"https:\/\/reiseblock.ch\/wordpress\/wp-json\/wp\/v2\/posts\/1092","targetHints":{"allow":["GET"]}}],"collection":[{"href":"https:\/\/reiseblock.ch\/wordpress\/wp-json\/wp\/v2\/posts"}],"about":[{"href":"https:\/\/reiseblock.ch\/wordpress\/wp-json\/wp\/v2\/types\/post"}],"author":[{"embeddable":true,"href":"https:\/\/reiseblock.ch\/wordpress\/wp-json\/wp\/v2\/users\/1"}],"replies":[{"embeddable":true,"href":"https:\/\/reiseblock.ch\/wordpress\/wp-json\/wp\/v2\/comments?post=1092"}],"version-history":[{"count":16,"href":"https:\/\/reiseblock.ch\/wordpress\/wp-json\/wp\/v2\/posts\/1092\/revisions"}],"predecessor-version":[{"id":1795,"href":"https:\/\/reiseblock.ch\/wordpress\/wp-json\/wp\/v2\/posts\/1092\/revisions\/1795"}],"wp:featuredmedia":[{"embeddable":true,"href":"https:\/\/reiseblock.ch\/wordpress\/wp-json\/wp\/v2\/media\/1171"}],"wp:attachment":[{"href":"https:\/\/reiseblock.ch\/wordpress\/wp-json\/wp\/v2\/media?parent=1092"}],"wp:term":[{"taxonomy":"category","embeddable":true,"href":"https:\/\/reiseblock.ch\/wordpress\/wp-json\/wp\/v2\/categories?post=1092"},{"taxonomy":"post_tag","embeddable":true,"href":"https:\/\/reiseblock.ch\/wordpress\/wp-json\/wp\/v2\/tags?post=1092"}],"curies":[{"name":"wp","href":"https:\/\/api.w.org\/{rel}","templated":true}]}}