{"id":1077,"date":"2014-11-23T17:44:41","date_gmt":"2014-11-23T16:44:41","guid":{"rendered":"http:\/\/reiseblock.ch\/wordpress\/?p=1077"},"modified":"2015-10-05T22:26:31","modified_gmt":"2015-10-05T20:26:31","slug":"vor-lauter-baeumen-gubrist","status":"publish","type":"post","link":"https:\/\/reiseblock.ch\/wordpress\/vor-lauter-baeumen-gubrist\/","title":{"rendered":"Vor lauter B\u00e4umen &#8230; auf dem Gubrist"},"content":{"rendered":"<div id=\"attachment_1079\" style=\"width: 1010px\" class=\"wp-caption alignleft\"><a href=\"http:\/\/reiseblock.ch\/wordpress\/wp-content\/uploads\/2014\/11\/Wald_Web.jpg\"><img loading=\"lazy\" decoding=\"async\" aria-describedby=\"caption-attachment-1079\" class=\"wp-image-1079 size-full\" src=\"http:\/\/reiseblock.ch\/wordpress\/wp-content\/uploads\/2014\/11\/Wald_Web.jpg\" alt=\"Im Wald auf dem Gubrist: wie es an vielen Orten sein k\u00f6nnte\" width=\"1000\" height=\"667\" srcset=\"https:\/\/reiseblock.ch\/wordpress\/wp-content\/uploads\/2014\/11\/Wald_Web.jpg 1000w, https:\/\/reiseblock.ch\/wordpress\/wp-content\/uploads\/2014\/11\/Wald_Web-300x200.jpg 300w\" sizes=\"auto, (max-width: 1000px) 100vw, 1000px\" \/><\/a><p id=\"caption-attachment-1079\" class=\"wp-caption-text\">Im Wald auf dem Gubrist: wie es an vielen Orten sein k\u00f6nnte<\/p><\/div>\n<p><span style=\"font-size: 12pt;\">Nicht immer muss es eine Woche Ferien sein, ein Wochenende, ein Tagesausflug. Nicht einmal sch\u00f6nes Wetter braucht es. Nur einen halben Tag Zeit. Im Kanton Z\u00fcrich, was sicher f\u00fcr die anderen Kantone auch gilt, kann man praktisch von jedem Ort aus starten.<\/span><!--more--><\/p>\n<p><span style=\"font-size: 12pt;\"> Innert k\u00fcrzester Zeit ist man in einem Wald, auf einer Wiese, an einem Bach. Gerade der Herbst mit seinen Stimmungen und Farben l\u00e4dt dazu ein, in den Wald zu gehen. Wer h\u00e4tte gedacht, dass wir uns hier oberhalb der Autobahn durch den Gubrist befinden? Unten brausen die Autos durch, und wir hier oben haben den Wald praktisch f\u00fcr uns alleine. Einfach auf der <a href=\"http:\/\/map.wanderland.ch\/?lang=de&amp;route=all&amp;layer=wanderwegnetzhttp:\/\/\" target=\"_blank\">Karte von schweizmobil.ch <\/a>nachschauen, wo sich die Wanderwege befinden, und dann losgehen.<\/span><\/p>\n","protected":false},"excerpt":{"rendered":"<p>Nicht immer muss es eine Woche Ferien sein, ein Wochenende, ein Tagesausflug. Nicht einmal sch\u00f6nes Wetter braucht es. Nur einen halben Tag Zeit. Im Kanton [&#8230;]<\/p>\n","protected":false},"author":1,"featured_media":1079,"comment_status":"open","ping_status":"open","sticky":false,"template":"","format":"standard","meta":{"footnotes":""},"categories":[7],"tags":[139,138,12],"class_list":["post-1077","post","type-post","status-publish","format-standard","has-post-thumbnail","hentry","category-gesehen","tag-herbst","tag-wald","tag-wandern"],"yoast_head":"<!-- This site is optimized with the Yoast SEO plugin v27.8 - https:\/\/yoast.com\/product\/yoast-seo-wordpress\/ -->\n<title>Vor lauter B\u00e4umen ... auf dem Gubrist &#8211; Reiseblock<\/title>\n<meta name=\"description\" content=\"Der Wald auf dem Gubrist ist wie an vielen Orten, aber erstaunlich ruhig. Nicht immer muss man in die Ferne reisen.\" \/>\n<meta name=\"robots\" content=\"index, follow, max-snippet:-1, max-image-preview:large, max-video-preview:-1\" \/>\n<link rel=\"canonical\" href=\"https:\/\/reiseblock.ch\/wordpress\/vor-lauter-baeumen-gubrist\/\" \/>\n<meta property=\"og:locale\" content=\"de_DE\" \/>\n<meta property=\"og:type\" content=\"article\" \/>\n<meta property=\"og:title\" content=\"Vor lauter B\u00e4umen ... auf dem Gubrist &#8211; Reiseblock\" \/>\n<meta property=\"og:description\" content=\"Der Wald auf dem Gubrist ist wie an vielen Orten, aber erstaunlich ruhig. Nicht immer muss man in die Ferne reisen.\" \/>\n<meta property=\"og:url\" content=\"https:\/\/reiseblock.ch\/wordpress\/vor-lauter-baeumen-gubrist\/\" \/>\n<meta property=\"og:site_name\" content=\"Reiseblock\" \/>\n<meta property=\"article:published_time\" content=\"2014-11-23T16:44:41+00:00\" \/>\n<meta property=\"article:modified_time\" content=\"2015-10-05T20:26:31+00:00\" \/>\n<meta property=\"og:image\" content=\"https:\/\/reiseblock.ch\/wordpress\/wp-content\/uploads\/2014\/11\/Wald_Web.jpg\" \/>\n\t<meta property=\"og:image:width\" content=\"1000\" \/>\n\t<meta property=\"og:image:height\" content=\"667\" \/>\n\t<meta property=\"og:image:type\" content=\"image\/jpeg\" \/>\n<meta name=\"author\" content=\"admin\" \/>\n<meta name=\"twitter:label1\" content=\"Verfasst von\" \/>\n\t<meta name=\"twitter:data1\" content=\"admin\" \/>\n\t<meta name=\"twitter:label2\" content=\"Gesch\u00e4tzte Lesezeit\" \/>\n\t<meta name=\"twitter:data2\" content=\"1\u00a0Minute\" \/>\n<script type=\"application\/ld+json\" class=\"yoast-schema-graph\">{\"@context\":\"https:\\\/\\\/schema.org\",\"@graph\":[{\"@type\":\"Article\",\"@id\":\"https:\\\/\\\/reiseblock.ch\\\/wordpress\\\/vor-lauter-baeumen-gubrist\\\/#article\",\"isPartOf\":{\"@id\":\"https:\\\/\\\/reiseblock.ch\\\/wordpress\\\/vor-lauter-baeumen-gubrist\\\/\"},\"author\":{\"name\":\"admin\",\"@id\":\"https:\\\/\\\/reiseblock.ch\\\/wordpress\\\/#\\\/schema\\\/person\\\/739b103f8e7941f579794d17e2187721\"},\"headline\":\"Vor lauter B\u00e4umen &#8230; auf dem Gubrist\",\"datePublished\":\"2014-11-23T16:44:41+00:00\",\"dateModified\":\"2015-10-05T20:26:31+00:00\",\"mainEntityOfPage\":{\"@id\":\"https:\\\/\\\/reiseblock.ch\\\/wordpress\\\/vor-lauter-baeumen-gubrist\\\/\"},\"wordCount\":152,\"commentCount\":0,\"publisher\":{\"@id\":\"https:\\\/\\\/reiseblock.ch\\\/wordpress\\\/#\\\/schema\\\/person\\\/eafba14374f16d5fa4f73efd49243014\"},\"image\":{\"@id\":\"https:\\\/\\\/reiseblock.ch\\\/wordpress\\\/vor-lauter-baeumen-gubrist\\\/#primaryimage\"},\"thumbnailUrl\":\"https:\\\/\\\/reiseblock.ch\\\/wordpress\\\/wp-content\\\/uploads\\\/2014\\\/11\\\/Wald_Web.jpg\",\"keywords\":[\"Herbst\",\"Wald\",\"Wandern\"],\"articleSection\":[\"Gesehen\"],\"inLanguage\":\"de\",\"potentialAction\":[{\"@type\":\"CommentAction\",\"name\":\"Comment\",\"target\":[\"https:\\\/\\\/reiseblock.ch\\\/wordpress\\\/vor-lauter-baeumen-gubrist\\\/#respond\"]}]},{\"@type\":\"WebPage\",\"@id\":\"https:\\\/\\\/reiseblock.ch\\\/wordpress\\\/vor-lauter-baeumen-gubrist\\\/\",\"url\":\"https:\\\/\\\/reiseblock.ch\\\/wordpress\\\/vor-lauter-baeumen-gubrist\\\/\",\"name\":\"Vor lauter B\u00e4umen ... auf dem Gubrist &#8211; Reiseblock\",\"isPartOf\":{\"@id\":\"https:\\\/\\\/reiseblock.ch\\\/wordpress\\\/#website\"},\"primaryImageOfPage\":{\"@id\":\"https:\\\/\\\/reiseblock.ch\\\/wordpress\\\/vor-lauter-baeumen-gubrist\\\/#primaryimage\"},\"image\":{\"@id\":\"https:\\\/\\\/reiseblock.ch\\\/wordpress\\\/vor-lauter-baeumen-gubrist\\\/#primaryimage\"},\"thumbnailUrl\":\"https:\\\/\\\/reiseblock.ch\\\/wordpress\\\/wp-content\\\/uploads\\\/2014\\\/11\\\/Wald_Web.jpg\",\"datePublished\":\"2014-11-23T16:44:41+00:00\",\"dateModified\":\"2015-10-05T20:26:31+00:00\",\"description\":\"Der Wald auf dem Gubrist ist wie an vielen Orten, aber erstaunlich ruhig. Nicht immer muss man in die Ferne reisen.\",\"breadcrumb\":{\"@id\":\"https:\\\/\\\/reiseblock.ch\\\/wordpress\\\/vor-lauter-baeumen-gubrist\\\/#breadcrumb\"},\"inLanguage\":\"de\",\"potentialAction\":[{\"@type\":\"ReadAction\",\"target\":[\"https:\\\/\\\/reiseblock.ch\\\/wordpress\\\/vor-lauter-baeumen-gubrist\\\/\"]}]},{\"@type\":\"ImageObject\",\"inLanguage\":\"de\",\"@id\":\"https:\\\/\\\/reiseblock.ch\\\/wordpress\\\/vor-lauter-baeumen-gubrist\\\/#primaryimage\",\"url\":\"https:\\\/\\\/reiseblock.ch\\\/wordpress\\\/wp-content\\\/uploads\\\/2014\\\/11\\\/Wald_Web.jpg\",\"contentUrl\":\"https:\\\/\\\/reiseblock.ch\\\/wordpress\\\/wp-content\\\/uploads\\\/2014\\\/11\\\/Wald_Web.jpg\",\"width\":1000,\"height\":667,\"caption\":\"Im Wald: wie es an vielen Orten sein k\u00f6nnte\"},{\"@type\":\"BreadcrumbList\",\"@id\":\"https:\\\/\\\/reiseblock.ch\\\/wordpress\\\/vor-lauter-baeumen-gubrist\\\/#breadcrumb\",\"itemListElement\":[{\"@type\":\"ListItem\",\"position\":1,\"name\":\"Home\",\"item\":\"https:\\\/\\\/reiseblock.ch\\\/wordpress\\\/\"},{\"@type\":\"ListItem\",\"position\":2,\"name\":\"Vor lauter B\u00e4umen &#8230; auf dem Gubrist\"}]},{\"@type\":\"WebSite\",\"@id\":\"https:\\\/\\\/reiseblock.ch\\\/wordpress\\\/#website\",\"url\":\"https:\\\/\\\/reiseblock.ch\\\/wordpress\\\/\",\"name\":\"Reiseblock\",\"description\":\"Ursula Kohlers ReiseWeise\",\"publisher\":{\"@id\":\"https:\\\/\\\/reiseblock.ch\\\/wordpress\\\/#\\\/schema\\\/person\\\/eafba14374f16d5fa4f73efd49243014\"},\"potentialAction\":[{\"@type\":\"SearchAction\",\"target\":{\"@type\":\"EntryPoint\",\"urlTemplate\":\"https:\\\/\\\/reiseblock.ch\\\/wordpress\\\/?s={search_term_string}\"},\"query-input\":{\"@type\":\"PropertyValueSpecification\",\"valueRequired\":true,\"valueName\":\"search_term_string\"}}],\"inLanguage\":\"de\"},{\"@type\":[\"Person\",\"Organization\"],\"@id\":\"https:\\\/\\\/reiseblock.ch\\\/wordpress\\\/#\\\/schema\\\/person\\\/eafba14374f16d5fa4f73efd49243014\",\"name\":\"Ursula Kohler\",\"image\":{\"@type\":\"ImageObject\",\"inLanguage\":\"de\",\"@id\":\"https:\\\/\\\/secure.gravatar.com\\\/avatar\\\/014d9b9a971f617638f4298cbb55f92d20b3bf0d1c9cc32f65333b2769bcf867?s=96&d=blank&r=g\",\"url\":\"https:\\\/\\\/secure.gravatar.com\\\/avatar\\\/014d9b9a971f617638f4298cbb55f92d20b3bf0d1c9cc32f65333b2769bcf867?s=96&d=blank&r=g\",\"contentUrl\":\"https:\\\/\\\/secure.gravatar.com\\\/avatar\\\/014d9b9a971f617638f4298cbb55f92d20b3bf0d1c9cc32f65333b2769bcf867?s=96&d=blank&r=g\",\"caption\":\"Ursula Kohler\"},\"logo\":{\"@id\":\"https:\\\/\\\/secure.gravatar.com\\\/avatar\\\/014d9b9a971f617638f4298cbb55f92d20b3bf0d1c9cc32f65333b2769bcf867?s=96&d=blank&r=g\"}},{\"@type\":\"Person\",\"@id\":\"https:\\\/\\\/reiseblock.ch\\\/wordpress\\\/#\\\/schema\\\/person\\\/739b103f8e7941f579794d17e2187721\",\"name\":\"admin\",\"image\":{\"@type\":\"ImageObject\",\"inLanguage\":\"de\",\"@id\":\"https:\\\/\\\/secure.gravatar.com\\\/avatar\\\/a0f702f22ecd58ce02800a54cb2055cabe1fa8d7cf75ab377ce2f2b8503f188c?s=96&d=blank&r=g\",\"url\":\"https:\\\/\\\/secure.gravatar.com\\\/avatar\\\/a0f702f22ecd58ce02800a54cb2055cabe1fa8d7cf75ab377ce2f2b8503f188c?s=96&d=blank&r=g\",\"contentUrl\":\"https:\\\/\\\/secure.gravatar.com\\\/avatar\\\/a0f702f22ecd58ce02800a54cb2055cabe1fa8d7cf75ab377ce2f2b8503f188c?s=96&d=blank&r=g\",\"caption\":\"admin\"},\"url\":\"https:\\\/\\\/reiseblock.ch\\\/wordpress\\\/author\\\/admin\\\/\"}]}<\/script>\n<!-- \/ Yoast SEO plugin. -->","yoast_head_json":{"title":"Vor lauter B\u00e4umen ... auf dem Gubrist &#8211; Reiseblock","description":"Der Wald auf dem Gubrist ist wie an vielen Orten, aber erstaunlich ruhig. Nicht immer muss man in die Ferne reisen.","robots":{"index":"index","follow":"follow","max-snippet":"max-snippet:-1","max-image-preview":"max-image-preview:large","max-video-preview":"max-video-preview:-1"},"canonical":"https:\/\/reiseblock.ch\/wordpress\/vor-lauter-baeumen-gubrist\/","og_locale":"de_DE","og_type":"article","og_title":"Vor lauter B\u00e4umen ... auf dem Gubrist &#8211; Reiseblock","og_description":"Der Wald auf dem Gubrist ist wie an vielen Orten, aber erstaunlich ruhig. Nicht immer muss man in die Ferne reisen.","og_url":"https:\/\/reiseblock.ch\/wordpress\/vor-lauter-baeumen-gubrist\/","og_site_name":"Reiseblock","article_published_time":"2014-11-23T16:44:41+00:00","article_modified_time":"2015-10-05T20:26:31+00:00","og_image":[{"width":1000,"height":667,"url":"https:\/\/reiseblock.ch\/wordpress\/wp-content\/uploads\/2014\/11\/Wald_Web.jpg","type":"image\/jpeg"}],"author":"admin","twitter_misc":{"Verfasst von":"admin","Gesch\u00e4tzte Lesezeit":"1\u00a0Minute"},"schema":{"@context":"https:\/\/schema.org","@graph":[{"@type":"Article","@id":"https:\/\/reiseblock.ch\/wordpress\/vor-lauter-baeumen-gubrist\/#article","isPartOf":{"@id":"https:\/\/reiseblock.ch\/wordpress\/vor-lauter-baeumen-gubrist\/"},"author":{"name":"admin","@id":"https:\/\/reiseblock.ch\/wordpress\/#\/schema\/person\/739b103f8e7941f579794d17e2187721"},"headline":"Vor lauter B\u00e4umen &#8230; auf dem Gubrist","datePublished":"2014-11-23T16:44:41+00:00","dateModified":"2015-10-05T20:26:31+00:00","mainEntityOfPage":{"@id":"https:\/\/reiseblock.ch\/wordpress\/vor-lauter-baeumen-gubrist\/"},"wordCount":152,"commentCount":0,"publisher":{"@id":"https:\/\/reiseblock.ch\/wordpress\/#\/schema\/person\/eafba14374f16d5fa4f73efd49243014"},"image":{"@id":"https:\/\/reiseblock.ch\/wordpress\/vor-lauter-baeumen-gubrist\/#primaryimage"},"thumbnailUrl":"https:\/\/reiseblock.ch\/wordpress\/wp-content\/uploads\/2014\/11\/Wald_Web.jpg","keywords":["Herbst","Wald","Wandern"],"articleSection":["Gesehen"],"inLanguage":"de","potentialAction":[{"@type":"CommentAction","name":"Comment","target":["https:\/\/reiseblock.ch\/wordpress\/vor-lauter-baeumen-gubrist\/#respond"]}]},{"@type":"WebPage","@id":"https:\/\/reiseblock.ch\/wordpress\/vor-lauter-baeumen-gubrist\/","url":"https:\/\/reiseblock.ch\/wordpress\/vor-lauter-baeumen-gubrist\/","name":"Vor lauter B\u00e4umen ... auf dem Gubrist &#8211; Reiseblock","isPartOf":{"@id":"https:\/\/reiseblock.ch\/wordpress\/#website"},"primaryImageOfPage":{"@id":"https:\/\/reiseblock.ch\/wordpress\/vor-lauter-baeumen-gubrist\/#primaryimage"},"image":{"@id":"https:\/\/reiseblock.ch\/wordpress\/vor-lauter-baeumen-gubrist\/#primaryimage"},"thumbnailUrl":"https:\/\/reiseblock.ch\/wordpress\/wp-content\/uploads\/2014\/11\/Wald_Web.jpg","datePublished":"2014-11-23T16:44:41+00:00","dateModified":"2015-10-05T20:26:31+00:00","description":"Der Wald auf dem Gubrist ist wie an vielen Orten, aber erstaunlich ruhig. Nicht immer muss man in die Ferne reisen.","breadcrumb":{"@id":"https:\/\/reiseblock.ch\/wordpress\/vor-lauter-baeumen-gubrist\/#breadcrumb"},"inLanguage":"de","potentialAction":[{"@type":"ReadAction","target":["https:\/\/reiseblock.ch\/wordpress\/vor-lauter-baeumen-gubrist\/"]}]},{"@type":"ImageObject","inLanguage":"de","@id":"https:\/\/reiseblock.ch\/wordpress\/vor-lauter-baeumen-gubrist\/#primaryimage","url":"https:\/\/reiseblock.ch\/wordpress\/wp-content\/uploads\/2014\/11\/Wald_Web.jpg","contentUrl":"https:\/\/reiseblock.ch\/wordpress\/wp-content\/uploads\/2014\/11\/Wald_Web.jpg","width":1000,"height":667,"caption":"Im Wald: wie es an vielen Orten sein k\u00f6nnte"},{"@type":"BreadcrumbList","@id":"https:\/\/reiseblock.ch\/wordpress\/vor-lauter-baeumen-gubrist\/#breadcrumb","itemListElement":[{"@type":"ListItem","position":1,"name":"Home","item":"https:\/\/reiseblock.ch\/wordpress\/"},{"@type":"ListItem","position":2,"name":"Vor lauter B\u00e4umen &#8230; auf dem Gubrist"}]},{"@type":"WebSite","@id":"https:\/\/reiseblock.ch\/wordpress\/#website","url":"https:\/\/reiseblock.ch\/wordpress\/","name":"Reiseblock","description":"Ursula Kohlers ReiseWeise","publisher":{"@id":"https:\/\/reiseblock.ch\/wordpress\/#\/schema\/person\/eafba14374f16d5fa4f73efd49243014"},"potentialAction":[{"@type":"SearchAction","target":{"@type":"EntryPoint","urlTemplate":"https:\/\/reiseblock.ch\/wordpress\/?s={search_term_string}"},"query-input":{"@type":"PropertyValueSpecification","valueRequired":true,"valueName":"search_term_string"}}],"inLanguage":"de"},{"@type":["Person","Organization"],"@id":"https:\/\/reiseblock.ch\/wordpress\/#\/schema\/person\/eafba14374f16d5fa4f73efd49243014","name":"Ursula Kohler","image":{"@type":"ImageObject","inLanguage":"de","@id":"https:\/\/secure.gravatar.com\/avatar\/014d9b9a971f617638f4298cbb55f92d20b3bf0d1c9cc32f65333b2769bcf867?s=96&d=blank&r=g","url":"https:\/\/secure.gravatar.com\/avatar\/014d9b9a971f617638f4298cbb55f92d20b3bf0d1c9cc32f65333b2769bcf867?s=96&d=blank&r=g","contentUrl":"https:\/\/secure.gravatar.com\/avatar\/014d9b9a971f617638f4298cbb55f92d20b3bf0d1c9cc32f65333b2769bcf867?s=96&d=blank&r=g","caption":"Ursula Kohler"},"logo":{"@id":"https:\/\/secure.gravatar.com\/avatar\/014d9b9a971f617638f4298cbb55f92d20b3bf0d1c9cc32f65333b2769bcf867?s=96&d=blank&r=g"}},{"@type":"Person","@id":"https:\/\/reiseblock.ch\/wordpress\/#\/schema\/person\/739b103f8e7941f579794d17e2187721","name":"admin","image":{"@type":"ImageObject","inLanguage":"de","@id":"https:\/\/secure.gravatar.com\/avatar\/a0f702f22ecd58ce02800a54cb2055cabe1fa8d7cf75ab377ce2f2b8503f188c?s=96&d=blank&r=g","url":"https:\/\/secure.gravatar.com\/avatar\/a0f702f22ecd58ce02800a54cb2055cabe1fa8d7cf75ab377ce2f2b8503f188c?s=96&d=blank&r=g","contentUrl":"https:\/\/secure.gravatar.com\/avatar\/a0f702f22ecd58ce02800a54cb2055cabe1fa8d7cf75ab377ce2f2b8503f188c?s=96&d=blank&r=g","caption":"admin"},"url":"https:\/\/reiseblock.ch\/wordpress\/author\/admin\/"}]}},"_links":{"self":[{"href":"https:\/\/reiseblock.ch\/wordpress\/wp-json\/wp\/v2\/posts\/1077","targetHints":{"allow":["GET"]}}],"collection":[{"href":"https:\/\/reiseblock.ch\/wordpress\/wp-json\/wp\/v2\/posts"}],"about":[{"href":"https:\/\/reiseblock.ch\/wordpress\/wp-json\/wp\/v2\/types\/post"}],"author":[{"embeddable":true,"href":"https:\/\/reiseblock.ch\/wordpress\/wp-json\/wp\/v2\/users\/1"}],"replies":[{"embeddable":true,"href":"https:\/\/reiseblock.ch\/wordpress\/wp-json\/wp\/v2\/comments?post=1077"}],"version-history":[{"count":11,"href":"https:\/\/reiseblock.ch\/wordpress\/wp-json\/wp\/v2\/posts\/1077\/revisions"}],"predecessor-version":[{"id":1419,"href":"https:\/\/reiseblock.ch\/wordpress\/wp-json\/wp\/v2\/posts\/1077\/revisions\/1419"}],"wp:featuredmedia":[{"embeddable":true,"href":"https:\/\/reiseblock.ch\/wordpress\/wp-json\/wp\/v2\/media\/1079"}],"wp:attachment":[{"href":"https:\/\/reiseblock.ch\/wordpress\/wp-json\/wp\/v2\/media?parent=1077"}],"wp:term":[{"taxonomy":"category","embeddable":true,"href":"https:\/\/reiseblock.ch\/wordpress\/wp-json\/wp\/v2\/categories?post=1077"},{"taxonomy":"post_tag","embeddable":true,"href":"https:\/\/reiseblock.ch\/wordpress\/wp-json\/wp\/v2\/tags?post=1077"}],"curies":[{"name":"wp","href":"https:\/\/api.w.org\/{rel}","templated":true}]}}