{"id":105,"date":"2008-09-23T14:57:05","date_gmt":"2008-09-23T14:57:05","guid":{"rendered":"http:\/\/reiseblock.ch\/wordpress\/?p=105"},"modified":"2017-05-24T10:47:29","modified_gmt":"2017-05-24T08:47:29","slug":"zelt-oder-wohnmobil","status":"publish","type":"post","link":"https:\/\/reiseblock.ch\/wordpress\/zelt-oder-wohnmobil\/","title":{"rendered":"Zelt oder Wohnmobil?"},"content":{"rendered":"<p><span style=\"font-family: Book Antiqua,Palatino; font-size: 12pt;\"><img loading=\"lazy\" decoding=\"async\" class=\"alignleft wp-image-1034 size-large\" src=\"http:\/\/reiseblock.ch\/wordpress\/wp-content\/uploads\/2008\/09\/Beitrag_15-1024x675.jpg\" alt=\"\" width=\"700\" height=\"461\" \/><\/span><\/p>\n<p>&nbsp;<\/p>\n<p><span style=\"font-family: Book Antiqua,Palatino; font-size: 12pt;\">Da wir dieses Jahr Badeferien nicht an einem fixen Ort verbringen wollten, buchten wir f\u00fcr unsere Kroatienferien drei verschiedene Pl\u00e4tze: <!--more--><\/span><\/p>\n<p><span style=\"font-size: 12pt; font-family: Book Antiqua,Palatino;\">Die ersten drei Tage verbrachten wir auf dem Campingplatz <a href=\"http:\/\/www.europasilvella.it\/de\/home\/\" target=\"_blank\" rel=\"noopener noreferrer\">Europa Silvella<\/a> am Gardasee in einem Caravan, die folgenden vier N\u00e4chte \u00fcbernachteten wir in einem Zelt von Eurocamp auf dem riesigen <a href=\"http:\/\/www.camping-adriatic.com\/de\/lanterna-camp-porec\" target=\"_blank\" rel=\"noopener noreferrer\">Campingplatz Lanterna<\/a> nahe bei Porec und die zweite Woche verbrachten wir in einem Bungalow im <a href=\"http:\/\/www.bivillage.com\/de\/\" target=\"_blank\" rel=\"noopener noreferrer\">Bi Village<\/a> bei Fazana. <\/span><\/p>\n<p><span style=\"font-size: 12pt; font-family: Book Antiqua,Palatino;\">Was hat uns am besten gefallen? Das Bungalow, obwohl die komfortabelste Unterkunft, die wir je am Meer hatten, jedenfalls nicht. \u00dcber den Aufenthalt im Zelt waren wir positiv \u00fcberrascht, auch was den Komfort anbelangt. Und obwohl es Hochsommer war, konnten wir rund ums Zelt unsere Siesta halten, weil die Zelte unter B\u00e4umen standen. W\u00e4re da nur nicht der Gang zur Toilette, dann w\u00e4re es auch f\u00fcr mich Favorit Nummer eins. Pers\u00f6nlich liebe ich das Leben auf dem Campingplatz, sch\u00e4tze aber inzwischen den Komfort eigener Sanit\u00e4reinrichtungen. Von daher ist ein Caravan, wenn er sch\u00f6n liegt, ideal. Eurocamp hat uns auch positiv \u00fcberrascht, die flexiblen Buchungen ab 3 Tagen findet man nicht so schnell wieder.<\/span><\/p>\n","protected":false},"excerpt":{"rendered":"<p>&nbsp; Da wir dieses Jahr Badeferien nicht an einem fixen Ort verbringen wollten, buchten wir f\u00fcr unsere Kroatienferien drei verschiedene Pl\u00e4tze:<\/p>\n","protected":false},"author":1,"featured_media":1034,"comment_status":"open","ping_status":"open","sticky":false,"template":"","format":"standard","meta":{"footnotes":""},"categories":[10],"tags":[107,106,105],"class_list":["post-105","post","type-post","status-publish","format-standard","has-post-thumbnail","hentry","category-erlebt","tag-badeferien","tag-campingplatz","tag-kroatien"],"yoast_head":"<!-- This site is optimized with the Yoast SEO plugin v27.8 - https:\/\/yoast.com\/product\/yoast-seo-wordpress\/ -->\n<title>Zelt oder Wohnmobil? &#8211; Reiseblock<\/title>\n<meta name=\"robots\" content=\"index, follow, max-snippet:-1, max-image-preview:large, max-video-preview:-1\" \/>\n<link rel=\"canonical\" href=\"https:\/\/reiseblock.ch\/wordpress\/zelt-oder-wohnmobil\/\" \/>\n<meta property=\"og:locale\" content=\"de_DE\" \/>\n<meta property=\"og:type\" content=\"article\" \/>\n<meta property=\"og:title\" content=\"Zelt oder Wohnmobil? &#8211; Reiseblock\" \/>\n<meta property=\"og:description\" content=\"&nbsp; Da wir dieses Jahr Badeferien nicht an einem fixen Ort verbringen wollten, buchten wir f\u00fcr unsere Kroatienferien drei verschiedene Pl\u00e4tze:\" \/>\n<meta property=\"og:url\" content=\"https:\/\/reiseblock.ch\/wordpress\/zelt-oder-wohnmobil\/\" \/>\n<meta property=\"og:site_name\" content=\"Reiseblock\" \/>\n<meta property=\"article:published_time\" content=\"2008-09-23T14:57:05+00:00\" \/>\n<meta property=\"article:modified_time\" content=\"2017-05-24T08:47:29+00:00\" \/>\n<meta property=\"og:image\" content=\"https:\/\/reiseblock.ch\/wordpress\/wp-content\/uploads\/2008\/09\/Beitrag_15-e1495615483696.jpg\" \/>\n\t<meta property=\"og:image:width\" content=\"800\" \/>\n\t<meta property=\"og:image:height\" content=\"527\" \/>\n\t<meta property=\"og:image:type\" content=\"image\/jpeg\" \/>\n<meta name=\"author\" content=\"admin\" \/>\n<meta name=\"twitter:label1\" content=\"Verfasst von\" \/>\n\t<meta name=\"twitter:data1\" content=\"admin\" \/>\n\t<meta name=\"twitter:label2\" content=\"Gesch\u00e4tzte Lesezeit\" \/>\n\t<meta name=\"twitter:data2\" content=\"1\u00a0Minute\" \/>\n<script type=\"application\/ld+json\" class=\"yoast-schema-graph\">{\"@context\":\"https:\\\/\\\/schema.org\",\"@graph\":[{\"@type\":\"Article\",\"@id\":\"https:\\\/\\\/reiseblock.ch\\\/wordpress\\\/zelt-oder-wohnmobil\\\/#article\",\"isPartOf\":{\"@id\":\"https:\\\/\\\/reiseblock.ch\\\/wordpress\\\/zelt-oder-wohnmobil\\\/\"},\"author\":{\"name\":\"admin\",\"@id\":\"https:\\\/\\\/reiseblock.ch\\\/wordpress\\\/#\\\/schema\\\/person\\\/739b103f8e7941f579794d17e2187721\"},\"headline\":\"Zelt oder Wohnmobil?\",\"datePublished\":\"2008-09-23T14:57:05+00:00\",\"dateModified\":\"2017-05-24T08:47:29+00:00\",\"mainEntityOfPage\":{\"@id\":\"https:\\\/\\\/reiseblock.ch\\\/wordpress\\\/zelt-oder-wohnmobil\\\/\"},\"wordCount\":196,\"commentCount\":1,\"publisher\":{\"@id\":\"https:\\\/\\\/reiseblock.ch\\\/wordpress\\\/#\\\/schema\\\/person\\\/eafba14374f16d5fa4f73efd49243014\"},\"image\":{\"@id\":\"https:\\\/\\\/reiseblock.ch\\\/wordpress\\\/zelt-oder-wohnmobil\\\/#primaryimage\"},\"thumbnailUrl\":\"https:\\\/\\\/reiseblock.ch\\\/wordpress\\\/wp-content\\\/uploads\\\/2008\\\/09\\\/Beitrag_15-e1495615483696.jpg\",\"keywords\":[\"Badeferien\",\"Campingplatz\",\"Kroatien\"],\"articleSection\":[\"Erlebt\"],\"inLanguage\":\"de\",\"potentialAction\":[{\"@type\":\"CommentAction\",\"name\":\"Comment\",\"target\":[\"https:\\\/\\\/reiseblock.ch\\\/wordpress\\\/zelt-oder-wohnmobil\\\/#respond\"]}]},{\"@type\":\"WebPage\",\"@id\":\"https:\\\/\\\/reiseblock.ch\\\/wordpress\\\/zelt-oder-wohnmobil\\\/\",\"url\":\"https:\\\/\\\/reiseblock.ch\\\/wordpress\\\/zelt-oder-wohnmobil\\\/\",\"name\":\"Zelt oder Wohnmobil? &#8211; Reiseblock\",\"isPartOf\":{\"@id\":\"https:\\\/\\\/reiseblock.ch\\\/wordpress\\\/#website\"},\"primaryImageOfPage\":{\"@id\":\"https:\\\/\\\/reiseblock.ch\\\/wordpress\\\/zelt-oder-wohnmobil\\\/#primaryimage\"},\"image\":{\"@id\":\"https:\\\/\\\/reiseblock.ch\\\/wordpress\\\/zelt-oder-wohnmobil\\\/#primaryimage\"},\"thumbnailUrl\":\"https:\\\/\\\/reiseblock.ch\\\/wordpress\\\/wp-content\\\/uploads\\\/2008\\\/09\\\/Beitrag_15-e1495615483696.jpg\",\"datePublished\":\"2008-09-23T14:57:05+00:00\",\"dateModified\":\"2017-05-24T08:47:29+00:00\",\"breadcrumb\":{\"@id\":\"https:\\\/\\\/reiseblock.ch\\\/wordpress\\\/zelt-oder-wohnmobil\\\/#breadcrumb\"},\"inLanguage\":\"de\",\"potentialAction\":[{\"@type\":\"ReadAction\",\"target\":[\"https:\\\/\\\/reiseblock.ch\\\/wordpress\\\/zelt-oder-wohnmobil\\\/\"]}]},{\"@type\":\"ImageObject\",\"inLanguage\":\"de\",\"@id\":\"https:\\\/\\\/reiseblock.ch\\\/wordpress\\\/zelt-oder-wohnmobil\\\/#primaryimage\",\"url\":\"https:\\\/\\\/reiseblock.ch\\\/wordpress\\\/wp-content\\\/uploads\\\/2008\\\/09\\\/Beitrag_15-e1495615483696.jpg\",\"contentUrl\":\"https:\\\/\\\/reiseblock.ch\\\/wordpress\\\/wp-content\\\/uploads\\\/2008\\\/09\\\/Beitrag_15-e1495615483696.jpg\",\"width\":800,\"height\":527},{\"@type\":\"BreadcrumbList\",\"@id\":\"https:\\\/\\\/reiseblock.ch\\\/wordpress\\\/zelt-oder-wohnmobil\\\/#breadcrumb\",\"itemListElement\":[{\"@type\":\"ListItem\",\"position\":1,\"name\":\"Home\",\"item\":\"https:\\\/\\\/reiseblock.ch\\\/wordpress\\\/\"},{\"@type\":\"ListItem\",\"position\":2,\"name\":\"Zelt oder Wohnmobil?\"}]},{\"@type\":\"WebSite\",\"@id\":\"https:\\\/\\\/reiseblock.ch\\\/wordpress\\\/#website\",\"url\":\"https:\\\/\\\/reiseblock.ch\\\/wordpress\\\/\",\"name\":\"Reiseblock\",\"description\":\"Ursula Kohlers ReiseWeise\",\"publisher\":{\"@id\":\"https:\\\/\\\/reiseblock.ch\\\/wordpress\\\/#\\\/schema\\\/person\\\/eafba14374f16d5fa4f73efd49243014\"},\"potentialAction\":[{\"@type\":\"SearchAction\",\"target\":{\"@type\":\"EntryPoint\",\"urlTemplate\":\"https:\\\/\\\/reiseblock.ch\\\/wordpress\\\/?s={search_term_string}\"},\"query-input\":{\"@type\":\"PropertyValueSpecification\",\"valueRequired\":true,\"valueName\":\"search_term_string\"}}],\"inLanguage\":\"de\"},{\"@type\":[\"Person\",\"Organization\"],\"@id\":\"https:\\\/\\\/reiseblock.ch\\\/wordpress\\\/#\\\/schema\\\/person\\\/eafba14374f16d5fa4f73efd49243014\",\"name\":\"Ursula Kohler\",\"image\":{\"@type\":\"ImageObject\",\"inLanguage\":\"de\",\"@id\":\"https:\\\/\\\/secure.gravatar.com\\\/avatar\\\/014d9b9a971f617638f4298cbb55f92d20b3bf0d1c9cc32f65333b2769bcf867?s=96&d=blank&r=g\",\"url\":\"https:\\\/\\\/secure.gravatar.com\\\/avatar\\\/014d9b9a971f617638f4298cbb55f92d20b3bf0d1c9cc32f65333b2769bcf867?s=96&d=blank&r=g\",\"contentUrl\":\"https:\\\/\\\/secure.gravatar.com\\\/avatar\\\/014d9b9a971f617638f4298cbb55f92d20b3bf0d1c9cc32f65333b2769bcf867?s=96&d=blank&r=g\",\"caption\":\"Ursula Kohler\"},\"logo\":{\"@id\":\"https:\\\/\\\/secure.gravatar.com\\\/avatar\\\/014d9b9a971f617638f4298cbb55f92d20b3bf0d1c9cc32f65333b2769bcf867?s=96&d=blank&r=g\"}},{\"@type\":\"Person\",\"@id\":\"https:\\\/\\\/reiseblock.ch\\\/wordpress\\\/#\\\/schema\\\/person\\\/739b103f8e7941f579794d17e2187721\",\"name\":\"admin\",\"image\":{\"@type\":\"ImageObject\",\"inLanguage\":\"de\",\"@id\":\"https:\\\/\\\/secure.gravatar.com\\\/avatar\\\/a0f702f22ecd58ce02800a54cb2055cabe1fa8d7cf75ab377ce2f2b8503f188c?s=96&d=blank&r=g\",\"url\":\"https:\\\/\\\/secure.gravatar.com\\\/avatar\\\/a0f702f22ecd58ce02800a54cb2055cabe1fa8d7cf75ab377ce2f2b8503f188c?s=96&d=blank&r=g\",\"contentUrl\":\"https:\\\/\\\/secure.gravatar.com\\\/avatar\\\/a0f702f22ecd58ce02800a54cb2055cabe1fa8d7cf75ab377ce2f2b8503f188c?s=96&d=blank&r=g\",\"caption\":\"admin\"},\"url\":\"https:\\\/\\\/reiseblock.ch\\\/wordpress\\\/author\\\/admin\\\/\"}]}<\/script>\n<!-- \/ Yoast SEO plugin. -->","yoast_head_json":{"title":"Zelt oder Wohnmobil? &#8211; Reiseblock","robots":{"index":"index","follow":"follow","max-snippet":"max-snippet:-1","max-image-preview":"max-image-preview:large","max-video-preview":"max-video-preview:-1"},"canonical":"https:\/\/reiseblock.ch\/wordpress\/zelt-oder-wohnmobil\/","og_locale":"de_DE","og_type":"article","og_title":"Zelt oder Wohnmobil? &#8211; Reiseblock","og_description":"&nbsp; Da wir dieses Jahr Badeferien nicht an einem fixen Ort verbringen wollten, buchten wir f\u00fcr unsere Kroatienferien drei verschiedene Pl\u00e4tze:","og_url":"https:\/\/reiseblock.ch\/wordpress\/zelt-oder-wohnmobil\/","og_site_name":"Reiseblock","article_published_time":"2008-09-23T14:57:05+00:00","article_modified_time":"2017-05-24T08:47:29+00:00","og_image":[{"width":800,"height":527,"url":"https:\/\/reiseblock.ch\/wordpress\/wp-content\/uploads\/2008\/09\/Beitrag_15-e1495615483696.jpg","type":"image\/jpeg"}],"author":"admin","twitter_misc":{"Verfasst von":"admin","Gesch\u00e4tzte Lesezeit":"1\u00a0Minute"},"schema":{"@context":"https:\/\/schema.org","@graph":[{"@type":"Article","@id":"https:\/\/reiseblock.ch\/wordpress\/zelt-oder-wohnmobil\/#article","isPartOf":{"@id":"https:\/\/reiseblock.ch\/wordpress\/zelt-oder-wohnmobil\/"},"author":{"name":"admin","@id":"https:\/\/reiseblock.ch\/wordpress\/#\/schema\/person\/739b103f8e7941f579794d17e2187721"},"headline":"Zelt oder Wohnmobil?","datePublished":"2008-09-23T14:57:05+00:00","dateModified":"2017-05-24T08:47:29+00:00","mainEntityOfPage":{"@id":"https:\/\/reiseblock.ch\/wordpress\/zelt-oder-wohnmobil\/"},"wordCount":196,"commentCount":1,"publisher":{"@id":"https:\/\/reiseblock.ch\/wordpress\/#\/schema\/person\/eafba14374f16d5fa4f73efd49243014"},"image":{"@id":"https:\/\/reiseblock.ch\/wordpress\/zelt-oder-wohnmobil\/#primaryimage"},"thumbnailUrl":"https:\/\/reiseblock.ch\/wordpress\/wp-content\/uploads\/2008\/09\/Beitrag_15-e1495615483696.jpg","keywords":["Badeferien","Campingplatz","Kroatien"],"articleSection":["Erlebt"],"inLanguage":"de","potentialAction":[{"@type":"CommentAction","name":"Comment","target":["https:\/\/reiseblock.ch\/wordpress\/zelt-oder-wohnmobil\/#respond"]}]},{"@type":"WebPage","@id":"https:\/\/reiseblock.ch\/wordpress\/zelt-oder-wohnmobil\/","url":"https:\/\/reiseblock.ch\/wordpress\/zelt-oder-wohnmobil\/","name":"Zelt oder Wohnmobil? &#8211; Reiseblock","isPartOf":{"@id":"https:\/\/reiseblock.ch\/wordpress\/#website"},"primaryImageOfPage":{"@id":"https:\/\/reiseblock.ch\/wordpress\/zelt-oder-wohnmobil\/#primaryimage"},"image":{"@id":"https:\/\/reiseblock.ch\/wordpress\/zelt-oder-wohnmobil\/#primaryimage"},"thumbnailUrl":"https:\/\/reiseblock.ch\/wordpress\/wp-content\/uploads\/2008\/09\/Beitrag_15-e1495615483696.jpg","datePublished":"2008-09-23T14:57:05+00:00","dateModified":"2017-05-24T08:47:29+00:00","breadcrumb":{"@id":"https:\/\/reiseblock.ch\/wordpress\/zelt-oder-wohnmobil\/#breadcrumb"},"inLanguage":"de","potentialAction":[{"@type":"ReadAction","target":["https:\/\/reiseblock.ch\/wordpress\/zelt-oder-wohnmobil\/"]}]},{"@type":"ImageObject","inLanguage":"de","@id":"https:\/\/reiseblock.ch\/wordpress\/zelt-oder-wohnmobil\/#primaryimage","url":"https:\/\/reiseblock.ch\/wordpress\/wp-content\/uploads\/2008\/09\/Beitrag_15-e1495615483696.jpg","contentUrl":"https:\/\/reiseblock.ch\/wordpress\/wp-content\/uploads\/2008\/09\/Beitrag_15-e1495615483696.jpg","width":800,"height":527},{"@type":"BreadcrumbList","@id":"https:\/\/reiseblock.ch\/wordpress\/zelt-oder-wohnmobil\/#breadcrumb","itemListElement":[{"@type":"ListItem","position":1,"name":"Home","item":"https:\/\/reiseblock.ch\/wordpress\/"},{"@type":"ListItem","position":2,"name":"Zelt oder Wohnmobil?"}]},{"@type":"WebSite","@id":"https:\/\/reiseblock.ch\/wordpress\/#website","url":"https:\/\/reiseblock.ch\/wordpress\/","name":"Reiseblock","description":"Ursula Kohlers ReiseWeise","publisher":{"@id":"https:\/\/reiseblock.ch\/wordpress\/#\/schema\/person\/eafba14374f16d5fa4f73efd49243014"},"potentialAction":[{"@type":"SearchAction","target":{"@type":"EntryPoint","urlTemplate":"https:\/\/reiseblock.ch\/wordpress\/?s={search_term_string}"},"query-input":{"@type":"PropertyValueSpecification","valueRequired":true,"valueName":"search_term_string"}}],"inLanguage":"de"},{"@type":["Person","Organization"],"@id":"https:\/\/reiseblock.ch\/wordpress\/#\/schema\/person\/eafba14374f16d5fa4f73efd49243014","name":"Ursula Kohler","image":{"@type":"ImageObject","inLanguage":"de","@id":"https:\/\/secure.gravatar.com\/avatar\/014d9b9a971f617638f4298cbb55f92d20b3bf0d1c9cc32f65333b2769bcf867?s=96&d=blank&r=g","url":"https:\/\/secure.gravatar.com\/avatar\/014d9b9a971f617638f4298cbb55f92d20b3bf0d1c9cc32f65333b2769bcf867?s=96&d=blank&r=g","contentUrl":"https:\/\/secure.gravatar.com\/avatar\/014d9b9a971f617638f4298cbb55f92d20b3bf0d1c9cc32f65333b2769bcf867?s=96&d=blank&r=g","caption":"Ursula Kohler"},"logo":{"@id":"https:\/\/secure.gravatar.com\/avatar\/014d9b9a971f617638f4298cbb55f92d20b3bf0d1c9cc32f65333b2769bcf867?s=96&d=blank&r=g"}},{"@type":"Person","@id":"https:\/\/reiseblock.ch\/wordpress\/#\/schema\/person\/739b103f8e7941f579794d17e2187721","name":"admin","image":{"@type":"ImageObject","inLanguage":"de","@id":"https:\/\/secure.gravatar.com\/avatar\/a0f702f22ecd58ce02800a54cb2055cabe1fa8d7cf75ab377ce2f2b8503f188c?s=96&d=blank&r=g","url":"https:\/\/secure.gravatar.com\/avatar\/a0f702f22ecd58ce02800a54cb2055cabe1fa8d7cf75ab377ce2f2b8503f188c?s=96&d=blank&r=g","contentUrl":"https:\/\/secure.gravatar.com\/avatar\/a0f702f22ecd58ce02800a54cb2055cabe1fa8d7cf75ab377ce2f2b8503f188c?s=96&d=blank&r=g","caption":"admin"},"url":"https:\/\/reiseblock.ch\/wordpress\/author\/admin\/"}]}},"_links":{"self":[{"href":"https:\/\/reiseblock.ch\/wordpress\/wp-json\/wp\/v2\/posts\/105","targetHints":{"allow":["GET"]}}],"collection":[{"href":"https:\/\/reiseblock.ch\/wordpress\/wp-json\/wp\/v2\/posts"}],"about":[{"href":"https:\/\/reiseblock.ch\/wordpress\/wp-json\/wp\/v2\/types\/post"}],"author":[{"embeddable":true,"href":"https:\/\/reiseblock.ch\/wordpress\/wp-json\/wp\/v2\/users\/1"}],"replies":[{"embeddable":true,"href":"https:\/\/reiseblock.ch\/wordpress\/wp-json\/wp\/v2\/comments?post=105"}],"version-history":[{"count":10,"href":"https:\/\/reiseblock.ch\/wordpress\/wp-json\/wp\/v2\/posts\/105\/revisions"}],"predecessor-version":[{"id":1870,"href":"https:\/\/reiseblock.ch\/wordpress\/wp-json\/wp\/v2\/posts\/105\/revisions\/1870"}],"wp:featuredmedia":[{"embeddable":true,"href":"https:\/\/reiseblock.ch\/wordpress\/wp-json\/wp\/v2\/media\/1034"}],"wp:attachment":[{"href":"https:\/\/reiseblock.ch\/wordpress\/wp-json\/wp\/v2\/media?parent=105"}],"wp:term":[{"taxonomy":"category","embeddable":true,"href":"https:\/\/reiseblock.ch\/wordpress\/wp-json\/wp\/v2\/categories?post=105"},{"taxonomy":"post_tag","embeddable":true,"href":"https:\/\/reiseblock.ch\/wordpress\/wp-json\/wp\/v2\/tags?post=105"}],"curies":[{"name":"wp","href":"https:\/\/api.w.org\/{rel}","templated":true}]}}